{"id":213377,"date":"2026-09-02T22:38:07","date_gmt":"2026-09-02T22:38:07","guid":{"rendered":"https:\/\/www.europesays.com\/si\/213377\/"},"modified":"2026-09-02T22:38:07","modified_gmt":"2026-09-02T22:38:07","slug":"pogacarja-dva-dni-po-zahtevnejsi-operaciji-odpustili-iz-bolnisnice","status":"publish","type":"post","link":"https:\/\/www.europesays.com\/si\/213377\/","title":{"rendered":"Poga\u010darja dva dni po zahtevnej\u0161i operaciji odpustili iz bolni\u0161nice"},"content":{"rendered":"<p>Tadej Poga\u010dar je v sredo, dva dni po operaciji zlomljene leve klju\u010dnice, zapustil univerzitetno bolni\u0161nico Dexeus v Barceloni in se vrnil domov v Monaco. Poseg, ki ga je v ponedeljek opravil priznani ortopedski kirurg Xavier Mir, je bil zahtevnej\u0161i, kot so sprva pri\u010dakovali, a je potekal uspe\u0161no. Slovenskega kolesarskega \u0161ampiona zdaj \u010daka naslednja faza okrevanja, ki jo bo nadaljeval pod nadzorom zdravni\u0161ke slu\u017ebe UAE Team Emirates-XRG. Kot je marsikdo opazil, Tadej ob prihodu v svoj drugi dom ni nosil vratne opornice, kar je morda dober znak.<\/p>\n<p>Spodnjo objavo\u00a0Poga\u010darja in njegovega prijatelja in maserja \u017dige Jermana je na IG v sredo pozno zve\u010der delila njegova partnerka Ur\u0161ka \u017digart.<\/p>\n<p><img decoding=\"async\" class=\"article_content__inline_video_poster\" loading=\"lazy\" src=\"https:\/\/www.europesays.com\/si\/wp-content\/uploads\/2026\/09\/2799482-fhd-6a9887e9c34e6-1788381161.jpg\"\/><\/p>\n<p>Tadej Poga\u010dar se je huje po\u0161kodoval v sobotni osmi etapi Dirke po \u0160paniji, ko je pribli\u017eno 32 kilometrov pred ciljem zaradi predmeta na cesti\u0161\u010du, ki ga v glavnini ni opazil, grdo padel. Utrpel je pretres mo\u017eganov, premaknjen zlom leve klju\u010dnice, stabilen zlom sedmega vratnega vretenca C7 in \u0161tevilne odrgnine.<\/p>\n<p>Prav zaradi pretresa mo\u017eganov zdravniki z operacijo niso hiteli. Najprej so \u017eeleli spremljati njegovo stanje in po\u010dakati, da dobi zeleno lu\u010d za poseg. Operiran je bil v ponedeljek, 31. avgusta, v barcelonski bolni\u0161nici Dexeus.<\/p>\n<p dir=\"ltr\" lang=\"en\">Info <a href=\"https:\/\/x.com\/Gazzetta_it?ref_src=twsrc%5Etfw\" rel=\"nofollow\">@Gazzetta_it<\/a> &#8211; Today <a href=\"https:\/\/x.com\/TamauPogi?ref_src=twsrc%5Etfw\" rel=\"nofollow\">@TamauPogi<\/a> leaves Hospital Dexeus in Barcelona and will be back home, sources confirmed us, after surgery held on monday <a href=\"https:\/\/x.com\/cycling_podcast?ref_src=twsrc%5Etfw\" rel=\"nofollow\">@cycling_podcast<\/a><\/p>\n<p>\u2014 Ciro Scognamiglio (@cirogazzetta) <a href=\"https:\/\/x.com\/cirogazzetta\/status\/2095129557682573602?ref_src=twsrc%5Etfw\" rel=\"nofollow\">September 2, 2026<\/a><\/p>\n<p>Vijaki in plo\u0161\u010dice<\/p>\n<p>Operacijo je opravil priznani ortopedski kirurg Xavier Mir, specialist za po\u0161kodbe zgornjih okon\u010din, ki je v svoji karieri operiral \u0161tevilne vrhunske \u0161portnike, med drugim tudi motocikliste iz elitnega razreda MotoGP.<\/p>\n<p>\u010ceprav je bil poseg po poro\u010danju La Gazzette dello Sport nekoliko zahtevnej\u0161i od prvotnih pri\u010dakovanj (za rekonstrukcijo po\u0161kodovane klju\u010dnice so bili potrebni vijaki in plo\u0161\u010dice), je bil uspe\u0161en. Poga\u010dar je tako v sredo \u017ee\u00a0lahko zapustil bolni\u0161nico in se vrnil v Monako, kjer ga \u010dakata po\u010ditek in za\u010detek rehabilitacije.<\/p>\n<p>Slovenija ali Monaco?<\/p>\n<p>Lokalni\u00a0katalonski\u00a0\u010dasopis\u00a0El Peri\u00f3dico poro\u010da, da so Poga\u010darja med bivanjem v bolni\u0161nici prek videoklicev spodbujali mo\u0161tveni kolegi, \u010dlani strokovnega \u0161taba in vodilni predstavniki ekipe UAE Team Emirates-XRG. Po navedbah \u010dasnika naj bi se po odpustu najverjetneje vrnil v Slovenijo, kjer bo med okrevanjem z\u00a0dru\u017eino.<\/p>\n<p>Konec Vuelte, konec sezone?<\/p>\n<p>Hud padec je pomenil tudi konec Poga\u010darjevega nastopa na Vuelti, kjer je bil do osme etape vodilni v skupnem se\u0161tevku in je dobil tri od prvih osmih etap. Prvi\u010d v karieri se mu je zgodilo, da etapne dirke ni pripeljal do konca.<\/p>\n<p>Kar zadeva program, ki sledi, je zdaj najve\u010dje vpra\u0161anje, ali bo Poga\u010dar letos sploh \u0161e tekmoval. Po Vuelti je imel na programu \u0161e tri pomembne cilje, ki pa se vse bolj odmikajo. Svetovno prvenstvo v Kanadi bo na sporedu 27. septembra, cestna dirka evropskega\u00a0prvenstva\u00a0v Sloveniji 4. oktobra, Dirka po Lombardiji pa 10. oktobra.<\/p>\n<p>Preberite \u0161e:<\/p>\n","protected":false},"excerpt":{"rendered":"Tadej Poga\u010dar je v sredo, dva dni po operaciji zlomljene leve klju\u010dnice, zapustil univerzitetno bolni\u0161nico Dexeus v Barceloni&hellip;\n","protected":false},"author":2,"featured_media":213378,"comment_status":"","ping_status":"","sticky":false,"template":"","format":"standard","meta":{"footnotes":"","_share_on_mastodon":"0"},"categories":[16],"tags":[24180,816,62,37,58,60,38,94,93,1874,24726],"class_list":["post-213377","post","type-post","status-publish","format-standard","has-post-thumbnail","category-sport","tag-dirka-po-spaniji","tag-poskodba","tag-si","tag-slovene","tag-slovenia","tag-slovenija","tag-slovenscina","tag-sport","tag-sports","tag-tadej-pogacar","tag-vuelta"],"share_on_mastodon":{"url":"https:\/\/pubeurope.com\/@si\/117203848897013370","error":""},"_links":{"self":[{"href":"https:\/\/www.europesays.com\/si\/wp-json\/wp\/v2\/posts\/213377","targetHints":{"allow":["GET"]}}],"collection":[{"href":"https:\/\/www.europesays.com\/si\/wp-json\/wp\/v2\/posts"}],"about":[{"href":"https:\/\/www.europesays.com\/si\/wp-json\/wp\/v2\/types\/post"}],"author":[{"embeddable":true,"href":"https:\/\/www.europesays.com\/si\/wp-json\/wp\/v2\/users\/2"}],"replies":[{"embeddable":true,"href":"https:\/\/www.europesays.com\/si\/wp-json\/wp\/v2\/comments?post=213377"}],"version-history":[{"count":0,"href":"https:\/\/www.europesays.com\/si\/wp-json\/wp\/v2\/posts\/213377\/revisions"}],"wp:featuredmedia":[{"embeddable":true,"href":"https:\/\/www.europesays.com\/si\/wp-json\/wp\/v2\/media\/213378"}],"wp:attachment":[{"href":"https:\/\/www.europesays.com\/si\/wp-json\/wp\/v2\/media?parent=213377"}],"wp:term":[{"taxonomy":"category","embeddable":true,"href":"https:\/\/www.europesays.com\/si\/wp-json\/wp\/v2\/categories?post=213377"},{"taxonomy":"post_tag","embeddable":true,"href":"https:\/\/www.europesays.com\/si\/wp-json\/wp\/v2\/tags?post=213377"}],"curies":[{"name":"wp","href":"https:\/\/api.w.org\/{rel}","templated":true}]}}