{"id":213381,"date":"2026-09-02T22:41:09","date_gmt":"2026-09-02T22:41:09","guid":{"rendered":"https:\/\/www.europesays.com\/si\/213381\/"},"modified":"2026-09-02T22:41:09","modified_gmt":"2026-09-02T22:41:09","slug":"evropa-ne-bo-tolerirala-ruske-hibridne-vojne","status":"publish","type":"post","link":"https:\/\/www.europesays.com\/si\/213381\/","title":{"rendered":"Evropa ne bo tolerirala ruske hibridne vojne"},"content":{"rendered":"<p>    <img decoding=\"async\" data-lb-desktop=\"\/media\/2026\/09\/02\/860010\/Orig-2026-09-02T114659Z_1205999412_RC2ZANA0YG5V_RTRMADP_5_GERMANY-SECURITY-BERGHEIM-1200.webp\" data-lb-mobile=\"\/media\/2026\/09\/02\/860010\/Orig-2026-09-02T114659Z_1205999412_RC2ZANA0YG5V_RTRMADP_5_GERMANY-SECURITY-BERGHEIM-600.webp\" class=\"main-gallery-image se_image_lb\" src=\"https:\/\/www.europesays.com\/si\/wp-content\/uploads\/2026\/09\/Wide-2026-09-02T114659Z_1205999412_RC2ZANA0YG5V_RTRMADP_5_GERMANY-SECURITY-BERGHEIM-1000.webp\" alt=\"German police officers search a field near a power plant after a second sabotage attempt on Germany's electricity grid, with local police saying they are investigating an attack on a substation in Bergheim, Germany, September 2, 2026. REUTERS\/Thilo Schmuelgen\"\/><\/p>\n<p>Nem\u0161ki policisti preiskujejo polje v bli\u017eini elektrarne po drugem poskusu sabota\u017ee na nem\u0161kem elektroenergetskem omre\u017eju. Tokrat so nepridipravi napadli transformatorsko postajo v Bergheimu. Foto: Reuters<\/p>\n<p>Evropa ne bo tolerirala ruske hibridne vojne<\/p>\n<p>Evropska unija se bo na nedavni incident z dronom v Leipzigu odzvala z novim obse\u017enim sankcijskim paketom proti Rusiji. Sedemindvajseterica in Nato solidarno stojita za Nem\u010dijo, ki vse bolj postaja tar\u010da ruskih hibridnih napadov.<\/p>\n<p>                        03. 09. 2026, 00.00\n                    <\/p>\n<p> Ale\u0161 Gaube\n                    <\/p>\n<p>                        <a href=\"https:\/\/google.com\/preferences\/source?q=dnevnik.si\" class=\"se-author-gps-cta\" target=\"_blank\" rel=\"nofollow noopener\"><br \/>\n                            <img decoding=\"async\" class=\"se-author-gps-cta-badge\" src=\"https:\/\/www.europesays.com\/si\/wp-content\/uploads\/2026\/09\/1788388868_8_dnevnik_gps_badge.png\" alt=\"Google Preferred Sources CTA\"\/><br \/>\n                        <\/a><\/p>\n<p>Zaradi incidenta z dronom, ki je bil napolnjen z eksplozivom, a mu na letali\u0161\u010du v Leipzigu, ki ga Nato in Ukrajina uporabljata kot eno svojih prometnih vozli\u0161\u010d, ni uspelo povzro\u010diti \u0161kode, se zdaj mo\u010dno iskrijo odnosi med Rusijo in Nem\u010dijo. Uradne nem\u0161ke oblasti so za avgustovski incident po temeljiti analizi obto\u017eile Rusijo. Uvedle so ve\u010d simboli\u010dnih sankcij proti Rusiji, ki o\u010ditno stopnjuje svojo hibridno vojno v Evropi. Nem\u010dija dobiva podporo iz vse Evrope, tudi vrha evropske komisije in Nata.<\/p>\n<p>Predsednica evropske komisije Ursula von der Leyen in generalni sekretar Nata Mark Rutte sta danes Nem\u010diji zagotovila polno solidarnost, Ukrajini pa nadaljevanje vse podpore, ki jo potrebuje. \u00bb\u010ce je bil incident namenjen temu, da bi podvomili o podpori Ukrajini, se je prav nasprotno moja podpora zgolj \u0161e utrdila,\u00ab je poudarila von der Leynova, ki je tudi ugotavljala, da \u010de bi napad v Leipzigu uspel, bi to privedlo do velike \u0161kode in smrtnih \u017ertev. \u00bbTo je bil napad z uporabo voja\u0161kih sredstev, ki so ga izvedli ruski operativci na evropskih tleh. Tega ne bomo tolerirali,\u00ab je bila odlo\u010dna von der Leynova. Po poro\u010danju nem\u0161kih medijev so nem\u0161ke oblasti identificirale osumljenca za napad v Leipzigu \u2013 to naj bi bila latvijski dr\u017eavljan, rojen v Rusiji, in ruski dr\u017eavljan iz Belorusije.<\/p>\n<p>EU in Nato ne bosta zgolj ohranila pritiska na Rusijo, temve\u010d ga bosta okrepila, dokler Rusija ne bo kon\u010dala pobijanja nedol\u017enih otrok, mo\u0161kih in \u017eensk v Ukrajini.<\/p>\n<p>Ursula von der Leyen, predsednica evropske komisije<\/p>\n<p>Vse pogosteje se pojavljajo razmi\u0161ljanja analitikov, da bi Moskva utegnila zaradi stopicanja na mestu v Ukrajini raz\u0161iriti svojo vojno tudi proti evropskim dr\u017eavam prav s takimi incidenti, kot se je zgodil v Leipzigu. Ve\u010dje gorje je takrat prepre\u010dil voznik avtobusa na letali\u0161\u010du, ki je brcnil v lebde\u010di dron med hangarji in ga tako prisilil k strmoglavljenju.<\/p>\n<p>Incident v Leipzigu je von der Leynova ozna\u010dila kot rusko eskalacijo na evropskih tleh, ki sledi vzorcu vdorov v evropski zra\u010dni prostor, dronov, ki motijo zra\u010dni promet, in napadov na kriti\u010dno infrastrukturo. Dr\u017eave je pozvala k bolj\u0161i obrambi slednje in napovedala vso pomo\u010d Unije vsaki \u010dlanici, ki bi bila soo\u010dena s tak\u0161nimi incidenti. Generalni sekretar Nata Mark Rutte je ob tem zagotovil, da zavezni\u0161tvo po\u010dne vse v svojih mo\u010deh, da bi zagotovilo varnost dr\u017eavljanov \u010dlanic.<\/p>\n<p>Simboli\u010dne sankcije<\/p>\n<p>Nem\u010dija je proti Rusiji odgovorila s simboli\u010dnimi sankcijami, pri\u010dakovale pa so se obse\u017enej\u0161e evropske, za kar je med zunanjimi ministri EU, ki se danes sre\u010dujejo na neformalnem sre\u010danju v Dublinu, vladalo \u0161iroko strinjanje. \u00bbVidimo veliko podporo in enotnost znotraj EU. Evropa stoji skupaj,\u00ab je bil zadovoljen nem\u0161ki zunanji minister Johann Wadephul. Kot je dejal, je Nem\u010dija skrbno pripravila sankcije. Rusija mora zdaj spoznati, da je njihov poskus uporabe sile spodletel. Zaradi eskalacije, ki so se je lotili, morajo zdaj \u017eiveti s posledicami, je ocenjeval nem\u0161ki zunanji minister, ki je dodal, da so sankcije proti Rusiji skrbno dolo\u010dili.<\/p>\n<p>    <a class=\"se-card__wrap se-card--link\" href=\"https:\/\/www.dnevnik.si\/novice\/slovenija\/slovenija-po-incidentu-z-dronom-v-leipzigu-izrazila-solidarnost-z-nemcijo-2825279\/\" data-upscore-url=\"\" rel=\"nofollow noopener\" target=\"_blank\"><\/p>\n<p>        <img decoding=\"async\" class=\"se-image se-image--card\" src=\"https:\/\/www.europesays.com\/si\/wp-content\/uploads\/2026\/09\/Wide-2026-08-05T124304Z_18579406_RC2CSMALEKT1_RTRMADP_5_GERMANY-SECURITY-AIRPORT-DHL-400.webp\" alt=\"Police officers work in the vicinity of an Antonov cargo plane, near which a drone was found, at Leipzig\/Halle Airport in Schkeuditz, Germany, August 5, 2026, after the police said explosives experts examined a drone near a runway, and after a DHL cargo aircraft hit an unknown object as it was climbing away from the airport overnight, prompting an unscheduled landing in Hanover, according to a source familiar with the incident. REUTERS\/Axel Schmidt\"\/><\/p>\n<p>odziv<\/p>\n<p>Slovenija po incidentu izrazila solidarnost z Nem\u010dijo, Putin: &#8220;Nem\u0161ki ukrepi so napaka&#8221;<\/p>\n<p>    <\/a><\/p>\n<p>Nem\u010dija se je v odziv na incident odlo\u010dila za zaprtje ruskega konzulata v Bonnu, prav tako bodo prekinili najemno pogodbo za Rusko hi\u0161o \u2013 ruski kulturni center v Berlinu. Varnostni organi bodo bolj pozorni pri nadzoru ruskih dr\u017eavljanov, ki vstopajo v Nem\u010dijo. Dodatno pa se obeta nov gospodarski pritisk na Rusijo z okrepitvijo sankcij proti ruski floti v senci, kar podpirajo tudi v Parizu. \u00bbNismo v vojni, vendar smo vsak dan tar\u010da hibridnega vojskovanja,\u00ab je ocenjeval nem\u0161ki notranji minister Alexander Dobrindt. Minister je mislil na kombinacijo voja\u0161kih, gospodarskih, obve\u0161\u010devalnih in propagandnih sredstev, ko se za destabilizacijo kak\u0161ne dr\u017eave uporabljajo tudi kibernetski napadi, dezinformacije za vpliv na javno mnenje in sabota\u017ee.<\/p>\n<p>V pripravi novi ukrepi<\/p>\n<p>Potem ko je \u017ee nem\u0161ko zunanje ministrstvo na zagovor v torek poklicalo ruskega veleposlanika v Nem\u010diji, so se podobni pogovori z izra\u017eanjem protestov nad nedavnim dogajanjem v Leipzigu nadaljevali tudi drugod po Evropi. Zunanja slu\u017eba EU je na pogovor pozvala ruskega veleposlanika v Bruslju. Prav tako so veleposlanike na zagovor poklicali \u0161e v Franciji, na Nizozemskem in v Belgiji.<\/p>\n<p>Rusija bo morala zdaj ra\u010dunati \u0161e z obse\u017enim novim paketom sankcij. Kot je napovedala visoka zunanjepoliti\u010dna predstavnica Kaja Kallas, \u017ee potekajo priprave za uvedbo sankcij proti 1600 dodatnim osebam in podjetjem, povezanim z ruskim voja\u0161ko-industrijskim kompleksom. Ta paket sankcij, ki naj bi \u0161e dodatno ote\u017eil nadaljevanje ruske vojne proti Ukrajini, je sicer Kallasova napovedala \u017ee prej\u0161nji mesec, zdaj pa je njegovo sprejetje postalo \u0161e bolj aktualno. Po njenih besedah so imeli dogodki v Leipzigu vse zna\u010dilnosti dr\u017eavno podprtega terorizma.<\/p>\n<p>Iz Rusije se \u017ee ves \u010das vrstijo ocene, da gre za napa\u010den odziv Nem\u010dije, prav tako pa se dodaja, da nem\u0161ke oblasti za svoje navedbe niso ponudile nobenih dokazov. Ruski predsednik Vladimir Putin je nem\u0161ke sankcije proti svoji dr\u017eavi ozna\u010dil za resno napako, omenjal je celo ponarejanje dokazov s predvolilnim pridihom. Na sede\u017eu ruske diplomacije so napovedali protiukrepe.<\/p>\n<p>Nem\u0161ka policija je v sredo preiskovala \u017ee drugi poskus sabota\u017ee na elektri\u010dnem omre\u017eju v zadnjih 24 urah, dan po tistem, ko je Berlin za poskus napada z dronom na letali\u0161\u010du okrivil Rusijo. Policija je preiskovala primer namernega vandalizma na tehni\u010dni infrastrukturi elektri\u010dne podpostaje v bli\u017eini zahodnega mesta Bergheim. Cilj napada naj bi bil dose\u010di elektri\u010dni mrk v regiji. Incident je povzro\u010dil odklop petih enot lignitne elektrarne s skupno zmogljivostjo 4200 megavatov iz omre\u017eja. V torek so naprave s prevodnim materialom po\u0161kodovale elektri\u010dne vode na enem od najpomembnej\u0161ih visokonapetostnih vozli\u0161\u010d v vzhodni zvezni de\u017eeli Brandenburg. Brandenbur\u0161ki minister za notranje zadeve Jan Redmann je dejal, da se zdi, da obstajajo vzporednice med napadi, vendar so preiskave \u0161e v zelo zgodnji fazi.<\/p>\n<p>Ti incidenti se dogajajo v ob\u010dutljivem trenutku, saj skrajno desni\u010darska stranka Alternativa za Nem\u010dijo (AfD) \u2013 ki si prizadeva za tesnej\u0161e odnose Nem\u010dije z Moskvo \u2013 v javnomnenjskih raziskavah pred de\u017eelnimi volitvami na Sa\u0161kem ta konec tedna vodi. Stranka je med drugim pozvala k prenehanju nem\u0161ke podpore Ukrajini in ponovni vzpostavitvi energetskih sporazumov z Moskvo, ki so Nem\u010diji zagotavljali poceni nafto in plin.<\/p>\n","protected":false},"excerpt":{"rendered":"Nem\u0161ki policisti preiskujejo polje v bli\u017eini elektrarne po drugem poskusu sabota\u017ee na nem\u0161kem elektroenergetskem omre\u017eju. Tokrat so nepridipravi&hellip;\n","protected":false},"author":2,"featured_media":213382,"comment_status":"","ping_status":"","sticky":false,"template":"","format":"standard","meta":{"footnotes":"","_share_on_mastodon":"0"},"categories":[3],"tags":[500,65,66,38114,29067,3166,1420,526,493,421,37,38,1115,929],"class_list":["post-213381","post","type-post","status-publish","format-standard","has-post-thumbnail","category-evropa","tag-eu","tag-europe","tag-evropa","tag-hibridni-napadi","tag-johann-wadephul","tag-kaja-kallas","tag-mark-rutte","tag-nato","tag-nemcija","tag-rusija","tag-slovene","tag-slovenscina","tag-ursula-von-der-leyen","tag-vojna-v-ukrajini"],"share_on_mastodon":{"url":"https:\/\/pubeurope.com\/@si\/117203860797897725","error":""},"_links":{"self":[{"href":"https:\/\/www.europesays.com\/si\/wp-json\/wp\/v2\/posts\/213381","targetHints":{"allow":["GET"]}}],"collection":[{"href":"https:\/\/www.europesays.com\/si\/wp-json\/wp\/v2\/posts"}],"about":[{"href":"https:\/\/www.europesays.com\/si\/wp-json\/wp\/v2\/types\/post"}],"author":[{"embeddable":true,"href":"https:\/\/www.europesays.com\/si\/wp-json\/wp\/v2\/users\/2"}],"replies":[{"embeddable":true,"href":"https:\/\/www.europesays.com\/si\/wp-json\/wp\/v2\/comments?post=213381"}],"version-history":[{"count":0,"href":"https:\/\/www.europesays.com\/si\/wp-json\/wp\/v2\/posts\/213381\/revisions"}],"wp:featuredmedia":[{"embeddable":true,"href":"https:\/\/www.europesays.com\/si\/wp-json\/wp\/v2\/media\/213382"}],"wp:attachment":[{"href":"https:\/\/www.europesays.com\/si\/wp-json\/wp\/v2\/media?parent=213381"}],"wp:term":[{"taxonomy":"category","embeddable":true,"href":"https:\/\/www.europesays.com\/si\/wp-json\/wp\/v2\/categories?post=213381"},{"taxonomy":"post_tag","embeddable":true,"href":"https:\/\/www.europesays.com\/si\/wp-json\/wp\/v2\/tags?post=213381"}],"curies":[{"name":"wp","href":"https:\/\/api.w.org\/{rel}","templated":true}]}}