{"id":213383,"date":"2026-09-02T22:42:09","date_gmt":"2026-09-02T22:42:09","guid":{"rendered":"https:\/\/www.europesays.com\/si\/213383\/"},"modified":"2026-09-02T22:42:09","modified_gmt":"2026-09-02T22:42:09","slug":"po-dolgem-obdobju-politicnih-in-druzbenih-napetosti-gredo-srbi-na-predcasne-volitve","status":"publish","type":"post","link":"https:\/\/www.europesays.com\/si\/213383\/","title":{"rendered":"Po dolgem obdobju politi\u010dnih in dru\u017ebenih napetosti gredo Srbi na pred\u010dasne volitve"},"content":{"rendered":"<p>V prihodnjih dneh se v Srbiji pri\u010dakuje razpustitev dr\u017eavnega zbora, znan pa je tudi datum pred\u010dasnih parlamentarnih volitev, ki bodo 25. oktobra, poro\u010da Blic.<\/p>\n<p>Skup\u0161\u010dina bi morala biti razpu\u0161\u010dena na predlog srbske vlade, s \u010dimer bi bili izpolnjeni formalni pogoji za razpis pred\u010dasnih volitev. S tem bi se za\u010dela tudi volilna kampanja, ki po zakonu traja med 45 in 60 dnevi.<\/p>\n<p>Srbski predsednik Aleksandar Vu\u010di\u0107 je \u017ee sredi avgusta napovedal, da bodo pred\u010dasne parlamentarne volitve 18. ali 25. oktobra.<\/p>\n<p>Po zru\u0161itvi nadstre\u0161ka \u0161tudentje zahtevali pred\u010dasne parlamentarne volitve\u00a0<\/p>\n<p>Srbija se po dolgem obdobju politi\u010dnih in dru\u017ebenih napetosti, ki so se za\u010dele po zru\u0161itvi nadstre\u0161ka na \u017eelezni\u0161ki postaji Novi Sad novembra 2024, ko je umrlo 16 ljudi, odpravlja na pred\u010dasne volitve. Tragedija je spro\u017eila mno\u017ei\u010dne protivladne in \u0161tudentske proteste, ena glavnih zahtev \u0161tudentskega gibanja pa je bil razpis pred\u010dasnih parlamentarnih volitev.<\/p>\n<p>Prihajajo\u010de volitve bodo 15. parlamentarne volitve v Srbiji od uvedbe ve\u010dstrankarske politike in 11., ki bodo potekale pred koncem rednega parlamentarnega obdobja. Odkar je Srbska napredna stranka leta 2012 pri\u0161la na oblast, je Srbija pred\u010dasne parlamentarne volitve izvedla v letih 2014, 2016, 2022 in 2023.<\/p>\n<p>Zadnje volitve 2023<\/p>\n<p>Zadnje parlamentarne volitve so bile 17. decembra 2023. Na njih je lista, zbrana okoli Vu\u010di\u0107eve Srbske napredne stranke, osvojila absolutno ve\u010dino v dr\u017eavnem zboru.<\/p>\n<p>Pred volitvami je Vu\u010di\u0107 dejal, da se bo politi\u010dna opcija, ki ji bo pripadal, borila za najmanj 126 poslanskih mandatov, kar je toliko, kot je potrebno za ve\u010dino v 250-\u010dlanskem parlamentu.<\/p>\n","protected":false},"excerpt":{"rendered":"V prihodnjih dneh se v Srbiji pri\u010dakuje razpustitev dr\u017eavnega zbora, znan pa je tudi datum pred\u010dasnih parlamentarnih volitev,&hellip;\n","protected":false},"author":2,"featured_media":213384,"comment_status":"","ping_status":"","sticky":false,"template":"","format":"standard","meta":{"footnotes":"","_share_on_mastodon":"0"},"categories":[8],"tags":[1286,37,38,780,64,203,63],"class_list":["post-213383","post","type-post","status-publish","format-standard","has-post-thumbnail","category-svet","tag-parlamentarne-volitve","tag-slovene","tag-slovenscina","tag-srbija","tag-svet","tag-volitve","tag-world"],"share_on_mastodon":{"url":"https:\/\/pubeurope.com\/@si\/117203864492867523","error":""},"_links":{"self":[{"href":"https:\/\/www.europesays.com\/si\/wp-json\/wp\/v2\/posts\/213383","targetHints":{"allow":["GET"]}}],"collection":[{"href":"https:\/\/www.europesays.com\/si\/wp-json\/wp\/v2\/posts"}],"about":[{"href":"https:\/\/www.europesays.com\/si\/wp-json\/wp\/v2\/types\/post"}],"author":[{"embeddable":true,"href":"https:\/\/www.europesays.com\/si\/wp-json\/wp\/v2\/users\/2"}],"replies":[{"embeddable":true,"href":"https:\/\/www.europesays.com\/si\/wp-json\/wp\/v2\/comments?post=213383"}],"version-history":[{"count":0,"href":"https:\/\/www.europesays.com\/si\/wp-json\/wp\/v2\/posts\/213383\/revisions"}],"wp:featuredmedia":[{"embeddable":true,"href":"https:\/\/www.europesays.com\/si\/wp-json\/wp\/v2\/media\/213384"}],"wp:attachment":[{"href":"https:\/\/www.europesays.com\/si\/wp-json\/wp\/v2\/media?parent=213383"}],"wp:term":[{"taxonomy":"category","embeddable":true,"href":"https:\/\/www.europesays.com\/si\/wp-json\/wp\/v2\/categories?post=213383"},{"taxonomy":"post_tag","embeddable":true,"href":"https:\/\/www.europesays.com\/si\/wp-json\/wp\/v2\/tags?post=213383"}],"curies":[{"name":"wp","href":"https:\/\/api.w.org\/{rel}","templated":true}]}}