{"id":213395,"date":"2026-09-02T23:00:10","date_gmt":"2026-09-02T23:00:10","guid":{"rendered":"https:\/\/www.europesays.com\/si\/213395\/"},"modified":"2026-09-02T23:00:10","modified_gmt":"2026-09-02T23:00:10","slug":"po-devetih-mesecih-na-morju-5000-ameriskih-mornarjev-na-oddih-v-pattayo","status":"publish","type":"post","link":"https:\/\/www.europesays.com\/si\/213395\/","title":{"rendered":"Po devetih mesecih na morju 5000 ameri\u0161kih mornarjev na oddih v Pattayo"},"content":{"rendered":"<p>Ameri\u0161ka jedrska letalonosilka USS Abraham Lincoln je po rekordnih 250 dneh na morju brez postanka v pristani\u0161\u010du priplula na Tajsko. Skoraj 5000 \u010dlanov posadke bo po ve\u010d mesecih neprekinjenega delovanja dobilo prilo\u017enost za po\u010ditek v bli\u017eini Pattaye, <a href=\"https:\/\/www.delo.si\/magazin\/svet-so-ljudje\/tajska-princesa-smrt-nasledstvo\" target=\"_blank\" rel=\"nofollow noopener\">enega najbolj znanih tajskih turisti\u010dnih sredi\u0161\u010d<\/a>, poro\u010da BBC.<\/p>\n<p>Letalonosilka je iz San Diega odplula novembra lani, sprva pa naj bi bila na \u0161estmese\u010dni misiji v Tihem oceanu in Ju\u017enokitajskem morju. Po za\u010detku ameri\u0161kih in izraelskih voja\u0161kih operacij proti Iranu konec februarja so jo preusmerili v Perzijski zaliv, zato se je njena napotitev mo\u010dno podalj\u0161ala.\u00a0<\/p>\n<p><img decoding=\"async\" class=\"article__img-tag-visible\" src=\"https:\/\/www.europesays.com\/si\/wp-content\/uploads\/2026\/09\/3715405.width-660.format-webp.webp\" alt=\"Po dolgotrajni napotitvi zaradi vojne z Iranom bo posadka USS Abraham Lincoln po\u010divala v mestu, ki ga je pred desetletji pomagala preoblikovati prav ameri\u0161ka vojska. FOTO: Anthony Wallace\/AFP\" img_id=\"15060582\" data-img-id=\"15060582\"\/><\/p>\n<p>Po dolgotrajni napotitvi zaradi vojne z Iranom bo posadka USS Abraham Lincoln po\u010divala v mestu, ki ga je pred desetletji pomagala preoblikovati prav ameri\u0161ka vojska. FOTO: Anthony Wallace\/AFP<\/p>\n<p>Nekateri \u010dlani ameri\u0161kega kongresa so v zadnjem \u010dasu izrazili zaskrbljenost zaradi poro\u010dil o pomanjkanju hrane, nedelujo\u010dih strani\u0161\u010dih in psihi\u010dnih obremenitvah med posadko. Ameri\u0161ka mornarica je priznala, da so bile delovne razmere zahtevne, vendar je zatrdila, da je posadka imela ustrezno podporo.\u00a0<\/p>\n<p>Prihod skoraj 5000 ameri\u0161kih mornarjev in marincev veliko pomeni tudi za Pattayo, kjer je vojna z Iranom prizadela turizem in potro\u0161njo. Lokalni podjetniki zato upajo, da bodo ameri\u0161ki vojaki, ki med devetimi meseci na morju niso imeli veliko prilo\u017enosti za zapravljanje pla\u010d, pomagali o\u017eiviti mestno gospodarstvo.\u00a0<\/p>\n<p>Pattaya ima z ameri\u0161ko vojsko dolgo zgodovino. Med vietnamsko vojno so tja na po\u010ditek in oddih prihajale mno\u017eice ameri\u0161kih vojakov. Njihov prihod je nekdanjo mirno ribi\u0161ko vas pomagal spremeniti v eno najbolj znanih zabavi\u0161\u010dnih turisti\u010dnih destinacij na svetu.<\/p>\n<p>Danes \u017eeli mesto prese\u010di predvsem sloves, povezan z no\u010dnim \u017eivljenjem in spolnim turizmom. Tajske in ameri\u0161ke oblasti so zato za \u010dlane posadke dolo\u010dile tudi nekatere omejitve. Ameri\u0161ki vojaki ne smejo obiskovati ulice Soi 6, znane po \u0161tevilnih go-go barih, prav tako ne smejo v trgovine s konopljo. Prepovedani so jim tudi nekateri vodni \u0161porti, med drugim vo\u017enja z vodnimi skuterji in jadralno padalstvo nad morjem.<\/p>\n<p><img decoding=\"async\" class=\"article__img-tag-visible\" src=\"https:\/\/www.europesays.com\/si\/wp-content\/uploads\/2026\/09\/3715404.width-660.format-webp.webp\" alt=\"Ameri\u0161ki mornarji se po mesecih zahtevnih razmer odpravljajo na te\u017eko pri\u010dakovani oddih. FOTO: Anthony Wallace\/AFP\" img_id=\"15060572\" data-img-id=\"15060572\"\/><\/p>\n<p>Ameri\u0161ki mornarji se po mesecih zahtevnih razmer odpravljajo na te\u017eko pri\u010dakovani oddih. FOTO: Anthony Wallace\/AFP<\/p>\n<p>Tajske oblasti so v zabavi\u0161\u010dne predele mesta napotile ve\u010d sto policistov, lokalne ponudnike pa opozorile, naj ameri\u0161kim obiskovalcem ne zara\u010dunavajo previsokih cen. Ameri\u0161ka mornarica je med pristani\u0161\u010dem in Pattayo organizirala avtobusne prevoze, ki bodo vozili od pete ure zjutraj do druge ure pono\u010di.<\/p>\n<p>\u017dupan Pattaye Poramase Ngampiches je za BBC povedal, da mesto \u0161e vedno spremlja sloves destinacije, povezane z barskimi dekleti, vendar \u017eeli obiskovalcem pokazati tudi druga\u010dno podobo. Pattaya se po njegovih besedah danes predstavlja tudi s \u0161portom, seminarji, velnesom in dejavnostmi za dru\u017eine.<\/p>\n<p>USS Abraham Lincoln naj bi 6. septembra za\u010dela dolgo pot \u010dez Tihi ocean proti domu. Ameri\u0161ke in tajske oblasti upajo, da se bo posadka na pot odpravila spo\u010dita po najdalj\u0161i neprekinjeni plovbi brez postanka v pristani\u0161\u010du.<\/p>\n","protected":false},"excerpt":{"rendered":"Ameri\u0161ka jedrska letalonosilka USS Abraham Lincoln je po rekordnih 250 dneh na morju brez postanka v pristani\u0161\u010du priplula&hellip;\n","protected":false},"author":2,"featured_media":213396,"comment_status":"","ping_status":"","sticky":false,"template":"","format":"standard","meta":{"footnotes":"","_share_on_mastodon":"0"},"categories":[8],"tags":[2754,8587,333,43415,7646,52163,4988,52164,37,38,64,2315,488,5608,2663,52165,1095,63,404],"class_list":["post-213395","post","type-post","status-publish","format-standard","has-post-thumbnail","category-svet","tag-ameriska-mornarica","tag-dopust","tag-iran","tag-juznokitajsko-morje","tag-morje","tag-pattaya","tag-perzijski-zaliv","tag-san-diego","tag-slovene","tag-slovenscina","tag-svet","tag-tajska","tag-turizem","tag-uss-abraham-lincoln","tag-vojaki","tag-vojaska-misija","tag-vojska","tag-world","tag-zda"],"share_on_mastodon":{"url":"https:\/\/pubeurope.com\/@si\/117203935493197928","error":""},"_links":{"self":[{"href":"https:\/\/www.europesays.com\/si\/wp-json\/wp\/v2\/posts\/213395","targetHints":{"allow":["GET"]}}],"collection":[{"href":"https:\/\/www.europesays.com\/si\/wp-json\/wp\/v2\/posts"}],"about":[{"href":"https:\/\/www.europesays.com\/si\/wp-json\/wp\/v2\/types\/post"}],"author":[{"embeddable":true,"href":"https:\/\/www.europesays.com\/si\/wp-json\/wp\/v2\/users\/2"}],"replies":[{"embeddable":true,"href":"https:\/\/www.europesays.com\/si\/wp-json\/wp\/v2\/comments?post=213395"}],"version-history":[{"count":0,"href":"https:\/\/www.europesays.com\/si\/wp-json\/wp\/v2\/posts\/213395\/revisions"}],"wp:featuredmedia":[{"embeddable":true,"href":"https:\/\/www.europesays.com\/si\/wp-json\/wp\/v2\/media\/213396"}],"wp:attachment":[{"href":"https:\/\/www.europesays.com\/si\/wp-json\/wp\/v2\/media?parent=213395"}],"wp:term":[{"taxonomy":"category","embeddable":true,"href":"https:\/\/www.europesays.com\/si\/wp-json\/wp\/v2\/categories?post=213395"},{"taxonomy":"post_tag","embeddable":true,"href":"https:\/\/www.europesays.com\/si\/wp-json\/wp\/v2\/tags?post=213395"}],"curies":[{"name":"wp","href":"https:\/\/api.w.org\/{rel}","templated":true}]}}