{"id":213435,"date":"2026-09-02T23:56:06","date_gmt":"2026-09-02T23:56:06","guid":{"rendered":"https:\/\/www.europesays.com\/si\/213435\/"},"modified":"2026-09-02T23:56:06","modified_gmt":"2026-09-02T23:56:06","slug":"nove-dobre-novice-tadej-pogacar-zapusca-bolnisnico-in-odhaja-domov","status":"publish","type":"post","link":"https:\/\/www.europesays.com\/si\/213435\/","title":{"rendered":"Nove dobre novice, Tadej Poga\u010dar zapu\u0161\u010da bolni\u0161nico in odhaja domov"},"content":{"rendered":"<p>Slovenski kolesarski zvezdnik Tadej Poga\u010dar po po\u0161kodbi na dirki po \u0160paniji in <a href=\"https:\/\/www.delo.si\/sport\/kolesarstvo\/zasavski-orel-prezi-na-majorcana-tirolca-in-skota\" target=\"_blank\" rel=\"nofollow noopener\">u<\/a><a href=\"https:\/\/www.delo.si\/sport\/kolesarstvo\/tadej-pogacar-operacija-poskodba-kljucnica-vrnitev-dirke\" target=\"_blank\" rel=\"nofollow noopener\">spe\u0161ni operaciji, ki jo je prestal v ponedeljek<\/a>, danes zapu\u0161\u010da bolni\u0161nico v Barceloni in odhaja v doma\u010do oskrbo, poro\u010da italijanska Gazzetta dello Sport.\u00a0<\/p>\n<p>V Kataloniji je <a href=\"https:\/\/www.delo.si\/sport\/kolesarstvo\/tadej-pogacar-v-rokah-kirurga-bratov-marquez\" target=\"_blank\" rel=\"nofollow noopener\">pri kirurgu, ki oskrbuje tudi brata Alexa in <\/a><a href=\"https:\/\/www.delo.si\/sport\/kolesarstvo\/tadej-pogacar-v-rokah-kirurga-bratov-marquez\" target=\"_blank\" rel=\"nofollow noopener\">Marca Marqueza<\/a>, junaka motociklizma, prestal operacijo leve klju\u010dnice. Ob padcu na osmi etapi dirke po \u0160paniji si je sicer zlomil \u0161e sedmo vratno vretence in utrpel pretres mo\u017eganov.\u00a0<\/p>\n<p>Nekaj <a href=\"https:\/\/www.delo.si\/sport\/kolesarstvo\/govekar-glivar-jermakov-omrzel-novak-roglic-pogacar-poskodba-vuelta-program\" target=\"_blank\" rel=\"nofollow noopener\">optimizma glede Poga\u010darjeve po\u0161kodbe<\/a> je vzbudila tudi fotografija iz bolni\u0161nice, na kateri Slovenec nosi mehko vratno opornico. Na dru\u017eabnih omre\u017ejih so nekateri zdravni\u0161ki znalci opozorili, da bi to lahko nakazovalo na manj resno obliko zloma, saj bi sicer moral nositi trdno opornico.\u00a0<\/p>\n<p>Mehka ovratnica dober znak?<\/p>\n<p>Ena od mo\u017enosti je, tako so ugibali, zlom trnastega odrastka vretenca, pri katerem je zdravljenje praviloma precej la\u017eje kot pri po\u0161kodbah telesa vretenca. V tem primeru bi bila lahko tudi vrnitev na kolo hitrej\u0161a, a zgolj na podlagi vrste opornice seveda ni mogo\u010de zanesljivo sklepati o dejanski po\u0161kodbi.<\/p>\n<p>V ekipi Emiratov so medtem zatrdili, da je trenutno v ospredju popolno okrevanje Tadeja Poga\u010darja in ne \u010dimprej\u0161nja vrnitev na kolo.\u00a0\u00bbTadej se po\u010duti zelo dobro. Potrebuje le \u0161e nekaj dni za okrevanje, nato pa bo lahko od\u0161el domov,\u00ab je o njegovem stanju pred dnevi povedal \u0161portni direktor UAE Joxean Fern\u00e1ndez Matxin.<\/p>\n<p>Nekateri so ugibali celo o vrnitvi v leto\u0161nji sezoni\u00a0\u2013 \u010detudi ne bi bil stoodstotno pripravljen, bi lahko Poga\u010dar nastopil vsaj na doma\u010dem evropskem prvenstvu. Doktor Samo Turel je medtem za Radio Slovenija opozoril, da prehitra vrnitev ne bi bila smotrna in da je potrebno razmisliti tudi o daljnoro\u010dnih posledicah po\u0161kodbe\u00a0\u2013 teh ob normalnem zdravljenju ne gre pri\u010dakovati.\u00a0<\/p>\n<p>\u00bbZdaj ne gre za kolesarstvo, ampak zanj kot \u010dloveka. \u017delimo si le, da bi imel nekaj miru, da bi okreval in bil s svojo dru\u017eino,\u00ab je \u0161e povedal Matxin. Sli\u0161ati je bilo, da bo Poga\u010dar po hudem padcu okreval celo v Sloveniji, zagotovo pa mu bodo vselej ob strani stali klubski zdravniki ekipe UAE Emirates, ki bodo skrbno nadzirali vsak njegov korak na poti do vrnitve na najve\u010dje dirke.\u00a0<\/p>\n","protected":false},"excerpt":{"rendered":"Slovenski kolesarski zvezdnik Tadej Poga\u010dar po po\u0161kodbi na dirki po \u0160paniji in uspe\u0161ni operaciji, ki jo je prestal&hellip;\n","protected":false},"author":2,"featured_media":213436,"comment_status":"","ping_status":"","sticky":false,"template":"","format":"standard","meta":{"footnotes":"","_share_on_mastodon":"0"},"categories":[20],"tags":[24180,7142,32,28396,35,31,34,36,816,37,38,1981,1874,33,10225,46867],"class_list":["post-213435","post","type-post","status-publish","format-standard","has-post-thumbnail","category-novice","tag-dirka-po-spaniji","tag-evropsko-prvenstvo","tag-headlines","tag-joxean-fernandez-matxin","tag-najpomembnejse-novice","tag-news","tag-novice","tag-osrednje-novice","tag-poskodba","tag-slovene","tag-slovenscina","tag-svetovno-prvenstvo","tag-tadej-pogacar","tag-top-stories","tag-uae-emirates","tag-vuelta-2026"],"share_on_mastodon":{"url":"https:\/\/pubeurope.com\/@si\/117204155273054278","error":""},"_links":{"self":[{"href":"https:\/\/www.europesays.com\/si\/wp-json\/wp\/v2\/posts\/213435","targetHints":{"allow":["GET"]}}],"collection":[{"href":"https:\/\/www.europesays.com\/si\/wp-json\/wp\/v2\/posts"}],"about":[{"href":"https:\/\/www.europesays.com\/si\/wp-json\/wp\/v2\/types\/post"}],"author":[{"embeddable":true,"href":"https:\/\/www.europesays.com\/si\/wp-json\/wp\/v2\/users\/2"}],"replies":[{"embeddable":true,"href":"https:\/\/www.europesays.com\/si\/wp-json\/wp\/v2\/comments?post=213435"}],"version-history":[{"count":0,"href":"https:\/\/www.europesays.com\/si\/wp-json\/wp\/v2\/posts\/213435\/revisions"}],"wp:featuredmedia":[{"embeddable":true,"href":"https:\/\/www.europesays.com\/si\/wp-json\/wp\/v2\/media\/213436"}],"wp:attachment":[{"href":"https:\/\/www.europesays.com\/si\/wp-json\/wp\/v2\/media?parent=213435"}],"wp:term":[{"taxonomy":"category","embeddable":true,"href":"https:\/\/www.europesays.com\/si\/wp-json\/wp\/v2\/categories?post=213435"},{"taxonomy":"post_tag","embeddable":true,"href":"https:\/\/www.europesays.com\/si\/wp-json\/wp\/v2\/tags?post=213435"}],"curies":[{"name":"wp","href":"https:\/\/api.w.org\/{rel}","templated":true}]}}