{"id":213447,"date":"2026-09-03T00:15:09","date_gmt":"2026-09-03T00:15:09","guid":{"rendered":"https:\/\/www.europesays.com\/si\/213447\/"},"modified":"2026-09-03T00:15:09","modified_gmt":"2026-09-03T00:15:09","slug":"na-celu-druzbe-gen-i-tudi-uradno-jure-soklic","status":"publish","type":"post","link":"https:\/\/www.europesays.com\/si\/213447\/","title":{"rendered":"Na \u010delu dru\u017ebe Gen-I tudi uradno Jure Sokli\u010d"},"content":{"rendered":"<p>\t\t\t\t\t\t\t\t<a href=\"https:\/\/www.europesays.com\/si\/wp-content\/uploads\/2026\/09\/67090789.jpg\" itemprop=\"contentUrl\" data-size=\"1200x800\" data-large=\"https:\/\/www.europesays.com\/si\/wp-content\/uploads\/2026\/09\/67090789.jpg\"><br \/>\n\t\t\t\t\t\t\t\t\t<img decoding=\"async\" src=\"https:\/\/www.europesays.com\/si\/wp-content\/uploads\/2026\/09\/67090789.jpg\" title=\"Sede\u017e Gen-I. Foto: BoBo\" alt=\"Sede\u017e Gen-I. Foto: BoBo\"\/><br \/>\n\t\t\t\t\t\t\t\t<\/a><\/p>\n<p>\t\t\t\t\t\t\t\t\tSede\u017e Gen-I. Foto: BoBo<\/p>\n<p>\t\t\t\t\t\t\t<a id=\"preferredSourceBanner\" href=\"https:\/\/www.rtvslo.si\/gospodarstvo\/na-celu-druzbe-gen-i-tudi-uradno-jure-soklic\/javascript:void(0)\" target=\"_blank\" class=\"d-none align-items-center justify-content-between rounded my-3\" style=\"padding: 10px 15px;\" rel=\"nofollow noopener\"><br \/>\n\t\t\t\t\t\t<img decoding=\"async\" src=\"https:\/\/img.rtvslo.si\/_static\/novi\/img\/ico-google.svg\" class=\"flex-shrink-0 mr-3\" aria-hidden=\"true\"\/><br \/>\n\t\t\t\t\t\tSpremljajte RTVSLO.si kot prednostni vir na Google<\/p>\n<p>\t\t\t\t\t<\/a><\/p>\n<p>Jure Sokli\u010d je bil tako kot predsednik uprave danes (sreda) vpisan v poslovni register, njegov mandat je za\u010del te\u010di 31. avgusta, je razvidno iz objave na Ajpesu. Tudi v Gen-I-ju so potrdili, da je bil na ponedeljkovi skup\u0161\u010dini dru\u017ebe za novega predsednika uprave s petletnim mandatom imenovan Sokli\u010d.<\/p>\n<p>Oglas<\/p>\n<p>To so pospremili z besedami, da bo pod njegovim vodstvom Gen-I \u0161e naprej uresni\u010deval strategijo trajnostne rasti ter krepil polo\u017eaj ene vodilnih in zaupanja vrednih energetskih dru\u017eb v regiji.<\/p>\n<p>&#8220;Upravljavska sprememba poteka na\u010drtovano in ob nemoteni kontinuiteti poslovanja. Vsi klju\u010dni projekti, razvojne aktivnosti in poslovni procesi se izvajajo skladno z zastavljenimi na\u010drti, dru\u017eba pa ostaja zanesljiv partner odjemalcem, poslovnim partnerjem in drugim dele\u017enikom,&#8221; so zagotovili.<\/p>\n<p>Na spletni strani Gen-I-ja so v Sokli\u010devem opisu zapisali, da je izku\u0161en mened\u017eer, podjetnik in investitor z ve\u010d kot 20-letnimi mednarodnimi vodstvenimi izku\u0161njami na podro\u010djih strate\u0161kega upravljanja, razvoja podjetij, prodaje, digitalne preobrazbe, finan\u010dnih tehnologij in korporativnega upravljanja.<\/p>\n<p>Svojo poklicno pot je gradil na podro\u010djih korporativnega upravljanja in poslovnega prestrukturiranja, digitalizacije, razvoja novih poslovnih modelov ter mednarodne prodaje. Od leta 2020 deluje kot podjetnik, investitor in direktor ve\u010d dru\u017eb s podro\u010dij digitalnih re\u0161itev, turizma, upravljanja nepremi\u010dnin in investicij, so dodali.<\/p>\n<p>Portal Forbes Slovenija je ob tem zapisal, da je bil med drugim soustanovitelj in direktor podjetja Hive IT, ki je razvijalo tehnologijo veri\u017eenja blokov (blockchain). Portal Info360 medtem navaja, da velja za enega od pionirjev slovenskega vala blockchain tehnologije, nazadnje pa da se je ukvarjal \u0161e z izposojo luksuznih plovil. Po pisanju obeh medijev naj bi veljal za kader stranke NSi.<\/p>\n<p>Med letoma 2020 in 2022 je bil \u010dlan nadzornega sveta dru\u017ebe Gen energija ter predsednik njene revizijske komisije. Po pisanju medijev naj bi \u017ee bil kandidat za vodenje Gen-I-ja, po tistem, ko je dolgoletnemu prvemu mo\u017eu trgovca z elektriko Robertu Golobu novembra 2021 potekel mandat. Po tistem se je Golob podal v politiko in po zmagi na volitvah v prej\u0161njem mandatu vodil vlado.<\/p>\n<p>Prekinitev &#8220;Golobove linije&#8221;?<\/p>\n<p>Maks Helbl, ki ga je Sokli\u010d nasledil, je sicer veljal za nekoga, ki je nadaljeval Golobovo linijo na \u010delu Gen-I-ja. Je tudi soprog Barbare Kolenko Helbl, ki je bila generalna sekretarka vlade Roberta Goloba. <\/p>\n<p>Ob Sokli\u010du medtem v upravi Gen-I-ja ostajajo Igor Koprivnikar, Sandi Kavali\u010d in Klemen Ple\u0161ko.<\/p>\n<p>Menjava tudi v Gen energiji<\/p>\n<p>\t\t\t\t\t\t\t\t\t<a href=\"https:\/\/www.rtvslo.si\/n\/792394\" class=\"image-link image-heading image-container container-16-9\" data-large=\"https:\/\/img.rtvcdn.si\/_up\/upload\/2022\/04\/08\/65978320.jpg\" rel=\"nofollow noopener\" target=\"_blank\"><br \/>\n\t\t\t\t\t\t\t\t\t\t<img decoding=\"async\" src=\"https:\/\/www.europesays.com\/si\/wp-content\/uploads\/2026\/09\/65978320_thumb.jpg\" class=\"image-preview\"\/><br \/>\n\t\t\t\t\t\t\t\t\t<\/a><\/p>\n<p>\t\t\t\t\t\t\t\t\t\tSorodna novica<br \/>\n\t\t\t\t\t\t\t\t\t\t<a href=\"https:\/\/www.rtvslo.si\/n\/792394\" rel=\"nofollow noopener\" target=\"_blank\">Andrej Vizjak prevzel vodenje Gen energije<\/a><\/p>\n<p>Menjava na \u010delu Gen-I-ja se je zgodila isto\u010dasno, ko so nadzorniki na polo\u017eaj generalnega direktorja dru\u017ebe Gen energija, krovnega podjetja drugega energetskega stebra v dr\u017eavi, namesto Nade Drobne Popovi\u010d imenovali vidnega \u010dlana stranke SDS in ve\u010dkratnega ministra Andreja Vizjaka.<\/p>\n<p>Ta je pojasnil, da je cilj so\u010dasne menjave prvega mo\u017ea v Gen-I-ju predvsem odpraviti dosedanja nenavadna lastni\u0161ka in upravljavska razmerja. Lastnika Gen-I-ja sta namre\u010d s po 50-odstotnim dele\u017eem Gen energija in Gen-EL, lastnika Gen-EL-a pa sta s po 50-odstotnim dele\u017eem Gen energija in Gen-I. Zaradi navzkri\u017enega lastni\u0161tva tako 100-odstotno dr\u017eavna Gen energija do zdaj ni imela polnih upravljavskih pravic. \u010ce je dr\u017eava 100-odstotni lastnik neke gospodarske dru\u017ebe in je odgovorna zanjo, mora imeti tudi upravljavsko mo\u010d, je pojasnil Vizjak.<\/p>\n<p>Oglas<\/p>\n","protected":false},"excerpt":{"rendered":"Sede\u017e Gen-I. Foto: BoBo Spremljajte RTVSLO.si kot prednostni vir na Google Jure Sokli\u010d je bil tako kot predsednik&hellip;\n","protected":false},"author":2,"featured_media":213448,"comment_status":"","ping_status":"","sticky":false,"template":"","format":"standard","meta":{"footnotes":"","_share_on_mastodon":"0"},"categories":[20],"tags":[17377,10193,32,51766,35,31,34,36,50,37,38,33,52168],"class_list":["post-213447","post","type-post","status-publish","format-standard","has-post-thumbnail","category-novice","tag-gen-energija","tag-gen-i","tag-headlines","tag-jure-soklic","tag-najpomembnejse-novice","tag-news","tag-novice","tag-osrednje-novice","tag-robert-golob","tag-slovene","tag-slovenscina","tag-top-stories","tag-upravljavska-sprememba"],"share_on_mastodon":{"url":"https:\/\/pubeurope.com\/@si\/117204230447429548","error":""},"_links":{"self":[{"href":"https:\/\/www.europesays.com\/si\/wp-json\/wp\/v2\/posts\/213447","targetHints":{"allow":["GET"]}}],"collection":[{"href":"https:\/\/www.europesays.com\/si\/wp-json\/wp\/v2\/posts"}],"about":[{"href":"https:\/\/www.europesays.com\/si\/wp-json\/wp\/v2\/types\/post"}],"author":[{"embeddable":true,"href":"https:\/\/www.europesays.com\/si\/wp-json\/wp\/v2\/users\/2"}],"replies":[{"embeddable":true,"href":"https:\/\/www.europesays.com\/si\/wp-json\/wp\/v2\/comments?post=213447"}],"version-history":[{"count":0,"href":"https:\/\/www.europesays.com\/si\/wp-json\/wp\/v2\/posts\/213447\/revisions"}],"wp:featuredmedia":[{"embeddable":true,"href":"https:\/\/www.europesays.com\/si\/wp-json\/wp\/v2\/media\/213448"}],"wp:attachment":[{"href":"https:\/\/www.europesays.com\/si\/wp-json\/wp\/v2\/media?parent=213447"}],"wp:term":[{"taxonomy":"category","embeddable":true,"href":"https:\/\/www.europesays.com\/si\/wp-json\/wp\/v2\/categories?post=213447"},{"taxonomy":"post_tag","embeddable":true,"href":"https:\/\/www.europesays.com\/si\/wp-json\/wp\/v2\/tags?post=213447"}],"curies":[{"name":"wp","href":"https:\/\/api.w.org\/{rel}","templated":true}]}}