{"id":213449,"date":"2026-09-03T00:27:12","date_gmt":"2026-09-03T00:27:12","guid":{"rendered":"https:\/\/www.europesays.com\/si\/213449\/"},"modified":"2026-09-03T00:27:12","modified_gmt":"2026-09-03T00:27:12","slug":"beltinci-na-lokalnem-derbiju-izlocili-muro","status":"publish","type":"post","link":"https:\/\/www.europesays.com\/si\/213449\/","title":{"rendered":"Beltinci na lokalnem derbiju izlo\u010dili Muro"},"content":{"rendered":"<p><a id=\"preferredSourceBanner\" href=\"https:\/\/www.rtvslo.si\/sport\/nogomet\/beltinci-na-lokalnem-derbiju-izlocili-muro\/javascript:void(0)\" target=\"_blank\" class=\"d-none align-items-center justify-content-between rounded my-3\" style=\"padding: 10px 15px;\" rel=\"nofollow noopener\"><br \/>\n\t\t\t\t\t\t<img decoding=\"async\" src=\"https:\/\/img.rtvslo.si\/_static\/novi\/img\/ico-google.svg\" class=\"flex-shrink-0 mr-3\" aria-hidden=\"true\"\/><br \/>\n\t\t\t\t\t\tSpremljajte RTVSLO.si kot prednostni vir na Google<\/p>\n<p>\t\t\t\t\t<\/a><\/p>\n<p>\u017de dolgo niso bile tribune v Beltincih tako polne kot na tokratnem pokalnem obra\u010dunu z Muro. Doma\u010di drugoliga\u0161 je povedel \u017ee v 12. minuti, ko je po globinski podaji gostujo\u010di obrambi pobegnil Klemen Mlakar, ki je natan\u010dno meril, in vratar Fermi\u0161ek je zgolj obstal.<\/p>\n<p>Oglas<\/p>\n<p>V nadaljevanju so sicer prvoliga\u0161i prevzeli pobudo, a v prvem delu posku\u0161ali le z razdalje. Blizu izena\u010denja je bil Luka Bobi\u010danec, a brezidejni gostje so zaman pritiskali na obrambo Beltincev. Ti bi lahko v kon\u010dnici razblinili vse dvome, a je Ranta\u0161a za las zgre\u0161il cilj, nato pa je Fermi\u0161ek z izjemno obrambo re\u0161il mre\u017eo po strelu Bor\u0161i\u010da. Sledila sta hiter protinapad in najve\u010dja prilo\u017enost Mure po strelu Buti\u0107a, a je zablestel doma\u010di \u010duvaj mre\u017ee \u0160umenjak.<\/p>\n<p>Beltinci Klima Tratnjek so tako pred bu\u010dnimi navija\u010di izlo\u010dili Muro in se uvrstili v drugi krog, ki se prav tako kot predkrog in prvi krog odvija znotraj posamezne Medob\u010dinske nogometne zveze. Na treh dosedanjih doma\u010dih tekmah sezone so Beltinci dobili vse tri tekme, vratar Vid \u0160umenjak pa ostal brez prejetega zadetka.<\/p>\n<p>V leto\u0161njem Pokalu Pivovarne Union sodeluje kar 181 slovenskih nogometnih klubov, po odigranem predkrogu se je v prvem krogu pridru\u017eilo \u0161est prvoliga\u0161ev, preostali \u0161tirje klubi, ki so zaigrali v Evropi, se priklju\u010dijo v 2. krogu.<\/p>\n<p>Facebook prispevek: https:\/\/www.facebook.com\/photo?fbid=1503135431621526&amp;set=a.526678965933849<\/p>\n<p>Oglas<\/p>\n","protected":false},"excerpt":{"rendered":"Spremljajte RTVSLO.si kot prednostni vir na Google \u017de dolgo niso bile tribune v Beltincih tako polne kot na&hellip;\n","protected":false},"author":2,"featured_media":213450,"comment_status":"","ping_status":"","sticky":false,"template":"","format":"standard","meta":{"footnotes":"","_share_on_mastodon":"0"},"categories":[16],"tags":[14685,2287,264,52169,751,62,37,58,60,38,94,93],"class_list":["post-213449","post","type-post","status-publish","format-standard","has-post-thumbnail","category-sport","tag-beltinci","tag-mura","tag-nogomet","tag-nogometni-pokal","tag-pokal-slovenije","tag-si","tag-slovene","tag-slovenia","tag-slovenija","tag-slovenscina","tag-sport","tag-sports"],"share_on_mastodon":{"url":"https:\/\/pubeurope.com\/@si\/117204277407614742","error":""},"_links":{"self":[{"href":"https:\/\/www.europesays.com\/si\/wp-json\/wp\/v2\/posts\/213449","targetHints":{"allow":["GET"]}}],"collection":[{"href":"https:\/\/www.europesays.com\/si\/wp-json\/wp\/v2\/posts"}],"about":[{"href":"https:\/\/www.europesays.com\/si\/wp-json\/wp\/v2\/types\/post"}],"author":[{"embeddable":true,"href":"https:\/\/www.europesays.com\/si\/wp-json\/wp\/v2\/users\/2"}],"replies":[{"embeddable":true,"href":"https:\/\/www.europesays.com\/si\/wp-json\/wp\/v2\/comments?post=213449"}],"version-history":[{"count":0,"href":"https:\/\/www.europesays.com\/si\/wp-json\/wp\/v2\/posts\/213449\/revisions"}],"wp:featuredmedia":[{"embeddable":true,"href":"https:\/\/www.europesays.com\/si\/wp-json\/wp\/v2\/media\/213450"}],"wp:attachment":[{"href":"https:\/\/www.europesays.com\/si\/wp-json\/wp\/v2\/media?parent=213449"}],"wp:term":[{"taxonomy":"category","embeddable":true,"href":"https:\/\/www.europesays.com\/si\/wp-json\/wp\/v2\/categories?post=213449"},{"taxonomy":"post_tag","embeddable":true,"href":"https:\/\/www.europesays.com\/si\/wp-json\/wp\/v2\/tags?post=213449"}],"curies":[{"name":"wp","href":"https:\/\/api.w.org\/{rel}","templated":true}]}}