{"id":213453,"date":"2026-09-03T00:32:12","date_gmt":"2026-09-03T00:32:12","guid":{"rendered":"https:\/\/www.europesays.com\/si\/213453\/"},"modified":"2026-09-03T00:32:12","modified_gmt":"2026-09-03T00:32:12","slug":"urad-predsednice-zacuden-da-je-posnetek-postal-javno-dostopen-ko-so-njihovo-prosnjo-zavrnili","status":"publish","type":"post","link":"https:\/\/www.europesays.com\/si\/213453\/","title":{"rendered":"Urad predsednice za\u010duden, da je posnetek postal javno dostopen, ko so njihovo pro\u0161njo zavrnili"},"content":{"rendered":"<p>    <img decoding=\"async\" data-lb-desktop=\"\/media\/2026\/09\/02\/860042\/Orig-Screenshot_2026-09-01_at_19_15_30-1200.webp\" data-lb-mobile=\"\/media\/2026\/09\/02\/860042\/Orig-Screenshot_2026-09-01_at_19_15_30-600.webp\" class=\"main-gallery-image se_image_lb\" src=\"https:\/\/www.europesays.com\/si\/wp-content\/uploads\/2026\/09\/Wide-Screenshot_2026-09-01_at_19_15_30-1000.webp\" alt=\"Foto: zajem zaslona fb\"\/><\/p>\n<p>Nesre\u010da se je zgodila konec julija, v njej pa sta se predsednica in njena prijateljica tudi po\u0161kodovali. Predsednica je priznala, da ni bila pripeta z varnostnim pasom, kar je tudi ob\u017ealovala. Foto: zajem zaslona fb<\/p>\n<p>Urad predsednice za\u010duden, da je posnetek postal javno dostopen, ko so njihovo pro\u0161njo zavrnili<\/p>\n<p>Urad predsednice republike je ob objavi posnetkov predsedni\u010dine nesre\u010de opozoril, da so tudi sami \u017eeleli dobiti posnetek, vendar jim dostop zaradi varovanja interesov predkazenskega postopka ni bil omogo\u010den. Ta argument razumejo, so dodali, se pa spra\u0161ujejo, kako je lahko zdaj posnetek postal javno dostopen \u0161e pred zaklju\u010dkom postopka.<\/p>\n<p>                        02. 09. 2026, 18.36\n                    <\/p>\n<p> sta\n                    <\/p>\n<p>                        <a href=\"https:\/\/google.com\/preferences\/source?q=dnevnik.si\" class=\"se-author-gps-cta\" target=\"_blank\" rel=\"nofollow noopener\"><br \/>\n                            <img decoding=\"async\" class=\"se-author-gps-cta-badge\" src=\"https:\/\/www.europesays.com\/si\/wp-content\/uploads\/2026\/09\/1788395532_514_dnevnik_gps_badge.png\" alt=\"Google Preferred Sources CTA\"\/><br \/>\n                        <\/a><\/p>\n<p>&#8220;Urad predsednice je za pridobitev posnetka zaprosil neposredno po prometni nesre\u010di zaradi izvedbe notranjih postopkov,&#8221; so navedli.<\/p>\n<p>Dodali so, da so se obrnili tako na policijo kot na Specializirano dr\u017eavno to\u017eilstvo, vendar jim dostop zaradi postopka preiskave nesre\u010de, ki \u0161e poteka, ni bil omogo\u010den. &#8220;To\u017eilstvo je uradu tudi pisno pojasnilo, da mu bo posnetek posredovalo po zaklju\u010dku predkazenskega postopka. Ta argument razumemo,&#8221; so navedli.<\/p>\n<p>Vpleteni \u0161e niso bili niti zasli\u0161ani<\/p>\n<p>Dan po objavi posnetka na Televiziji Slovenija in POP TV pa pravijo, da je &#8220;povsem legitimno vpra\u0161anje, kako je lahko posnetek, do katerega urad zaradi varovanja interesov predkazenskega postopka ni mogel dostopati, postal javno dostopen \u0161e pred njegovim zaklju\u010dkom&#8221;. Kot so namre\u010d pojasnili, predsednica republike niti oba voznika namre\u010d v postopku sploh \u0161e niso bili zasli\u0161ani.<\/p>\n<p>    <a class=\"se-card__wrap se-card--link\" href=\"https:\/\/www.dnevnik.si\/novice\/slovenija\/po-mesecu-dni-objavljen-posnetek-prometne-nesrece-predsednice-republike-2825262\/\" data-upscore-url=\"\" rel=\"nofollow noopener\" target=\"_blank\"><\/p>\n<p>        <img decoding=\"async\" class=\"se-image se-image--card\" src=\"https:\/\/www.europesays.com\/si\/wp-content\/uploads\/2026\/09\/Wide-Screenshot_2026-09-01_at_19_15_30-400.webp\" alt=\"Foto: zajem zaslona fb\"\/><\/p>\n<p>Javno<\/p>\n<p>Po mesecu dni objavljen posnetek prometne nesre\u010de predsednice republike<\/p>\n<p>    <\/a><\/p>\n<p>Nesre\u010da se je zgodila konec julija, v njej pa sta se predsednica in njena prijateljica tudi po\u0161kodovali. Predsednica je priznala, da ni bila pripeta z varnostnim pasom, kar je tudi ob\u017ealovala.<\/p>\n<p>Sveta za nacionalno varnost \u0161e vedno niso sklicali<\/p>\n<p>Do dogajanja, ki je spro\u017eil \u0161tevilna ugibanja, tudi zaradi predsedni\u010dine prijateljice Viktorije Krivolucke, ki je bila soudele\u017eena v nesre\u010di, je bil danes sicer kriti\u010den tudi prvak Svobode Robert Golob, ki je opozoril, da njegov poziv predsedniku vlade, da skli\u010de svet za nacionalno varnost, ostaja neodgovorjen.<\/p>\n<p>&#8220;Prepri\u010dan sem, da je v interesu vladajo\u010de koalicije, da nikoli ne bo pri\u0161lo do razkritja pravih dejstev samo zato, da bodo lahko iz tega \u0161e naprej ustvarjali la\u017ei in neresnice,&#8221; je dodal.<\/p>\n","protected":false},"excerpt":{"rendered":"Nesre\u010da se je zgodila konec julija, v njej pa sta se predsednica in njena prijateljica tudi po\u0161kodovali. Predsednica&hellip;\n","protected":false},"author":2,"featured_media":213454,"comment_status":"","ping_status":"","sticky":false,"template":"","format":"standard","meta":{"footnotes":"","_share_on_mastodon":"0"},"categories":[6],"tags":[1332,11114,76,215,59,61,62,37,58,60,38,8375],"class_list":["post-213453","post","type-post","status-publish","format-standard","has-post-thumbnail","category-slovenija","tag-nacionalna-varnost","tag-predsednica-republike","tag-preiskava","tag-prometna-nesreca","tag-republic-of-slovenia","tag-republika-slovenija","tag-si","tag-slovene","tag-slovenia","tag-slovenija","tag-slovenscina","tag-varnostni-pas"],"share_on_mastodon":{"url":"https:\/\/pubeurope.com\/@si\/117204296906792088","error":""},"_links":{"self":[{"href":"https:\/\/www.europesays.com\/si\/wp-json\/wp\/v2\/posts\/213453","targetHints":{"allow":["GET"]}}],"collection":[{"href":"https:\/\/www.europesays.com\/si\/wp-json\/wp\/v2\/posts"}],"about":[{"href":"https:\/\/www.europesays.com\/si\/wp-json\/wp\/v2\/types\/post"}],"author":[{"embeddable":true,"href":"https:\/\/www.europesays.com\/si\/wp-json\/wp\/v2\/users\/2"}],"replies":[{"embeddable":true,"href":"https:\/\/www.europesays.com\/si\/wp-json\/wp\/v2\/comments?post=213453"}],"version-history":[{"count":0,"href":"https:\/\/www.europesays.com\/si\/wp-json\/wp\/v2\/posts\/213453\/revisions"}],"wp:featuredmedia":[{"embeddable":true,"href":"https:\/\/www.europesays.com\/si\/wp-json\/wp\/v2\/media\/213454"}],"wp:attachment":[{"href":"https:\/\/www.europesays.com\/si\/wp-json\/wp\/v2\/media?parent=213453"}],"wp:term":[{"taxonomy":"category","embeddable":true,"href":"https:\/\/www.europesays.com\/si\/wp-json\/wp\/v2\/categories?post=213453"},{"taxonomy":"post_tag","embeddable":true,"href":"https:\/\/www.europesays.com\/si\/wp-json\/wp\/v2\/tags?post=213453"}],"curies":[{"name":"wp","href":"https:\/\/api.w.org\/{rel}","templated":true}]}}