{"id":213465,"date":"2026-09-03T00:49:16","date_gmt":"2026-09-03T00:49:16","guid":{"rendered":"https:\/\/www.europesays.com\/si\/213465\/"},"modified":"2026-09-03T00:49:16","modified_gmt":"2026-09-03T00:49:16","slug":"zelenski-opozarja-na-izjemno-nevarno-rusko-nebo-putin-grozi-s-teroristi-se-ne-pogajamo","status":"publish","type":"post","link":"https:\/\/www.europesays.com\/si\/213465\/","title":{"rendered":"Zelenski opozarja na izjemno nevarno rusko nebo, Putin grozi: S teroristi se ne pogajamo"},"content":{"rendered":"<p>    <img decoding=\"async\" data-lb-desktop=\"\/media\/2026\/09\/02\/859743\/Orig-2026-09-01T210904Z_270973851_RC2KANA0UFAK_RTRMADP_5_SCO-SUMMIT-KYRGYZSTAN-PUTIN-BRIEFING-1200.webp\" data-lb-mobile=\"\/media\/2026\/09\/02\/859743\/Orig-2026-09-01T210904Z_270973851_RC2KANA0UFAK_RTRMADP_5_SCO-SUMMIT-KYRGYZSTAN-PUTIN-BRIEFING-600.webp\" class=\"main-gallery-image se_image_lb\" src=\"https:\/\/www.europesays.com\/si\/wp-content\/uploads\/2026\/09\/Wide-2026-09-01T210904Z_270973851_RC2KANA0UFAK_RTRMADP_5_SCO-SUMMIT-KYRGYZSTAN-PUTIN-BRIEFING-1000.w.webp\" alt=\"Russian President Vladimir Putin speaks during a press conference following the Shanghai Cooperation Organisation (SCO) summit in Bishkek, Kyrgyzstan September 2, 2026. Sputnik\/Vyacheslav Prokofyev\/Pool via REUTERS ATTENTION EDITORS - THIS IMAGE WAS PROVIDED BY A THIRD PARTY.\"\/><\/p>\n<p>Putin se je na izjavo odzval na sre\u010danju z novinarji\u00a0v Bi\u0161keku po vrhu \u0160anghajske organizacije za sodelovanje. Foto: Reuters<\/p>\n<p>Zelenski opozarja na izjemno nevarno rusko nebo, Putin grozi: S teroristi se ne pogajamo<\/p>\n<p>Ruski predsednik Vladimir Putin je sporo\u010dilo ukrajinskega predsednika Volodimirja Zelenskega, da bo ruski zra\u010dni prostor zaradi ukrajinskih dronov postajal vse bolj nevaren in &#8220;de facto zaprt&#8221;, ozna\u010dil za &#8220;napoved dr\u017eavnega terorizma&#8221;. Ob tem je opozoril, da bo Rusija odlo\u010dno odgovorila, \u010de bodo ti napadi privedli do tragedij v civilnem letalstvu.<\/p>\n<p>                        02. 09. 2026, 09.31\n                    <\/p>\n<p> rr\n                    <\/p>\n<p>                        <a href=\"https:\/\/google.com\/preferences\/source?q=dnevnik.si\" class=\"se-author-gps-cta\" target=\"_blank\" rel=\"nofollow noopener\"><br \/>\n                            <img decoding=\"async\" class=\"se-author-gps-cta-badge\" src=\"https:\/\/www.europesays.com\/si\/wp-content\/uploads\/2026\/09\/1788396555_745_dnevnik_gps_badge.png\" alt=\"Google Preferred Sources CTA\"\/><br \/>\n                        <\/a><\/p>\n<p>Putin je o tej temi govoril z novinarji v Bi\u0161keku po vrhu \u0160anghajske organizacije za sodelovanje (SCO).\u00a0&#8220;Teh izjav nisem sli\u0161al, a \u010de je bilo to izre\u010deno na glas, gre preprosto za napoved dr\u017eavnega terorizma,&#8221; je dejal Putin in izjavo Zelenskega takoj povezal z morebitnimi pogajanji o kon\u010danju vojne.\u00a0&#8220;Opozarjam na dejstvo, da od nas zahtevajo nadaljevanje pogajanj in osebna sre\u010danja. S teroristi pa se ne pogaja. To je prva stvar. Kot drugo pa: \u010de bi se tak\u0161na tragedija zgodila, bomo na\u0161li na\u010din za odgovor. Naj nih\u010de ne dvomi o tem.&#8221;<\/p>\n<p>Kaj je v resnici dejal Zelenski?<\/p>\n<p>Zelenski je pred tem v svojem ve\u010dernem nagovoru opozoril letalske dru\u017ebe, zavarovalnice in vse druge, ki uporabljajo ruski zra\u010dni prostor, da bodo ukrajinski droni vse pogosteje delovali nad ozemljem Rusije.<\/p>\n<p>&#8220;Danes \u017eelimo opozoriti vsako letalsko dru\u017ebo, ki uporablja ruski zra\u010dni prostor, vsako zavarovalnico in vse, ki \u0161e naprej uporabljajo klju\u010dna ruska letali\u0161\u010da: rusko nebo postaja izjemno nevarno,&#8221; je opozoril Zelenski. Poudaril je, da Ukrajina ne grozi civilnim letalom.\u00a0&#8220;Ukrajina ne predstavlja gro\u017enje za civilno letalstvo kot tako, za nobeno civilno letalo. Enostavno bo na nebu nad Rusijo ve\u010d dronov in to je treba upo\u0161tevati. \u010ceprav ruske oblasti o tem ne poro\u010dajo tako, kot bi morale, se bo rusko nebo de facto zaprlo: vojna, ki jo je spro\u017eila Rusija, zapira njeno nebo.&#8221;<\/p>\n<p>    <a class=\"se-card__wrap se-card--link\" href=\"https:\/\/www.dnevnik.si\/novice\/svet\/zelenski-kdor-leti-v-moskvo-in-sankt-peterburg-mora-racunati-na-resno-tveganje-2825268\/\" data-upscore-url=\"\" rel=\"nofollow noopener\" target=\"_blank\"><\/p>\n<p>        <img decoding=\"async\" class=\"se-image se-image--card\" src=\"https:\/\/www.europesays.com\/si\/wp-content\/uploads\/2026\/09\/Wide-Netherlands_Four_Freedoms_Awards_89977--28678-400.webp\" alt=\"Ukraine's President Volodymyr Zelenskyy speaks next to a drone after he received the International Four Freedoms Award, in Middelburg, Netherlands, Thursday, April 16, 2026. (AP Photo\/Peter Dejong)\"\/><\/p>\n<p>Resno opozorilo<\/p>\n<p>Zelenski: Kdor leti v Moskvo in Sankt Peterburg, mora ra\u010dunati na resno tveganje<\/p>\n<p>    <\/a><\/p>\n<p>Ukrajinski predsednik je pojasnil, da bo v ruskem\u00a0zra\u010dnem prostoru vse ve\u010d ukrajinskih brezpilotnikov in raket, kar je ozna\u010dil kot del pravice Ukrajine do samoobrambe. Poudaril je, da Ukrajina napada ruske voja\u0161ke tar\u010de ter dele gospodarstva, ki slu\u017eijo ruskemu voja\u0161kemu stroju. Posebej je pozval letalske dru\u017ebe, ki letijo v Moskvo, Sankt Peterburg in druga ve\u010dja ruska sredi\u0161\u010da, naj upo\u0161tevajo tveganje, ter napovedal, da bo ukrajinsko zunanje ministrstvo mednarodnim organizacijam predalo vse podatke o tveganjih. &#8220;Civilno letalstvo nima kaj iskati med droni,&#8221; je sklenil Zelenski.<\/p>\n<p>Del tujih dru\u017eb \u0161e naprej leti nad Rusijo<\/p>\n<p>Evropske in ameri\u0161ke letalske dru\u017ebe zaradi vojne \u017ee zdaj ve\u010dinoma ne uporabljajo ruskega zra\u010dnega prostora, vendar nad Rusijo \u0161e naprej letijo prevozniki iz \u0161tevilnih drugih dr\u017eav, med katerimi so Kitajska, Tur\u010dija in Zdru\u017eeni arabski emirati.<\/p>\n<p>Dru\u017eba Osprey Flight Solutions, ki se ukvarja z oceno tveganj v letalstvu, je opozorila, da so vsakodnevni ukrajinski napadi z droni ali raketami globoko na ruskem ozemlju \u2013\u00a0vklju\u010dno z obmo\u010dji v bli\u017eini Moskve in Sankt Peterburga \u2013\u00a0skoraj neizogibni. Opozorili so tudi na nevarnost napa\u010dne identifikacije civilnih letal med delovanjem ruske zra\u010dne obrambe.<\/p>\n<p>    <a class=\"se-card__wrap se-card--link\" href=\"https:\/\/www.dnevnik.si\/novice\/svet\/putin-se-ne-bo-ustavil-dokler-ne-bo-ustavljen-ukrajina-na-bledu-poziva-k-vecji-podpori-2825202\/\" data-upscore-url=\"\" rel=\"nofollow noopener\" target=\"_blank\"><\/p>\n<p>        <img decoding=\"async\" class=\"se-image se-image--card\" src=\"https:\/\/www.europesays.com\/si\/wp-content\/uploads\/2026\/09\/Wide-bsf-400.webp\" alt=\"okrogla miza na BSF: \" mir=\"\" brez=\"\" iluizij=\"\"\/><\/p>\n<p>Vojna v Ukrajini<\/p>\n<p>\u00bbPutin se ne bo ustavil, dokler ne bo ustavljen\u00ab: Ukrajina na Bledu poziva k ve\u010dji podpori<\/p>\n<p>    <\/a><\/p>\n<p>Tveganje ni le teoreti\u010dno. Evropsko sodi\u0161\u010de za \u010dlovekove pravice je Rusijo spoznalo za odgovorno za sestrelitev potni\u0161kega letala boeing dru\u017ebe Malaysia Airlines na letu MH17 nad vzhodno Ukrajino leta 2014. Decembra 2024 je po incidentu v ruskem zra\u010dnem prostoru strmoglavilo tudi letalo dru\u017ebe Azerbaijan Airlines. Putin je kasneje azerbajd\u017eanskemu predsedniku priznal, da sta se v bli\u017eini letala spro\u017eili dve ruski raketi zra\u010dne obrambe, ko je Rusija odbijala napad ukrajinskih dronov. V nesre\u010di je umrlo 38 ljudi.<\/p>\n<p>Putin napovedal nove napade<\/p>\n<p>Na isti tiskovni konferenci je Putin \u0161e razkril, da je ruska vojska dobila navodila za pripravo masovnih napadov na ukrajinske energetske objekte. Trdil je, da gre za odgovor na ukrajinske napade na rusko energetsko infrastrukturo in rafinerije.<\/p>\n<p>    <a class=\"se-card__wrap se-card--link\" href=\"https:\/\/www.dnevnik.si\/novice\/svet\/zunanji-ministri-eu-danes-o-podpori-ukrajini-bliznjem-vzhodu-in-reformi-zunanjega-delovanja-unije-2825274\/\" data-upscore-url=\"\" rel=\"nofollow noopener\" target=\"_blank\"><\/p>\n<p>        <img decoding=\"async\" class=\"se-image se-image--card\" src=\"https:\/\/www.europesays.com\/si\/wp-content\/uploads\/2026\/09\/Wide-20260901_01569997-400.webp\" alt=\"Bled, Rikli Balance HotelBlejski strateski forum 2026.Novinarska konferenca ministra za zunanje in evropske zadeve Toneta Kajzerja.\"\/><\/p>\n<p>neformalno zasedanje<\/p>\n<p>Zunanji ministri EU danes o podpori Ukrajini, Bli\u017enjem vzhodu in reformi zunanjega delovanja unije<\/p>\n<p>    <\/a><\/p>\n<p>&#8220;Ruskim oboro\u017eenim silam so bila dana navodila za pripravo in izvedbo masovnih napadov na energetske objekte Ukrajine. Napadajo na\u0161e \u2013\u00a0dobili bodo odgovor,&#8221; je dejal Putin.<\/p>\n<p>Tiskovna agencija Reuters navaja, da je Putin ob tem priznal, da so ukrajinski napadi z droni povzro\u010dili dejansko \u0161kodo ruskim rafinerijam, a je zatrdil, da so njihovo za\u0161\u010dito medtem \u017ee izbolj\u0161ali.<\/p>\n<p>Opozorilo Zelenskega je sicer sledilo ve\u010ddnevnemu stopnjevanju ruskih zra\u010dnih napadov na Ukrajino. Hkrati je Ukrajina v zadnjih mesecih poostrila napade z droni globoko v notranjosti Rusije, predvsem na rafinerije, naftne terminale in drugo infrastrukturo, povezano z ruskimi voja\u0161kimi operacijami.<\/p>\n","protected":false},"excerpt":{"rendered":"Putin se je na izjavo odzval na sre\u010danju z novinarji\u00a0v Bi\u0161keku po vrhu \u0160anghajske organizacije za sodelovanje. Foto:&hellip;\n","protected":false},"author":2,"featured_media":213466,"comment_status":"","ping_status":"","sticky":false,"template":"","format":"standard","meta":{"footnotes":"","_share_on_mastodon":"0"},"categories":[8],"tags":[3144,1450,4844,1326,1514,421,37,38,64,14676,71,63,1515,6031],"class_list":["post-213465","post","type-post","status-publish","format-standard","has-post-thumbnail","category-svet","tag-droni","tag-energetska-infrastruktura","tag-letalske-druzbe","tag-pogajanja","tag-putin","tag-rusija","tag-slovene","tag-slovenscina","tag-svet","tag-terorizem","tag-ukrajina","tag-world","tag-zelenski","tag-zracni-prostor"],"share_on_mastodon":{"url":"https:\/\/pubeurope.com\/@si\/117204364165239984","error":""},"_links":{"self":[{"href":"https:\/\/www.europesays.com\/si\/wp-json\/wp\/v2\/posts\/213465","targetHints":{"allow":["GET"]}}],"collection":[{"href":"https:\/\/www.europesays.com\/si\/wp-json\/wp\/v2\/posts"}],"about":[{"href":"https:\/\/www.europesays.com\/si\/wp-json\/wp\/v2\/types\/post"}],"author":[{"embeddable":true,"href":"https:\/\/www.europesays.com\/si\/wp-json\/wp\/v2\/users\/2"}],"replies":[{"embeddable":true,"href":"https:\/\/www.europesays.com\/si\/wp-json\/wp\/v2\/comments?post=213465"}],"version-history":[{"count":0,"href":"https:\/\/www.europesays.com\/si\/wp-json\/wp\/v2\/posts\/213465\/revisions"}],"wp:featuredmedia":[{"embeddable":true,"href":"https:\/\/www.europesays.com\/si\/wp-json\/wp\/v2\/media\/213466"}],"wp:attachment":[{"href":"https:\/\/www.europesays.com\/si\/wp-json\/wp\/v2\/media?parent=213465"}],"wp:term":[{"taxonomy":"category","embeddable":true,"href":"https:\/\/www.europesays.com\/si\/wp-json\/wp\/v2\/categories?post=213465"},{"taxonomy":"post_tag","embeddable":true,"href":"https:\/\/www.europesays.com\/si\/wp-json\/wp\/v2\/tags?post=213465"}],"curies":[{"name":"wp","href":"https:\/\/api.w.org\/{rel}","templated":true}]}}