{"id":213487,"date":"2026-09-03T01:25:11","date_gmt":"2026-09-03T01:25:11","guid":{"rendered":"https:\/\/www.europesays.com\/si\/213487\/"},"modified":"2026-09-03T01:25:11","modified_gmt":"2026-09-03T01:25:11","slug":"novomescani-za-uvod-ugnali-velenjcane","status":"publish","type":"post","link":"https:\/\/www.europesays.com\/si\/213487\/","title":{"rendered":"Novome\u0161\u010dani za uvod ugnali Velenj\u010dane"},"content":{"rendered":"<p>\t\t\t\t\t\t\t\t<a href=\"https:\/\/www.europesays.com\/si\/wp-content\/uploads\/2026\/09\/66999145.jpg\" itemprop=\"contentUrl\" data-size=\"1200x800\" data-large=\"https:\/\/www.europesays.com\/si\/wp-content\/uploads\/2026\/09\/66999145.jpg\"><br \/>\n\t\t\t\t\t\t\t\t\t<img decoding=\"async\" src=\"https:\/\/www.europesays.com\/si\/wp-content\/uploads\/2026\/09\/66999145.jpg\" title=\"Alju\u0161 An\u017ei\u010d je na tekmi proti Ivan\u010dni Gorici dosegel sedem zadetkov. Foto: www.alesfevzer.com\" alt=\"Alju\u0161 An\u017ei\u010d je na tekmi proti Ivan\u010dni Gorici dosegel sedem zadetkov. Foto: www.alesfevzer.com\"\/><br \/>\n\t\t\t\t\t\t\t\t<\/a><\/p>\n<p>\t\t\t\t\t\t\t\t\tAlju\u0161 An\u017ei\u010d je na tekmi proti Ivan\u010dni Gorici dosegel sedem zadetkov. Foto: www.alesfevzer.com<\/p>\n<p>\t\t\t\t\t\t\t<a id=\"preferredSourceBanner\" href=\"https:\/\/www.rtvslo.si\/sport\/rokomet\/drzavno-rokometno-prvenstvo\/novomescani-za-uvod-ugnali-velenjcane\/javascript:void(0)\" target=\"_blank\" class=\"d-none align-items-center justify-content-between rounded my-3\" style=\"padding: 10px 15px;\" rel=\"nofollow noopener\"><br \/>\n\t\t\t\t\t\t<img decoding=\"async\" src=\"https:\/\/img.rtvslo.si\/_static\/novi\/img\/ico-google.svg\" class=\"flex-shrink-0 mr-3\" aria-hidden=\"true\"\/><br \/>\n\t\t\t\t\t\tSpremljajte RTVSLO.si kot prednostni vir na Google<\/p>\n<p>\t\t\t\t\t<\/a><\/p>\n<p>Do 18. minute je bila tekma v dvorani Marof povsem izena\u010dena, po izidu 7:7 pa so na svojem igri\u0161\u010du zagospodarili izbranci trenerja Mirka Skoka in si do odhoda na veliki odmor nekajkrat priigrali prednost \u0161tirih golov (11:7, 12:8 in 13:9).<\/p>\n<p>Oglas<\/p>\n<p>Velenj\u010dani so na za\u010detku drugega pol\u010dasa kljubovali Novome\u0161\u010danom, po zaostanku 15:16 pa so po\u010dasi za\u010deli izgubljati stik. Dolenjci so znova zaigrali udarno in si v 49. minuti priigrali prednost \u0161estih zadetkov (24:18), ki je niso ve\u010d izpustili iz rok. <\/p>\n<p>Pri Krki sta bila naju\u010dinkovitej\u0161a Matev\u017e \u017dagar s sedmimi in Mantas Urvikis s \u0161estimi goli, pri Velenj\u010danih pa so Andrej Jankovski, An\u017ee Kalan in Tilen Sokoli\u010d dosegli po \u0161tiri zadetke.<\/p>\n<p>Visoka zmaga Celjanov<\/p>\n<p>Dr\u017eavni in pokalni prvaki iz pretekle sezone, rokometa\u0161i Celja Pivovarne La\u0161ko, so pred dnevi na superpokalni tekmi v dvorani Zlatorog po izvajanju sedemmetrovk morali priznati premo\u010d Trebanjcem, na uvodnem obra\u010dunu dr\u017eavnega prvenstva pa so bili za razred bolj\u0161i od tekmecev iz Ivan\u010dne Gorice. Izbranci doma\u010dega trenerja Klemena Luzarja so temelje za zmago postavili \u017ee v prvem pol\u010dasu, ki so ga kon\u010dali z visoko prednostjo osmih zadetkov (18:10). V drugem pol\u010dasu niso popustili, proti tekmecem iz Dolenjske so zanesljivo vknji\u017eili prvi par to\u010dk v sezoni 2026\/27. Pri rokometa\u0161ih iz kne\u017ejega mesta sta bila naju\u010dinkovitej\u0161a \u017diga Grabar z osmimi in Alju\u0161 An\u017ei\u010d s sedmimi goli, Benjamin Cirar pa je za igralce iz Ivan\u010dne Gorice dosegel pet zadetkov.<\/p>\n<p>Liga NLB, 1. krog<\/p>\n<p>KRKA &#8211; GORENJE VELENJE <br \/>28:23 (13:10) <br \/>\u017dagar 7, Urvikis 6; Kalan, Sokoli\u010d in A. Jankovski po 4.<\/p>\n<p>CELJE PIVOVARNA LA\u0160KO &#8211; SVI\u0160 CUGELJ OKNA <br \/>35:21 (18:10) <br \/>Grabar 8, An\u017ei\u010d 7; Cirar 5.<\/p>\n<p>RIKO RIBNICA &#8211; TRIMO TREBNJE <br \/>34:28 (18:14) <br \/>Vuki\u010devi\u0107 8; Cirar 9.<\/p>\n<p>\u0160KOFJA LOKA &#8211; JERUZALEM ORMO\u017d <br \/>32:25 (15:14). <br \/>Pirnat 7; Lukman 7.<\/p>\n<p>SLOVENJ GRADEC &#8211; \u0160KOFLJICA <br \/>34:24 (16:12) <br \/>\u0160taleker 7, Ne\u0161i\u0107 5; Podvr\u0161i\u010d 6.<\/p>\n<p>AJDOV\u0160\u010cINA &#8211; GROSIST SLOVAN<br \/>27:34 (16:17)<br \/>Malovi\u0107 in Stopar 6; Cokan in \u017dabi\u0107 5<\/p>\n<p>Oglas<\/p>\n","protected":false},"excerpt":{"rendered":"Alju\u0161 An\u017ei\u010d je na tekmi proti Ivan\u010dni Gorici dosegel sedem zadetkov. Foto: www.alesfevzer.com Spremljajte RTVSLO.si kot prednostni vir&hellip;\n","protected":false},"author":2,"featured_media":213488,"comment_status":"","ping_status":"","sticky":false,"template":"","format":"standard","meta":{"footnotes":"","_share_on_mastodon":"0"},"categories":[16],"tags":[22354,5285,301,62,37,58,60,38,94,93],"class_list":["post-213487","post","type-post","status-publish","format-standard","has-post-thumbnail","category-sport","tag-1-krog","tag-liga-nlb","tag-rokomet","tag-si","tag-slovene","tag-slovenia","tag-slovenija","tag-slovenscina","tag-sport","tag-sports"],"share_on_mastodon":{"url":"https:\/\/pubeurope.com\/@si\/117204505706322088","error":""},"_links":{"self":[{"href":"https:\/\/www.europesays.com\/si\/wp-json\/wp\/v2\/posts\/213487","targetHints":{"allow":["GET"]}}],"collection":[{"href":"https:\/\/www.europesays.com\/si\/wp-json\/wp\/v2\/posts"}],"about":[{"href":"https:\/\/www.europesays.com\/si\/wp-json\/wp\/v2\/types\/post"}],"author":[{"embeddable":true,"href":"https:\/\/www.europesays.com\/si\/wp-json\/wp\/v2\/users\/2"}],"replies":[{"embeddable":true,"href":"https:\/\/www.europesays.com\/si\/wp-json\/wp\/v2\/comments?post=213487"}],"version-history":[{"count":0,"href":"https:\/\/www.europesays.com\/si\/wp-json\/wp\/v2\/posts\/213487\/revisions"}],"wp:featuredmedia":[{"embeddable":true,"href":"https:\/\/www.europesays.com\/si\/wp-json\/wp\/v2\/media\/213488"}],"wp:attachment":[{"href":"https:\/\/www.europesays.com\/si\/wp-json\/wp\/v2\/media?parent=213487"}],"wp:term":[{"taxonomy":"category","embeddable":true,"href":"https:\/\/www.europesays.com\/si\/wp-json\/wp\/v2\/categories?post=213487"},{"taxonomy":"post_tag","embeddable":true,"href":"https:\/\/www.europesays.com\/si\/wp-json\/wp\/v2\/tags?post=213487"}],"curies":[{"name":"wp","href":"https:\/\/api.w.org\/{rel}","templated":true}]}}