{"id":213521,"date":"2026-09-03T02:07:15","date_gmt":"2026-09-03T02:07:15","guid":{"rendered":"https:\/\/www.europesays.com\/si\/213521\/"},"modified":"2026-09-03T02:07:15","modified_gmt":"2026-09-03T02:07:15","slug":"zasavski-orel-prezi-na-majorcana-tirolca-in-skota-delo-si","status":"publish","type":"post","link":"https:\/\/www.europesays.com\/si\/213521\/","title":{"rendered":"Zasavski orel pre\u017ei na Major\u010dana, Tirolca in \u0160kota &#8211; Delo.si"},"content":{"rendered":"<p><a href=\"https:\/\/news.google.com\/rss\/articles\/CBMikAFBVV95cUxOTVVueDZUanVES1ctUTdNMTBpQVVyQklDTXB1R2NhQjZ3TU1NMVE3VlcwdjIwVzlmUmlyeUlDMVk3T1M1UE0yVkg0aXZtcU1PejlyenhjZHhLUzl5MncwUFpGUnpQczBfR1pCTTVaTkRfUi0xX21YUWxiR3lDcm5UV0dYZTEtc2ZxLWtCZkN3VVU?oc=5\" target=\"_blank\" rel=\"nofollow noopener\">Zasavski orel pre\u017ei na Major\u010dana, Tirolca in \u0160kota<\/a>&nbsp;&nbsp;Delo.si<a href=\"https:\/\/news.google.com\/rss\/articles\/CBMixwFBVV95cUxPZVprTXBzU0kyZ0J3dnplSmY5V095X0Q3S0ExemIwTUZBcFJ4R1hqaVZrMU9vb19mdU84V3BORlozZG9MNGtKeUE0M0p5UHVDdThNNzI2LUdkeEhzT3VVdUYtZERiSlRCeVNvTHQwNTh1MDYzZjVZUkVsbS1ld0pxQlhqWS1EcnhUamFlSl9RNlNIek0ycG0tZWNYYTZKN1F6dDlFdWRoUFUtRWtWcGlibjczOFY3b1lpenVueU9taVJHYjF2cFBB?oc=5\" target=\"_blank\" rel=\"nofollow noopener\">Dan pred gorsko poslastico prilo\u017enost za ube\u017enike ali sprinterje<\/a>&nbsp;&nbsp;rtvslo.si<a href=\"https:\/\/news.google.com\/rss\/articles\/CBMidEFVX3lxTE9zTWZTZjYzVDhTbDFPc3BYM1poVWtmWndsVDFVcGJBd09XWHNJckZSYllxbTM5LS1DZzVHemlyWGZXWFVhTjJJeUlWdWtGaW02SkV2UXF0V3lDMkQ2aDdBd3NRQi1oajhFdWZnV3U1TUlBNWZ5?oc=5\" target=\"_blank\" rel=\"nofollow noopener\">Rogli\u010d ve, kako iztr\u017eiti maksimum<\/a>&nbsp;&nbsp;24ur.com<a href=\"https:\/\/news.google.com\/rss\/articles\/CBMijwFBVV95cUxNclRfQ2l5c2Q1em4td1A1WlVlSGs4bDhFejVFcW14bWttM1dGbjNCS21jRUtsOXpoOURsdXVZVHZMZnJfUlVRU05xXzBGUnp1YnlOVFFoQlNCb1Y2LXRWRFZMU3BueTc4c2JDNVVackJfYko5cHYyNjRLV2k1S2h6WjBYS1ZnZTBFN2Vkd2xYdw?oc=5\" target=\"_blank\" rel=\"nofollow noopener\">Primo\u017e Rogli\u010d \u010dez no\u010d dobil krila: mojster vstajenja pi\u0161e novo poglavje zgodovine<\/a>&nbsp;&nbsp;Dnevnik<a href=\"https:\/\/news.google.com\/rss\/articles\/CBMiqwFBVV95cUxQOG9xdjFjX0Q1QmM0QzlyNDJvTXhzV1A5RFlkX2NEMkFPY3J2bkRQRDNIdDJGTTJ2NkdsNF9xVURsVjlnbU9vV0VVV2R6YlloR3h0M3pwaGpvT3VQVkduRV9iUElqMnpRUWZGQXZYWjdfTWF6WDdmRERycERYb21ZOWRSVlVvNldjMnFGVmRKSUFMakc5SGItaE5CSXIwMk1ZbF9BTWNOVkJDVVk?oc=5\" target=\"_blank\" rel=\"nofollow noopener\">Pri Vismi so se u\u0161teli, zmagovalec se je le prijel za glavo<\/a>&nbsp;&nbsp;\u017durnal24<\/p>\n","protected":false},"excerpt":{"rendered":"Zasavski orel pre\u017ei na Major\u010dana, Tirolca in \u0160kota&nbsp;&nbsp;Delo.siDan pred gorsko poslastico prilo\u017enost za ube\u017enike ali sprinterje&nbsp;&nbsp;rtvslo.siRogli\u010d ve, kako&hellip;\n","protected":false},"author":2,"featured_media":213522,"comment_status":"","ping_status":"","sticky":false,"template":"","format":"standard","meta":{"footnotes":"","_share_on_mastodon":"0"},"categories":[20],"tags":[24180,47596,32,618,35,31,34,36,4557,37,38,1874,33,46867],"class_list":["post-213521","post","type-post","status-publish","format-standard","has-post-thumbnail","category-novice","tag-dirka-po-spaniji","tag-enric-mas","tag-headlines","tag-kolesarstvo","tag-najpomembnejse-novice","tag-news","tag-novice","tag-osrednje-novice","tag-primoz-roglic","tag-slovene","tag-slovenscina","tag-tadej-pogacar","tag-top-stories","tag-vuelta-2026"],"share_on_mastodon":{"url":"https:\/\/pubeurope.com\/@si\/117204671083510412","error":""},"_links":{"self":[{"href":"https:\/\/www.europesays.com\/si\/wp-json\/wp\/v2\/posts\/213521","targetHints":{"allow":["GET"]}}],"collection":[{"href":"https:\/\/www.europesays.com\/si\/wp-json\/wp\/v2\/posts"}],"about":[{"href":"https:\/\/www.europesays.com\/si\/wp-json\/wp\/v2\/types\/post"}],"author":[{"embeddable":true,"href":"https:\/\/www.europesays.com\/si\/wp-json\/wp\/v2\/users\/2"}],"replies":[{"embeddable":true,"href":"https:\/\/www.europesays.com\/si\/wp-json\/wp\/v2\/comments?post=213521"}],"version-history":[{"count":0,"href":"https:\/\/www.europesays.com\/si\/wp-json\/wp\/v2\/posts\/213521\/revisions"}],"wp:featuredmedia":[{"embeddable":true,"href":"https:\/\/www.europesays.com\/si\/wp-json\/wp\/v2\/media\/213522"}],"wp:attachment":[{"href":"https:\/\/www.europesays.com\/si\/wp-json\/wp\/v2\/media?parent=213521"}],"wp:term":[{"taxonomy":"category","embeddable":true,"href":"https:\/\/www.europesays.com\/si\/wp-json\/wp\/v2\/categories?post=213521"},{"taxonomy":"post_tag","embeddable":true,"href":"https:\/\/www.europesays.com\/si\/wp-json\/wp\/v2\/tags?post=213521"}],"curies":[{"name":"wp","href":"https:\/\/api.w.org\/{rel}","templated":true}]}}