{"id":213539,"date":"2026-09-03T02:26:11","date_gmt":"2026-09-03T02:26:11","guid":{"rendered":"https:\/\/www.europesays.com\/si\/213539\/"},"modified":"2026-09-03T02:26:11","modified_gmt":"2026-09-03T02:26:11","slug":"grofje-zmagali-v-sumi-radio-fantasy","status":"publish","type":"post","link":"https:\/\/www.europesays.com\/si\/213539\/","title":{"rendered":"Grofje zmagali v &#8220;\u0161umi&#8221; &#8211; Radio Fantasy"},"content":{"rendered":"<p>2. 9. 2026 ob 22:02&#13;<br \/>\n&#13;<br \/>\n&#13;<br \/>\n&#13;<br \/>\n&#13;<br \/>\n&#13;<br \/>\n<img decoding=\"async\" src=\"https:\/\/www.europesays.com\/si\/wp-content\/uploads\/2026\/09\/09383100-2874-4134-8f0c-8ee271e8b7b8.jpg\" alt=\"Foto: Radio Fantasy\" style=\"width:100%;max-width:600px;border:none\"\/>&#13;<br \/>\nFoto: Radio Fantasy&#13;<br \/>\n&#13;<br \/>\n&#13;<br \/>\n&#13;<\/p>\n<p>V pisarnah NK Celje je v teh dneh zelo pestro, saj lovijo rok za prijavo seznama nogometa\u0161ev, na katere ra\u010dunajo v liga\u0161kem delu evropske lige, hkrati pa usklajujejo pogodbe z nogometa\u0161i, ki bi jih \u0161e \u017eeleli priklju\u010diti \u010dlanskemu mo\u0161tvu. V tem tednu se jim je pridru\u017eil Bla\u017e Kramer, 30-letnik, ki naj bi okrepil celjski napad, je s klubom sklenil pogodbo do 30. junija 2028.<\/p>\n<p>&#13;<\/p>\n<p>Medtem ko klubsko vodstvo bije bitke v pisarnah, trener Celja Vitor Campelos z mo\u0161tvom bije bitke na nogometnih zelenicah. V zaostali tekmi 2. kroga Prve lige Telemach so se v Kidri\u010devem pomerili nogometa\u0161i Aluminija in Celja. Dvoboj aktualnih pokalnih in dr\u017eavnih prvakov Slovenije je pripadel Celjanom. Zmagali so z 2:0. (Svit Se\u0161lar, Artemius Tuty\u0161kinas). Mo\u0161tvo Celja se je tako teden dni po bole\u010dem evropskem porazu proti Slovanu Bratislavi in tri dni po prvem prvenstvenem porazu, ki mu ga je zadalo Brinje Grosuplje, vrnilo na zmagovito pot. Z zmagovitim paketom treh to\u010dk v &#8216;\u0161umi&#8217; in predhodnimi osmimi to\u010dkami, so se trikratni dr\u017eavni prvaki na prvenstveni lestvici izena\u010dili z Bravom, ki je na 3. mestu.Celje ima sicer v primerjavi z ostalimi prvoliga\u0161i, tako kot Radomlje, \u0161e tekmo v dobrem, saj je bil avgustovski obra\u010dun z Mlinarji prelo\u017een, zaradi evropskih obveznosti Grofov.\u00a0<\/p>\n<p>&#13;<\/p>\n<p>Na obzorju pa je \u017ee nova bitka nogometa\u0161ev Celja za prvenstvene to\u010dke. V nedeljo, 6. septembra se bodo na Stadionu Z&#8217;de\u017eele soo\u010dili z ekipo Kopra. Tekma bo ob 20.15. Vstopnice so na voljo na spletni strani NK Celje in v klubski trgovini. Na obeh lokacijah je imetnikom sezonskih vstopnic omogo\u010den tudi nakup evropskih paketov vstopnic za \u0161tiri doma\u010de tekme liga\u0161kega dela evropske lige.\u00a0<\/p>\n<p>&#13;<\/p>\n<p>Do petka, 4. septembra, do 13. ure pa so na klubski spletni strani odprte prijave za ekipo spremljeval\u010dkov na nedeljski tekmi Grofov in Kanar\u010dkov. V po\u0161tev pridejo otroci, visoki od 105 do 135 centimetrov.<\/p>\n<p>&#13;<br \/>\n&#13;<\/p>\n","protected":false},"excerpt":{"rendered":"2. 9. 2026 ob 22:02&#13; &#13; &#13; &#13; &#13; &#13; &#13; Foto: Radio Fantasy&#13; &#13; &#13; &#13; V&hellip;\n","protected":false},"author":2,"featured_media":213540,"comment_status":"","ping_status":"","sticky":false,"template":"","format":"standard","meta":{"footnotes":"","_share_on_mastodon":"0"},"categories":[23],"tags":[162,4257,264,741,62,37,58,60,38],"class_list":["post-213539","post","type-post","status-publish","format-standard","has-post-thumbnail","category-celje","tag-celje","tag-mk-celje-lokalno-udarno","tag-nogomet","tag-radio-fantasy","tag-si","tag-slovene","tag-slovenia","tag-slovenija","tag-slovenscina"],"share_on_mastodon":{"url":"https:\/\/pubeurope.com\/@si\/117204745563313638","error":""},"_links":{"self":[{"href":"https:\/\/www.europesays.com\/si\/wp-json\/wp\/v2\/posts\/213539","targetHints":{"allow":["GET"]}}],"collection":[{"href":"https:\/\/www.europesays.com\/si\/wp-json\/wp\/v2\/posts"}],"about":[{"href":"https:\/\/www.europesays.com\/si\/wp-json\/wp\/v2\/types\/post"}],"author":[{"embeddable":true,"href":"https:\/\/www.europesays.com\/si\/wp-json\/wp\/v2\/users\/2"}],"replies":[{"embeddable":true,"href":"https:\/\/www.europesays.com\/si\/wp-json\/wp\/v2\/comments?post=213539"}],"version-history":[{"count":0,"href":"https:\/\/www.europesays.com\/si\/wp-json\/wp\/v2\/posts\/213539\/revisions"}],"wp:featuredmedia":[{"embeddable":true,"href":"https:\/\/www.europesays.com\/si\/wp-json\/wp\/v2\/media\/213540"}],"wp:attachment":[{"href":"https:\/\/www.europesays.com\/si\/wp-json\/wp\/v2\/media?parent=213539"}],"wp:term":[{"taxonomy":"category","embeddable":true,"href":"https:\/\/www.europesays.com\/si\/wp-json\/wp\/v2\/categories?post=213539"},{"taxonomy":"post_tag","embeddable":true,"href":"https:\/\/www.europesays.com\/si\/wp-json\/wp\/v2\/tags?post=213539"}],"curies":[{"name":"wp","href":"https:\/\/api.w.org\/{rel}","templated":true}]}}