{"id":213567,"date":"2026-09-03T02:59:15","date_gmt":"2026-09-03T02:59:15","guid":{"rendered":"https:\/\/www.europesays.com\/si\/213567\/"},"modified":"2026-09-03T02:59:15","modified_gmt":"2026-09-03T02:59:15","slug":"zapleti-kraljica-mette-marit-po-presaditvi-pljuc-spet-v-bolnisnici","status":"publish","type":"post","link":"https:\/\/www.europesays.com\/si\/213567\/","title":{"rendered":"Zapleti: Kraljica Mette-Marit po presaditvi plju\u010d spet v bolni\u0161nici!"},"content":{"rendered":"<p>Kralj Haakon je \u017eeno sam odpeljal v bolni\u0161nico.<\/p>\n<p>V nadaljevanju preberite:<br \/>\u00a0<\/p>\n<p>Kralj Haakon je v\u010deraj prisegel norve\u0161ki ustavi, medtem ko se kraljica Mette-Marit slovesnosti zaradi zdravstvenih zapletov ni mogla udele\u017eiti.\u00a0<br \/>\nMette-Marit je letos prestala presaditev plju\u010d, po kateri se soo\u010da z ve\u010d zapleti. Zaradi nenadnega poslab\u0161anja zdravstvenega stanja so jo po slovesnosti odpeljali v bolni\u0161nico Rikshospitalet v Oslu.<br \/>\nStrokovnjaki opozarjajo, da je obdobje po presaditvi plju\u010d zelo ob\u010dutljivo. Bolniki morajo dosledno jemati imunosupresivna zdravila, ki zmanj\u0161ujejo tveganje zavrnitve organa, vendar hkrati pove\u010dujejo dovzetnost za oku\u017ebe.<\/p>\n<p><img decoding=\"async\" alt=\"mette-marit | Avtor: Profimedia\" class=\"rwd\" data-href=\"https:\/\/www.zurnal24.si\/media\/img\/ac\/4f\/b3f101da99de5984ecbb.jpeg\" itemprop=\"image\" src=\"\/media\/img\/c9\/31\/42fdaadc43255c4f69b6.jpeg\"\/><\/p>\n<p>                Profimedia<\/p>\n<p>Kralj Haakon je v\u010deraj\u00a0prisegel ustavi, kar je njegova soproga,\u00a0kraljica Mette-Marit, zamudila. Iz\u00a0zdravstvenih razlogov je bila prisiljena v zadnjem trenutku\u00a0odpovedati svojo udele\u017ebo na slovesnosti, ki je bila zelo pomembna tudi za njeno h\u010derko, prestolonaslednico Ingrid Alexandro, ki je zaprisegla pisno.<\/p>\n<p>Mette-Marit je letos prestala presaditev plju\u010d.\u00a0Njeno stanje se je v zadnjih mesecih zaradi stresa, povezanega s <a href=\"https:\/\/www.zurnal24.si\/magazin\/vip\/sin-norveske-princese-v-zaporu-znorel-prepeljali-so-ga-na-urgenco-460663\" rel=\"nofollow noopener\" target=\"_blank\">sinom <\/a>in Jeffreyjem Epsteinom, poslab\u0161alo, zato so Mette-Marit uvrstili na seznam \u010dakajo\u010dih za nova plju\u010da. Organ je dobila izjemno hitro, kar je spro\u017eilo namigovanja, da je <a href=\"https:\/\/www.zurnal24.si\/magazin\/vip\/do-organa-v-nekaj-dneh-je-princesa-mette-marit-preskocila-vrsto-460764\" rel=\"nofollow noopener\" target=\"_blank\">presko\u010dila vrsto.\u00a0<\/a><\/p>\n<p>Po mnenju strokovnjakov za\u010detno obdobje zunaj bolni\u0161nice predstavlja veliko tveganje za pacienta, ki je prejel nov organ. \u0160vedski zdravnik Jesper Magnusson, medicinski direktor za presaditve plju\u010d v univerzitetni bolni\u0161nici Sahlgrenska v G\u00f6teborgu, je za TV 2 izpostavil visoko tveganje akutnih zavrnitvenih reakcij, zlasti v prvem letu. Redno in natan\u010dno \u010dasovno usklajeno jemanje imunosupresivnih zdravil je zdaj za prestolonaslednico Mette-Marit bistvenega pomena, a ta terapija drasti\u010dno pove\u010duje tveganje za oku\u017ebe, saj je imunski sistem oslabljen. &#8220;Cilj je, da bi pacienti \u017eiveli bolj\u0161e \u017eivljenje kot prej. Toda \u017eivljenje ne bo nikoli ve\u010d enako kot pred boleznijo,&#8221; je izjavil strokovnjak.<\/p>\n<p>Pri Mette-Marit so se v zadnjih dneh pojavili zapleti, zaradi \u010desar jo je mo\u017e po slovesni zaprisegi\u00a0odpeljal v bolni\u0161nico\u00a0Rikshospitalet v Oslu. Je bil kriv stres po smrti ljubljenega kralja <a href=\"https:\/\/www.zurnal24.si\/magazin\/vip\/posnetek-nosenja-kraljeve-krste-dviguje-prah-ste-videli-kdo-stoji-zadaj-464449\" rel=\"nofollow noopener\" target=\"_blank\">Haralda<\/a>?<\/p>\n<p>Njen pulmolog\u00a0Are\u00a0Holm je povedal: &#8220;Zapleti po presaditvi plju\u010d niso redkost. Kraljica je po operaciji do\u017eivela ve\u010d zapletov, vklju\u010dno z dana\u0161njim. Zaradi tega mora kraljica ves dan ostati na opazovanju ves dan.&#8221; Haakon in Mette-Marit, ki je v bolni\u0161nici ostala pribli\u017eno \u0161tiri ure, sta stavbo skupaj zapustila zve\u010der.<\/p>\n<p>V isti bolni\u0161nici so v\u010deraj opazili tudi\u00a054-letno princeso M\u00e4rtho Louise. Tam namre\u010d le\u017ei njen\u00a0mo\u017e, 51-letni Durek Verrett, ki je pred kratkim prestal presaditev ledvice. Spremljala jo je h\u010di, 23-letna Maud Angelica Behn.<\/p>\n","protected":false},"excerpt":{"rendered":"Kralj Haakon je \u017eeno sam odpeljal v bolni\u0161nico. V nadaljevanju preberite:\u00a0 Kralj Haakon je v\u010deraj prisegel norve\u0161ki ustavi,&hellip;\n","protected":false},"author":2,"featured_media":213568,"comment_status":"","ping_status":"","sticky":false,"template":"","format":"standard","meta":{"footnotes":"","_share_on_mastodon":"0"},"categories":[8],"tags":[9184,1104,12545,37,38,64,63],"class_list":["post-213567","post","type-post","status-publish","format-standard","has-post-thumbnail","category-svet","tag-mette-marit","tag-norveska","tag-presaditev-pljuc","tag-slovene","tag-slovenscina","tag-svet","tag-world"],"share_on_mastodon":{"url":"https:\/\/pubeurope.com\/@si\/117204875160519957","error":""},"_links":{"self":[{"href":"https:\/\/www.europesays.com\/si\/wp-json\/wp\/v2\/posts\/213567","targetHints":{"allow":["GET"]}}],"collection":[{"href":"https:\/\/www.europesays.com\/si\/wp-json\/wp\/v2\/posts"}],"about":[{"href":"https:\/\/www.europesays.com\/si\/wp-json\/wp\/v2\/types\/post"}],"author":[{"embeddable":true,"href":"https:\/\/www.europesays.com\/si\/wp-json\/wp\/v2\/users\/2"}],"replies":[{"embeddable":true,"href":"https:\/\/www.europesays.com\/si\/wp-json\/wp\/v2\/comments?post=213567"}],"version-history":[{"count":0,"href":"https:\/\/www.europesays.com\/si\/wp-json\/wp\/v2\/posts\/213567\/revisions"}],"wp:featuredmedia":[{"embeddable":true,"href":"https:\/\/www.europesays.com\/si\/wp-json\/wp\/v2\/media\/213568"}],"wp:attachment":[{"href":"https:\/\/www.europesays.com\/si\/wp-json\/wp\/v2\/media?parent=213567"}],"wp:term":[{"taxonomy":"category","embeddable":true,"href":"https:\/\/www.europesays.com\/si\/wp-json\/wp\/v2\/categories?post=213567"},{"taxonomy":"post_tag","embeddable":true,"href":"https:\/\/www.europesays.com\/si\/wp-json\/wp\/v2\/tags?post=213567"}],"curies":[{"name":"wp","href":"https:\/\/api.w.org\/{rel}","templated":true}]}}