{"id":213581,"date":"2026-09-03T03:18:20","date_gmt":"2026-09-03T03:18:20","guid":{"rendered":"https:\/\/www.europesays.com\/si\/213581\/"},"modified":"2026-09-03T03:18:20","modified_gmt":"2026-09-03T03:18:20","slug":"nekdanja-kandidatka-za-evropsko-poslanko-mavretic-obsojena-tihotapljenja-prebeznikov-2","status":"publish","type":"post","link":"https:\/\/www.europesays.com\/si\/213581\/","title":{"rendered":"Nekdanja kandidatka za evropsko poslanko Mavreti\u010d obsojena tihotapljenja prebe\u017enikov"},"content":{"rendered":"<p>\t\t\t\t\t\t\t\t<a href=\"https:\/\/www.europesays.com\/si\/wp-content\/uploads\/2026\/09\/1788405499_995_66988468.jpg\" itemprop=\"contentUrl\" data-size=\"1200x800\" data-large=\"https:\/\/www.europesays.com\/si\/wp-content\/uploads\/2026\/09\/1788405499_995_66988468.jpg\"><br \/>\n\t\t\t\t\t\t\t\t\t<img decoding=\"async\" src=\"https:\/\/www.europesays.com\/si\/wp-content\/uploads\/2026\/09\/1788405499_995_66988468.jpg\" title=\"Sodi\u0161\u010de je Lidiji Mavreti\u010d izreklo 18 mesecev pogojnega zapora, Marku Hranilovi\u0107u pa 14 mesecev. Foto: Shutterstock\" alt=\"Sodi\u0161\u010de je Lidiji Mavreti\u010d izreklo 18 mesecev pogojnega zapora, Marku Hranilovi\u0107u pa 14 mesecev. Foto: Shutterstock\"\/><br \/>\n\t\t\t\t\t\t\t\t<\/a><\/p>\n<p>\t\t\t\t\t\t\t\t\tSodi\u0161\u010de je Lidiji Mavreti\u010d izreklo 18 mesecev pogojnega zapora, Marku Hranilovi\u0107u pa 14 mesecev. Foto: Shutterstock<\/p>\n<p>\t\t\t\t\t\t\t<a id=\"preferredSourceBanner\" href=\"https:\/\/www.rtvslo.si\/slovenija\/nekdanja-kandidatka-za-evropsko-poslanko-mavretic-obsojena-tihotapljenja-prebeznikov\/javascript:void(0)\" target=\"_blank\" class=\"d-none align-items-center justify-content-between rounded my-3\" style=\"padding: 10px 15px;\" rel=\"nofollow noopener\"><br \/>\n\t\t\t\t\t\t<img decoding=\"async\" src=\"https:\/\/img.rtvslo.si\/_static\/novi\/img\/ico-google.svg\" class=\"flex-shrink-0 mr-3\" aria-hidden=\"true\"\/><br \/>\n\t\t\t\t\t\tSpremljajte RTVSLO.si kot prednostni vir na Google<\/p>\n<p>\t\t\t\t\t<\/a><\/p>\n<p>Obto\u017eena Lidija Mavreti\u010d in Marko Hranilovi\u0107 sta se v kazenskem postopku zna\u0161la po aretaciji julija 2019, ko so ju policisti, skupaj s pakistanskim dr\u017eavljanom Kako Alijem, zasa\u010dili med tihotapljenjem prebe\u017enikov. To\u017eilstvo jim je o\u010ditalo, da se je Ali z neznanim \u010dlanom hudodelske zdru\u017ebe dogovoril za tihotapljenje sedmih ljudi. Mavreti\u010d je v avtomobil vzela tri pakistanske dr\u017eavljane, Hranilovi\u0107 pa v drug avtomobil \u0161e \u0161tiri. Policija ju je med prevozom prijela v okolici Sodra\u017eice.<\/p>\n<p>Oglas<\/p>\n<p>Po poro\u010danju medijev je Ali krivdo takoj priznal in je bil obsojen na leto zapora ter izgon iz dr\u017eave, soobto\u017eena pa sta se zagovarjala kot nedol\u017ena. Med drugim sta zatrjevala, da so se prebe\u017eniki kar naenkrat zna\u0161li v njunih avtomobilih.<\/p>\n<p>Sodnega senata Okro\u017enega sodi\u0161\u010da v Ljubljani nista prepri\u010dala. Mavreti\u010d je v torek izrekel 18 mesecev, Hranilovi\u0107u pa 14 mesecev pogojnega zapora. V zapor jima ne bo treba, \u010de v dveh letih ne bosta storila novega kaznivega dejanja. \u010ce ga bosta, bosta morala pla\u010dati tudi denarno kazen v vi\u0161ini 3000 in 2400 evrov ter poravnati stro\u0161ke sodnega postopka.<\/p>\n<p>Oglas<\/p>\n","protected":false},"excerpt":{"rendered":"Sodi\u0161\u010de je Lidiji Mavreti\u010d izreklo 18 mesecev pogojnega zapora, Marku Hranilovi\u0107u pa 14 mesecev. Foto: Shutterstock Spremljajte RTVSLO.si&hellip;\n","protected":false},"author":2,"featured_media":213582,"comment_status":"","ping_status":"","sticky":false,"template":"","format":"standard","meta":{"footnotes":"","_share_on_mastodon":"0"},"categories":[6],"tags":[41151,41152,59,61,62,37,58,60,38,864,1096],"class_list":["post-213581","post","type-post","status-publish","format-standard","has-post-thumbnail","category-slovenija","tag-lidija-mavretic","tag-marko-hranilovic","tag-republic-of-slovenia","tag-republika-slovenija","tag-si","tag-slovene","tag-slovenia","tag-slovenija","tag-slovenscina","tag-sodisce","tag-tihotapljenje"],"share_on_mastodon":{"url":"https:\/\/pubeurope.com\/@si\/117204949918929009","error":""},"_links":{"self":[{"href":"https:\/\/www.europesays.com\/si\/wp-json\/wp\/v2\/posts\/213581","targetHints":{"allow":["GET"]}}],"collection":[{"href":"https:\/\/www.europesays.com\/si\/wp-json\/wp\/v2\/posts"}],"about":[{"href":"https:\/\/www.europesays.com\/si\/wp-json\/wp\/v2\/types\/post"}],"author":[{"embeddable":true,"href":"https:\/\/www.europesays.com\/si\/wp-json\/wp\/v2\/users\/2"}],"replies":[{"embeddable":true,"href":"https:\/\/www.europesays.com\/si\/wp-json\/wp\/v2\/comments?post=213581"}],"version-history":[{"count":0,"href":"https:\/\/www.europesays.com\/si\/wp-json\/wp\/v2\/posts\/213581\/revisions"}],"wp:featuredmedia":[{"embeddable":true,"href":"https:\/\/www.europesays.com\/si\/wp-json\/wp\/v2\/media\/213582"}],"wp:attachment":[{"href":"https:\/\/www.europesays.com\/si\/wp-json\/wp\/v2\/media?parent=213581"}],"wp:term":[{"taxonomy":"category","embeddable":true,"href":"https:\/\/www.europesays.com\/si\/wp-json\/wp\/v2\/categories?post=213581"},{"taxonomy":"post_tag","embeddable":true,"href":"https:\/\/www.europesays.com\/si\/wp-json\/wp\/v2\/tags?post=213581"}],"curies":[{"name":"wp","href":"https:\/\/api.w.org\/{rel}","templated":true}]}}