{"id":213601,"date":"2026-09-03T03:48:09","date_gmt":"2026-09-03T03:48:09","guid":{"rendered":"https:\/\/www.europesays.com\/si\/213601\/"},"modified":"2026-09-03T03:48:09","modified_gmt":"2026-09-03T03:48:09","slug":"turizem-v-ljubljani-vec-denarja-in-turistov-vec-dilem","status":"publish","type":"post","link":"https:\/\/www.europesays.com\/si\/213601\/","title":{"rendered":"Turizem v Ljubljani: ve\u010d denarja in turistov, ve\u010d dilem"},"content":{"rendered":"<p>Ameri\u010dani postajajo vse bolj pomembni gostje. Kak\u0161no vlogo ima pri tem Luka Don\u010di\u0107?<\/p>\n<p><img decoding=\"async\" class=\"articlePicture_image__om2Oc\" src=\"https:\/\/www.europesays.com\/si\/wp-content\/uploads\/2026\/09\/3714655.width-660.format-webp.webp\" alt=\"Po \u0161tevilu no\u010ditev so bili poleti v Ljubljani\u00a0na prvem mestu gostje iz ZDA. Julija in avgusta so namre\u010d ustvarili okoli 19.500 no\u010ditev.\u00a0FOTO: Leon Vidic\" img_id=\"15057932\"\/><\/p>\n<p> Galerija<\/p>\n<p>Po \u0161tevilu no\u010ditev so bili poleti v Ljubljani\u00a0na prvem mestu gostje iz ZDA. Julija in avgusta so namre\u010d ustvarili okoli 19.500 no\u010ditev.\u00a0FOTO: Leon Vidic<\/p>\n<p>Ljubljana je zaklju\u010dila\u00a0\u0161e eno zelo uspe\u0161no poletno turisti\u010dno sezono. Zasedenost sob je julija in avgusta dosegla 91 odstotkov, nekateri hoteli pa so bili skoraj povsem polni. Med tujimi obiskovalci imajo vse pomembnej\u0161o vlogo\u00a0Ameri\u010dani, medtem ko se rast z nekaterih tradicionalnih evropskih trgov umirja.\u00a0\u00bbAmeri\u0161kih gostovo smo\u00a0 si v preteklosti\u00a0najbolj \u017eeleli,\u00ab pravi Gregor Jamnik, direktor hotela Slon.<br \/>\nLjubljanski hoteli so se tudi leto\u0161nje poletje pribli\u017eali meji svojih zmogljivosti. Kot pravi\u00a0Jamnik, sicer\u00a0tudi\u00a0predsednik Zdru\u017eenja hotelirjev Slovenije, so julija in avgusta mestni hoteli na\u0161teli ve\u010d kot 340.000 tujih gostov, od za\u010detka leta do konca avgusta pa pribli\u017eno milijon.<br \/>\nV primerjavi z lanskim poletjem je bilo tujih gostov za 1,5 odstotka ve\u010d. Povpre\u010dna zasedenost hotelskih &#8230;<\/p>\n","protected":false},"excerpt":{"rendered":"Ameri\u010dani postajajo vse bolj pomembni gostje. Kak\u0161no vlogo ima pri tem Luka Don\u010di\u0107? Galerija Po \u0161tevilu no\u010ditev so&hellip;\n","protected":false},"author":2,"featured_media":213602,"comment_status":"","ping_status":"","sticky":false,"template":"","format":"standard","meta":{"footnotes":"","_share_on_mastodon":"0"},"categories":[21],"tags":[6210,52211,2991,124,879,342,62,37,58,60,38,8773,488],"class_list":["post-213601","post","type-post","status-publish","format-standard","has-post-thumbnail","category-ljubljana","tag-airbnb","tag-gregor-jamnik","tag-hoteli","tag-ljubljana","tag-los-angeles-lakers","tag-luka-doncic","tag-si","tag-slovene","tag-slovenia","tag-slovenija","tag-slovenscina","tag-turisticna-sezona","tag-turizem"],"share_on_mastodon":{"url":"https:\/\/pubeurope.com\/@si\/117205067952352574","error":""},"_links":{"self":[{"href":"https:\/\/www.europesays.com\/si\/wp-json\/wp\/v2\/posts\/213601","targetHints":{"allow":["GET"]}}],"collection":[{"href":"https:\/\/www.europesays.com\/si\/wp-json\/wp\/v2\/posts"}],"about":[{"href":"https:\/\/www.europesays.com\/si\/wp-json\/wp\/v2\/types\/post"}],"author":[{"embeddable":true,"href":"https:\/\/www.europesays.com\/si\/wp-json\/wp\/v2\/users\/2"}],"replies":[{"embeddable":true,"href":"https:\/\/www.europesays.com\/si\/wp-json\/wp\/v2\/comments?post=213601"}],"version-history":[{"count":0,"href":"https:\/\/www.europesays.com\/si\/wp-json\/wp\/v2\/posts\/213601\/revisions"}],"wp:featuredmedia":[{"embeddable":true,"href":"https:\/\/www.europesays.com\/si\/wp-json\/wp\/v2\/media\/213602"}],"wp:attachment":[{"href":"https:\/\/www.europesays.com\/si\/wp-json\/wp\/v2\/media?parent=213601"}],"wp:term":[{"taxonomy":"category","embeddable":true,"href":"https:\/\/www.europesays.com\/si\/wp-json\/wp\/v2\/categories?post=213601"},{"taxonomy":"post_tag","embeddable":true,"href":"https:\/\/www.europesays.com\/si\/wp-json\/wp\/v2\/tags?post=213601"}],"curies":[{"name":"wp","href":"https:\/\/api.w.org\/{rel}","templated":true}]}}