{"id":213645,"date":"2026-09-03T04:44:08","date_gmt":"2026-09-03T04:44:08","guid":{"rendered":"https:\/\/www.europesays.com\/si\/213645\/"},"modified":"2026-09-03T04:44:08","modified_gmt":"2026-09-03T04:44:08","slug":"v-sloveniji-poblize-spoznal-doncica-tako-zdaj-gleda-nanj","status":"publish","type":"post","link":"https:\/\/www.europesays.com\/si\/213645\/","title":{"rendered":"V Sloveniji pobli\u017ee spoznal Don\u010di\u0107a, tako zdaj gleda nanj"},"content":{"rendered":"<p>Novope\u010deni \u010dlan LA Lakers, ki se je nedavno mudil tudi v Sloveniji, se nadeja plodnega sodelovanja z Lukom Don\u010di\u0107em.<\/p>\n<p>Nova okrepitev mo\u0161tva Ziaire Williams se ob vrnitvi v rodni Los Angeles zelo veseli igranja za Lakerse, eden glavnih razlogov za njegovo navdu\u0161enje po menjavi sredine pa je prilo\u017enost, da bo lahko prvi\u010d v karieri zaigral ob Luki Don\u010di\u0107u.<\/p>\n<p>\u0160tiriindvajsetletni krilni ko\u0161arkar, ki v mesto angelov prihaja po dveh letih igranja za mre\u017eice iz Brooklyna, je z Lakersi sklenil enoletno pogodbo v vrednosti 2,8 milijona ameri\u0161kih dolarjev. Minula sezona je bila najbolj\u0161a v njegovi profesionalni karieri, v kateri je v povpre\u010dju dosegal 10,2 to\u010dke, 2,4 skoka in 1,4 ukradene \u017eoge na tekmo.<\/p>\n<p>Williams pri izbiri bodo\u010dega delodajalca ni imel prav veliko pomislekov, saj njegov stil igre sovpada s potrebami losangele\u0161ke fran\u0161ize. \u010ce temu dodano \u0161e prisotnost enega najve\u010djih zvezdnikov v ligi ter prilo\u017enost za igranje doma pred prijatelji in dru\u017eino, je bila njegova odlo\u010ditev dokaj enostavna. Pri Lakersih bo opravljal vlogo vsestranskega krila, njegova primarna naloga pa bo dopolnitev igre, zgrajene okoli Don\u010di\u0107a in Austina Reavesa.<\/p>\n<p><img decoding=\"async\" alt=\"Ziaire Williams | Avtor: Profimedia\" class=\"rwd\" data-href=\"https:\/\/www.zurnal24.si\/media\/img\/19\/73\/e62617cb4656e3634804.jpeg\" itemprop=\"image\" src=\"\/media\/img\/c2\/e7\/4c7640680bad3a58cc52.jpeg\"\/><\/p>\n<p>                Profimedia<\/p>\n<p>&#8220;Preprosto se mi je zdelo, da je to odli\u010dna prilo\u017enost,&#8221; je povedal Williams. &#8220;Kot visokega in vsestranskega krilnega igralca, kak\u0161rnega\u00a0Lakersi potrebujejo, so me prepri\u010dali, da je to lepa prilo\u017enost zame, da postanem \u010dlan te fran\u0161ize. Tudi \u010de bi bila ta ekipa v New Orleansu, Milwaukeeju ali kjerkoli drugje,\u00a0bi bila glede na prilo\u017enost, ki se mi je ponudila, to najbolj\u0161a izbira zame,&#8221; je dodal Ameri\u010dan, ki se je konec prej\u0161njega meseca mudil Sloveniji v okviru prijateljskega dru\u017eenja in uigravanja ekipe na son\u010dni strani Alp, kamor so pripotovali na povabilo (in stro\u0161ke) slovenskega superzvezdnika.<\/p>\n<p>Pav sodelovanje z Don\u010di\u0107em je tisto, od katerega si v prihajajo\u010di sezoni najve\u010d obeta. O tem, kak\u0161en vodja je slovenski organizator igre, pa se je lahko prepri\u010dal \u017ee med nekjadnevnim obiskom\u00a0Ljubljane. &#8220;Vidi se, da je Don\u010di\u0107 pravi vodja. Letos si \u017eeli \u0161e bolj prevzeti to vodstveno vlogo. Veselim se. Navdu\u0161en sem, da bom lahko igral z njim. Ob njem igranje ko\u0161arke izgleda povsem enostavno. Zagotovo mi bo zelo olaj\u0161al \u017eivljenje,&#8221; je prepri\u010dan Williams.<\/p>\n<p><a href=\"https:\/\/styria-media.si\/\" rel=\"nofollow noopener\" target=\"_blank\">dezurni@styria-media.si<\/a><\/p>\n","protected":false},"excerpt":{"rendered":"Novope\u010deni \u010dlan LA Lakers, ki se je nedavno mudil tudi v Sloveniji, se nadeja plodnega sodelovanja z Lukom&hellip;\n","protected":false},"author":2,"featured_media":213646,"comment_status":"","ping_status":"","sticky":false,"template":"","format":"standard","meta":{"footnotes":"","_share_on_mastodon":"0"},"categories":[16],"tags":[879,342,343,1562,62,37,58,60,38,94,93,41722],"class_list":["post-213645","post","type-post","status-publish","format-standard","has-post-thumbnail","category-sport","tag-los-angeles-lakers","tag-luka-doncic","tag-nba","tag-prestop","tag-si","tag-slovene","tag-slovenia","tag-slovenija","tag-slovenscina","tag-sport","tag-sports","tag-ziaire-williams"],"share_on_mastodon":{"url":"https:\/\/pubeurope.com\/@si\/117205288285725392","error":""},"_links":{"self":[{"href":"https:\/\/www.europesays.com\/si\/wp-json\/wp\/v2\/posts\/213645","targetHints":{"allow":["GET"]}}],"collection":[{"href":"https:\/\/www.europesays.com\/si\/wp-json\/wp\/v2\/posts"}],"about":[{"href":"https:\/\/www.europesays.com\/si\/wp-json\/wp\/v2\/types\/post"}],"author":[{"embeddable":true,"href":"https:\/\/www.europesays.com\/si\/wp-json\/wp\/v2\/users\/2"}],"replies":[{"embeddable":true,"href":"https:\/\/www.europesays.com\/si\/wp-json\/wp\/v2\/comments?post=213645"}],"version-history":[{"count":0,"href":"https:\/\/www.europesays.com\/si\/wp-json\/wp\/v2\/posts\/213645\/revisions"}],"wp:featuredmedia":[{"embeddable":true,"href":"https:\/\/www.europesays.com\/si\/wp-json\/wp\/v2\/media\/213646"}],"wp:attachment":[{"href":"https:\/\/www.europesays.com\/si\/wp-json\/wp\/v2\/media?parent=213645"}],"wp:term":[{"taxonomy":"category","embeddable":true,"href":"https:\/\/www.europesays.com\/si\/wp-json\/wp\/v2\/categories?post=213645"},{"taxonomy":"post_tag","embeddable":true,"href":"https:\/\/www.europesays.com\/si\/wp-json\/wp\/v2\/tags?post=213645"}],"curies":[{"name":"wp","href":"https:\/\/api.w.org\/{rel}","templated":true}]}}