{"id":213651,"date":"2026-09-03T04:50:16","date_gmt":"2026-09-03T04:50:16","guid":{"rendered":"https:\/\/www.europesays.com\/si\/213651\/"},"modified":"2026-09-03T04:50:16","modified_gmt":"2026-09-03T04:50:16","slug":"jansa-verjame-v-pravosodje","status":"publish","type":"post","link":"https:\/\/www.europesays.com\/si\/213651\/","title":{"rendered":"Jan\u0161a verjame v pravosodje!"},"content":{"rendered":"<p>    <img decoding=\"async\" data-lb-desktop=\"\/media\/2026\/08\/25\/859723\/Orig-20260827_01567720-1200.webp\" data-lb-mobile=\"\/media\/2026\/08\/25\/859723\/Orig-20260827_01567720-600.webp\" class=\"main-gallery-image se_image_lb\" src=\"https:\/\/www.europesays.com\/si\/wp-content\/uploads\/2026\/09\/Wide-20260827_01567720-1000.webp\" alt=\"Brdo pri Kranju, Kongresni center Brdo.Zacetek dvodnevnega posveta slovenske diplomacije, ki ga gosti zunanji minister Tone Kajzer.Predsednik vlade Janez Jansa.\"\/><\/p>\n<p>Le mazohisti se pravdajo, \u010de ne verjamejo v uspeh. Foto: STA<\/p>\n<p>Jan\u0161a verjame v pravosodje!<\/p>\n<p>Predsednik vlade Janez Jan\u0161a je vlo\u017eil to\u017ebo proti predsedniku najve\u010dje parlamentarne stranke Robertu Golobu, ki je Jan\u0161o med volilno kampanjo razglasil za veleizdajalca, ki da je Slovenijo prodal Izraelu in sodeloval z mednarodno kriminalno zdru\u017ebo in ki na splo\u0161no sploh ni dober \u010dlovek niti nima rad Slovenije.<\/p>\n<p>                        02. 09. 2026, 08.32\n                    <\/p>\n<p>                        <a href=\"https:\/\/google.com\/preferences\/source?q=dnevnik.si\" class=\"se-author-gps-cta\" target=\"_blank\" rel=\"nofollow noopener\"><br \/>\n                            <img decoding=\"async\" class=\"se-author-gps-cta-badge\" src=\"https:\/\/www.europesays.com\/si\/wp-content\/uploads\/2026\/09\/1788411016_532_dnevnik_gps_badge.png\" alt=\"Google Preferred Sources CTA\"\/><br \/>\n                        <\/a><\/p>\n<p>To\u017ebo proti Golobu so Jan\u0161i napisali v odvetni\u0161ki pisarni njegovega notranjega ministra Francija Matoza, ki ga tokrat kot odvetnik na sodi\u0161\u010du sicer ne bo mogel zastopati (vodenje pisarne je junija za\u010dasno prepustil svoji partnerici), bo pa zagotovo lahko \u0161e precej bolj\u0161a pri\u010da kot odvetnik. \u010ce kdo, je Matoz \u017ee v preteklosti bil dele\u017een Jan\u0161eve dobrote in ga je v zadevi Patria branil tudi z besedami: \u00bbKdor Jan\u0161o pozna, ve, da tega ne bi nikoli storil.\u00ab<\/p>\n<p>Dr\u017eavljani pa si ob vlo\u017eeni to\u017ebi lahko predvsem oddahnemo, da je na\u0161 vodja ponovno na\u0161el zaupanje v pravno dr\u017eavo in pravosodje. Le mazohisti se pravdajo, \u010de ne verjamejo v uspeh.<\/p>\n","protected":false},"excerpt":{"rendered":"Le mazohisti se pravdajo, \u010de ne verjamejo v uspeh. Foto: STA Jan\u0161a verjame v pravosodje! Predsednik vlade Janez&hellip;\n","protected":false},"author":2,"featured_media":213652,"comment_status":"","ping_status":"","sticky":false,"template":"","format":"standard","meta":{"footnotes":"","_share_on_mastodon":"0"},"categories":[20],"tags":[31108,32,51,35,31,34,36,4226,50,37,38,33,2269],"class_list":["post-213651","post","type-post","status-publish","format-standard","has-post-thumbnail","category-novice","tag-franci-matoz","tag-headlines","tag-janez-jansa","tag-najpomembnejse-novice","tag-news","tag-novice","tag-osrednje-novice","tag-pravosodje","tag-robert-golob","tag-slovene","tag-slovenscina","tag-top-stories","tag-tozba"],"share_on_mastodon":{"url":"https:\/\/pubeurope.com\/@si\/117205311719864938","error":""},"_links":{"self":[{"href":"https:\/\/www.europesays.com\/si\/wp-json\/wp\/v2\/posts\/213651","targetHints":{"allow":["GET"]}}],"collection":[{"href":"https:\/\/www.europesays.com\/si\/wp-json\/wp\/v2\/posts"}],"about":[{"href":"https:\/\/www.europesays.com\/si\/wp-json\/wp\/v2\/types\/post"}],"author":[{"embeddable":true,"href":"https:\/\/www.europesays.com\/si\/wp-json\/wp\/v2\/users\/2"}],"replies":[{"embeddable":true,"href":"https:\/\/www.europesays.com\/si\/wp-json\/wp\/v2\/comments?post=213651"}],"version-history":[{"count":0,"href":"https:\/\/www.europesays.com\/si\/wp-json\/wp\/v2\/posts\/213651\/revisions"}],"wp:featuredmedia":[{"embeddable":true,"href":"https:\/\/www.europesays.com\/si\/wp-json\/wp\/v2\/media\/213652"}],"wp:attachment":[{"href":"https:\/\/www.europesays.com\/si\/wp-json\/wp\/v2\/media?parent=213651"}],"wp:term":[{"taxonomy":"category","embeddable":true,"href":"https:\/\/www.europesays.com\/si\/wp-json\/wp\/v2\/categories?post=213651"},{"taxonomy":"post_tag","embeddable":true,"href":"https:\/\/www.europesays.com\/si\/wp-json\/wp\/v2\/tags?post=213651"}],"curies":[{"name":"wp","href":"https:\/\/api.w.org\/{rel}","templated":true}]}}