{"id":213665,"date":"2026-09-03T05:08:17","date_gmt":"2026-09-03T05:08:17","guid":{"rendered":"https:\/\/www.europesays.com\/si\/213665\/"},"modified":"2026-09-03T05:08:17","modified_gmt":"2026-09-03T05:08:17","slug":"poslanci-golobu-imunitete-pred-kazenskim-postopkom-niso-podelili","status":"publish","type":"post","link":"https:\/\/www.europesays.com\/si\/213665\/","title":{"rendered":"Poslanci Golobu imunitete pred kazenskim postopkom niso podelili"},"content":{"rendered":"<p>    <img decoding=\"async\" data-lb-desktop=\"\/media\/2026\/09\/02\/859730\/Orig-20260511_01537720-1200.webp\" data-lb-mobile=\"\/media\/2026\/09\/02\/859730\/Orig-20260511_01537720-600.webp\" class=\"main-gallery-image se_image_lb\" src=\"https:\/\/www.europesays.com\/si\/wp-content\/uploads\/2026\/09\/Wide-20260511_01537720-1000.webp\" alt=\"Ljubljana, DZ.Izredna seja DZ, na kateri so obravnavali predlog zakona o interventnih ukrepih za razvoj Slovenije, predlog odloka o ustanovitvi in nalogah delovnih teles DZ ter mandatno-volilne zadeve.Predsednik vlade, ki opravlja tekoce posle in predsednik Gibanja Svoboda Robert Golob.\"\/><\/p>\n<p>Predsednik Gibanja Svoboda in poslanec Robert Golob je \u017ee pred sejo napovedal, da se na poslansko imuniteto ne bo skliceval. Foto: STA<\/p>\n<p>Poslanci Golobu imunitete pred kazenskim postopkom niso podelili<\/p>\n<p>DZ je na izredni seji odlo\u010dal o imuniteti poslanca in predsednika Gibanja Svoboda Roberta Goloba za nadaljevanje postopkov v zadevi Bobnar. Pri\u010dakovano biv\u0161emu premierju imunitete niso podelili. To je predlagala tudi parlamentarna mandatno-volilna komisija, ki jo je pred tem Golob sicer obvestil, da se na imuniteto ne namerava sklicevati.<\/p>\n<p>                        02. 09. 2026, 09.11\n                    <\/p>\n<p> jk, sta\n                    <\/p>\n<p>                        <a href=\"https:\/\/google.com\/preferences\/source?q=dnevnik.si\" class=\"se-author-gps-cta\" target=\"_blank\" rel=\"nofollow noopener\"><br \/>\n                            <img decoding=\"async\" class=\"se-author-gps-cta-badge\" src=\"https:\/\/www.europesays.com\/si\/wp-content\/uploads\/2026\/09\/1788412097_772_dnevnik_gps_badge.png\" alt=\"Google Preferred Sources CTA\"\/><br \/>\n                        <\/a><\/p>\n<p>Specializirano dr\u017eavno to\u017eilstvo (SDT) je DZ poslalo zahtevo za odlo\u010ditev o dovoljenju za za\u010detek kazenskega postopka zoper Goloba zaradi utemeljenega suma, da je kot predsednik vlade storil kaznivo dejanje dajanja daril za nezakonito posredovanje. Obvestilo to\u017eilstva se nana\u0161a na o\u010ditke Golobu o domnevnem vme\u0161avanju v delo policije.<\/p>\n<p>Zahtevo za sodno preiskavo v tej zadevi je SDT na ljubljansko okro\u017eno sodi\u0161\u010de vlo\u017eilo oktobra lani. Sodi\u0161\u010de o zahtevi \u0161e ni odlo\u010dilo. Je pa SDT 18. avgusta pozvalo, naj predlo\u017ei dovoljenje DZ za nadaljevanje postopka, saj je bil Golob po vlo\u017eitvi zahteve za preiskavo izvoljen za poslanca in v tej funkciji u\u017eiva procesno imuniteto. Golob je v ponedeljek v DZ poslal dopis, v katerem pojasnjuje, da se ne bo skliceval na imuniteto.<\/p>\n<p>Kot je zapisal, bo tudi sam glasoval za to, da se mu imuniteta ne prizna oziroma da se na pristojnem sodi\u0161\u010du za\u010dne kazenski postopek zoper njega. \u017deli si namre\u010d, da se ta \u010dim prej kon\u010da. Ker se ne namerava sklicevati na imuniteto, se mu sicer zdi odlo\u010danje DZ o tem, ali se lahko kazenski postopek zoper njega za\u010dne, povsem nepotrebno.\u00a0Glasovanje so vseeno opravili, saj zakonodaja predvideva, da\u00a0lahko DZ podeli imuniteto poslancu, \u010detudi\u00a0se ta nanjo ne sklicuje.<\/p>\n<p>DZ je sicer o predlogu sklepa mandatno-volilne komisije, da se mu torej imuniteta ne podeli,\u00a0odlo\u010dil brez razprave in obrazlo\u017eitev glasu, zanj pa je glasovalo vseh 75 prisotnih poslancev.\u00a0<\/p>\n<p>    <a class=\"se-card__wrap se-card--link\" href=\"https:\/\/www.dnevnik.si\/novice\/slovenija\/stevanovic-za-medije-izpolnjeni-so-pogoji-za-kazenski-postopek-zoper-goloba-2824605\/\" data-upscore-url=\"\" rel=\"nofollow noopener\" target=\"_blank\"><\/p>\n<p>        <img decoding=\"async\" class=\"se-image se-image--card\" src=\"https:\/\/www.europesays.com\/si\/wp-content\/uploads\/2026\/09\/Wide-20260707_01556847-400.webp\" alt=\"Ljubljana, Kristalna palaca.Novinarska konferenca predsednika stranke Svoboda Roberta Goloba, na kateri je napovedal vlado v senci.\"\/><\/p>\n<p>PRITISKI NA POLICIJO<\/p>\n<p>Zadeva Bobnar: to\u017eilstvo \u017eeli za\u010deti kazenski postopek zoper Roberta Goloba<\/p>\n<p>    <\/a><\/p>\n","protected":false},"excerpt":{"rendered":"Predsednik Gibanja Svoboda in poslanec Robert Golob je \u017ee pred sejo napovedal, da se na poslansko imuniteto ne&hellip;\n","protected":false},"author":2,"featured_media":213666,"comment_status":"","ping_status":"","sticky":false,"template":"","format":"standard","meta":{"footnotes":"","_share_on_mastodon":"0"},"categories":[20],"tags":[52219,1152,3818,32,8541,10834,35,31,34,36,1079,37,38,32871,3802,33,52220],"class_list":["post-213665","post","type-post","status-publish","format-standard","has-post-thumbnail","category-novice","tag-dajanje-daril","tag-dz","tag-golob","tag-headlines","tag-imuniteta","tag-kazenski-postopek","tag-najpomembnejse-novice","tag-news","tag-novice","tag-osrednje-novice","tag-poslanci","tag-slovene","tag-slovenscina","tag-sodna-preiskava","tag-specializirano-drzavno-tozilstvo","tag-top-stories","tag-vmesavanje-v-delo-policije"],"share_on_mastodon":{"url":"https:\/\/pubeurope.com\/@si\/117205382602418662","error":""},"_links":{"self":[{"href":"https:\/\/www.europesays.com\/si\/wp-json\/wp\/v2\/posts\/213665","targetHints":{"allow":["GET"]}}],"collection":[{"href":"https:\/\/www.europesays.com\/si\/wp-json\/wp\/v2\/posts"}],"about":[{"href":"https:\/\/www.europesays.com\/si\/wp-json\/wp\/v2\/types\/post"}],"author":[{"embeddable":true,"href":"https:\/\/www.europesays.com\/si\/wp-json\/wp\/v2\/users\/2"}],"replies":[{"embeddable":true,"href":"https:\/\/www.europesays.com\/si\/wp-json\/wp\/v2\/comments?post=213665"}],"version-history":[{"count":0,"href":"https:\/\/www.europesays.com\/si\/wp-json\/wp\/v2\/posts\/213665\/revisions"}],"wp:featuredmedia":[{"embeddable":true,"href":"https:\/\/www.europesays.com\/si\/wp-json\/wp\/v2\/media\/213666"}],"wp:attachment":[{"href":"https:\/\/www.europesays.com\/si\/wp-json\/wp\/v2\/media?parent=213665"}],"wp:term":[{"taxonomy":"category","embeddable":true,"href":"https:\/\/www.europesays.com\/si\/wp-json\/wp\/v2\/categories?post=213665"},{"taxonomy":"post_tag","embeddable":true,"href":"https:\/\/www.europesays.com\/si\/wp-json\/wp\/v2\/tags?post=213665"}],"curies":[{"name":"wp","href":"https:\/\/api.w.org\/{rel}","templated":true}]}}