{"id":213675,"date":"2026-09-03T05:20:21","date_gmt":"2026-09-03T05:20:21","guid":{"rendered":"https:\/\/www.europesays.com\/si\/213675\/"},"modified":"2026-09-03T05:20:21","modified_gmt":"2026-09-03T05:20:21","slug":"po-3-mestu-v-skupini-v-ponedeljek-v-osmini-finala-z-nizozemsko","status":"publish","type":"post","link":"https:\/\/www.europesays.com\/si\/213675\/","title":{"rendered":"Po 3. mestu v skupini v ponedeljek v osmini finala z Nizozemsko"},"content":{"rendered":"<p>\t\t\t\t\t\t\t\t<a href=\"https:\/\/www.europesays.com\/si\/wp-content\/uploads\/2026\/09\/67084590.jpg\" itemprop=\"contentUrl\" data-size=\"1200x800\" data-large=\"https:\/\/www.europesays.com\/si\/wp-content\/uploads\/2026\/09\/67084590.jpg\"><br \/>\n\t\t\t\t\t\t\t\t\t<img decoding=\"async\" src=\"https:\/\/www.europesays.com\/si\/wp-content\/uploads\/2026\/09\/67084590.jpg\" title=\"Slovenke so ob zmagi nad Mad\u017earsko zasedle tretje mesto v skupini A. Foto: CEV\" alt=\"Slovenke so ob zmagi nad Mad\u017earsko zasedle tretje mesto v skupini A. Foto: CEV\"\/><br \/>\n\t\t\t\t\t\t\t\t<\/a><\/p>\n<p>\t\t\t\t\t\t\t\t\tSlovenke so ob zmagi nad Mad\u017earsko zasedle tretje mesto v skupini A. Foto: CEV<\/p>\n<p>\t\t\t\t\t\t\t<a id=\"preferredSourceBanner\" href=\"https:\/\/www.rtvslo.si\/sport\/odbojka\/evropsko-prvenstvo-v-odbojki\/slovenke-tretje-v-skupini-v-osmini-finala-z-nizozemsko\/javascript:void(0)\" target=\"_blank\" class=\"d-none align-items-center justify-content-between rounded my-3\" style=\"padding: 10px 15px;\" rel=\"nofollow noopener\"><br \/>\n\t\t\t\t\t\t<img decoding=\"async\" src=\"https:\/\/img.rtvslo.si\/_static\/novi\/img\/ico-google.svg\" class=\"flex-shrink-0 mr-3\" aria-hidden=\"true\"\/><br \/>\n\t\t\t\t\t\tSpremljajte RTVSLO.si kot prednostni vir na Google<\/p>\n<p>\t\t\t\t\t<\/a><\/p>\n<p>Izbranke Alessandra Oreficeja v niso briljirale, a so vseeno naredile dovolj, da so ugnale Mad\u017earke, ki prvenstvo kon\u010dujejo brez zmage. Zmaga Slovenije je bila \u017ee \u0161esta v uradnih medsebojnih tekmah z Mad\u017earkami, ki so na \u0161estih tekmah osvojile le en niz. Z dana\u0161njim uspehom proti Mad\u017earski so Slovenke pri\u0161le do tretjega mesta v skupini A in se s tem izognile Belgiji.<\/p>\n<p>Oglas<\/p>\n<p>V osmini finala v ponedeljek ob 15. uri (prenos na TV Slovenija 2) se bodo varovanke italijanskega strokovnjaka pomerile z Nizozemsko, ki si je drugo mesto zagotovila z zmago nad Azerbajd\u017eanom. Nizozemke so v Bakuju po izgubljenem uvodnem nizu strnile svoje vrste in slavile s 3:1. <\/p>\n<p>\t\t\t\tCeloten strokovni \u0161tab si bo obril brade, \u010de se bodo slovenske odbojkarice prebile v polfinale EP-ja<\/p>\n<p>\t\tNizozemska je premagljiva, \u010de bo igra tista prava<\/p>\n<p>&#8220;Nismo pri\u010dakovale, da se bomo v osmini finala sre\u010dale z Nizozemsko. O\u010ditno je bila Belgija bolj\u0161a. Glede na to, da smo z Belgijo \u017ee igrale prijateljske tekme in pribli\u017eno vemo, kje smo, so o\u010ditno tudi Nizozemke premagljive. Nanje se seveda \u0161e nismo pripravljale, saj smo ravno kon\u010dale tekmo. Pogledale bomo, kje so njihove slabosti. Vemo, da so izku\u0161ena ekipa, ki je nastopala na vseh velikih tekmovanjih in osvajala medalje, zato pri\u010dakujemo zanimivo tekmo. Igrajo hitro, imajo kakovostne igralke in veliko mo\u017enosti za rotacije. Vseeno mislim, da imamo dobre mo\u017enosti za zmago, \u010de bomo naredile tisto, kar si bomo zadale, in upo\u0161tevale trenerjeva navodila,&#8221; je o tekmicah v osmini finala povedala izku\u0161ena podajalka slovenske izbrane vrste Eva Pavlovi\u0107 Mori.<\/p>\n<p>Slovenija bi v primeru zmage nad Nizozemsko v \u010detrtfinalu (3. septembra) igrala z zmagovalcem tekme med Poljsko in Portugalsko.<\/p>\n<p>Prvo mesto v slovenski skupini A so zasedle Poljakinje. Po ogor\u010denem boju so s 3:2 premagale Turkinje. Doma\u010de so dva niza zanesljivo dobile, v bolj izena\u010denih pa so bile bolj zbrane Poljakinje.<\/p>\n<p>V slovenski vrsti je bila z 11 to\u010dkami naju\u010dinkovitej\u0161a Nika Milo\u0161i\u010d, ki je prispevala tudi \u0161tiri bloke, Fatoumatta Sillah jih je prispevala osem, Polona Frelih pa sedem. S 13 to\u010dkami je bila naju\u010dinkovitej\u0161a igralka tekme Anett Nemeth, ki so se jo Slovenke najbolj bale, a so jo uspele zaustaviti, da ni imela bistvenega vpliva na izid sre\u010danja.<\/p>\n<p>\t\t\t\tSlovenke z rezervno postavo nadigrale Mad\u017earke<\/p>\n<p>Polona Frelih je po tretji zmagi na leto\u0161njem prvenstvu povedala: &#8220;Zelo sem vesela in hvale\u017ena za to prilo\u017enost. Res je super biti v ekipi in navijati za punce s klopi, ampak igrati je pa \u0161e nekaj stokrat bolj\u0161ega. Ob\u010dutki so zelo dobri, zelo sem vesela za celotno ekipo in za dana\u0161njo zmago. Rekla bi, da smo imele na igri\u0161\u010du pravo povezanost. Tudi, ko smo na igri\u0161\u010de pri\u0161le vse punce in dobile prilo\u017enost, mogo\u010de tudi z druge postave, smo jo vse zelo lepo izkoristile in z ekipno igro dobile dana\u0161njo zmago.&#8221;<\/p>\n<p>Prvi niz \u0161e najbolj izena\u010den, nato prilo\u017enost za rezervistke<\/p>\n<p>Prvi niz se je za\u010del dokaj izena\u010deno. Mad\u017earska je nato pobegnila na 9:5, Slovenkam pa se je po napadu Sillah z delnim izidom 4:0 uspelo priklju\u010diti na deveti to\u010dki. V nadaljevanju so slovenske odbojkarice hitro pre\u0161le v vodstvo in ga rutinirano obdr\u017eale do samega konca. Niz so po uspe\u0161nem napadu kapetanke Sa\u0161e Planin\u0161ec dobile s 25:21. <\/p>\n<p>\t\t\t\t\t\t\t\t<a href=\"https:\/\/www.europesays.com\/si\/wp-content\/uploads\/2026\/09\/67084589.jpg\" itemprop=\"contentUrl\" data-size=\"1200x800\" data-large=\"https:\/\/www.europesays.com\/si\/wp-content\/uploads\/2026\/09\/67084589.jpg\"><br \/>\n\t\t\t\t\t\t\t\t\t<img decoding=\"async\" src=\"https:\/\/www.europesays.com\/si\/wp-content\/uploads\/2026\/09\/67084589.jpg\" title=\"V drugem nizu so se Slovenke hitro odlepile od nasprotnic. Foto: CEV\" alt=\"V drugem nizu so se Slovenke hitro odlepile od nasprotnic. Foto: CEV\"\/><br \/>\n\t\t\t\t\t\t\t\t<\/a><\/p>\n<p>\t\t\t\t\t\t\t\t\tV drugem nizu so se Slovenke hitro odlepile od nasprotnic. Foto: CEV<\/p>\n<p>V drugem nizu so Slovenke odlo\u010dno za\u010dele in hitro povedle (6:1). V nadaljevanju so se Mad\u017earke pribli\u017eale na samo to\u010dko zaostanka (13:12), vendar znova popustile. Pavlovi\u0107 Mori je opazila prazen prostor v mad\u017earskem polju in \u017eogo potisnila vanj za + 5 (19:14). Orefice je lahko ob prednosti petih to\u010dk v koncu niza zamenjal Sillah in Ma\u0161o Pucelj ter prilo\u017enost namenil tudi igralkam, ki do zdaj niso veliko igrale. Niz je z varanjem kon\u010dala Frelih. <\/p>\n<p>Slovenke v tretjem nizu potrdile zmago <\/p>\n<p>V tretjem nizu so Mad\u017earke Slovenkam lahko sledile le na samem za\u010detku. Slovenija se je na koncu hitro odcepila, za + 5 (15:10) je napad kon\u010dala Milo\u0161i\u010d. Slovenska izbrana vrsta je tudi v zadnjem delu niza svojo prednost \u0161e pove\u010dala in tekmo mirno pripeljala do konca.<\/p>\n<p>Slovenski selektor je bil po tekmi zadovoljen z videnim: &#8220;Danes je bil na\u0161 servis na za\u010detku res zelo \u0161ibek in mehak, Mad\u017earska pa je z idealnim sprejemom la\u017eje nadzorovala situacije v napadu. Na tem podro\u010dju moramo \u0161e delati in narediti korak naprej. Na splo\u0161no pa mi je bilo zelo v\u0161e\u010d, kako je ekipa delovala. Videli smo zelo stabilno sprejemno linijo, veliko situacij za\u0161\u010dite napada, kjer je bila ekipa zares prisotna na igri\u0161\u010du, ter kakovost v napadu, kon\u010dno smo napadali z vsemi igralci. V celoti gledano menim, da smo opravili dobro delo.&#8221; <\/p>\n<p>\t\t\t\tSlovenke s 3:0 za tretje mesto odpravile Mad\u017earke<\/p>\n<p> SKUPINA A, Carigrad<\/p>\n<p>SLOVENIJA \u2013 MAD\u017dARSKA<br \/>3:0 (21, 19, 16)<\/p>\n<p>TUR\u010cIJA \u2013 POLJSKA<br \/>2:3 (15, -21, -22, 16, -10)<\/p>\n<p>Osmina finala, nedelja: <br \/>FRANCIJA &#8211; GR\u010cIJA <br \/>SRBIJA &#8211; HRVA\u0160KA <br \/>Ponedeljek:<br \/>ITALIJA &#8211; BOLGARIJA <br \/>\u010cE\u0160KA &#8211; \u0160VEDSKA <br \/>NIZOZEMSKA &#8211; SLOVENIJA (ob 15.00) <br \/>POLJSKA &#8211; PORTUGALSKA <br \/>Torek:<br \/>BELGIJA &#8211; NEM\u010cIJA <br \/>TUR\u010cIJA &#8211; AZERBAJD\u017dAN<\/p>\n<p>Oglas<\/p>\n","protected":false},"excerpt":{"rendered":"Slovenke so ob zmagi nad Mad\u017earsko zasedle tretje mesto v skupini A. Foto: CEV Spremljajte RTVSLO.si kot prednostni&hellip;\n","protected":false},"author":2,"featured_media":213676,"comment_status":"","ping_status":"","sticky":false,"template":"","format":"standard","meta":{"footnotes":"","_share_on_mastodon":"0"},"categories":[16],"tags":[7142,146,62,37,58,60,46371,38,94,93],"class_list":["post-213675","post","type-post","status-publish","format-standard","has-post-thumbnail","category-sport","tag-evropsko-prvenstvo","tag-odbojka","tag-si","tag-slovene","tag-slovenia","tag-slovenija","tag-slovenija-madzarska","tag-slovenscina","tag-sport","tag-sports"],"share_on_mastodon":{"url":"https:\/\/pubeurope.com\/@si\/117205429628687517","error":""},"_links":{"self":[{"href":"https:\/\/www.europesays.com\/si\/wp-json\/wp\/v2\/posts\/213675","targetHints":{"allow":["GET"]}}],"collection":[{"href":"https:\/\/www.europesays.com\/si\/wp-json\/wp\/v2\/posts"}],"about":[{"href":"https:\/\/www.europesays.com\/si\/wp-json\/wp\/v2\/types\/post"}],"author":[{"embeddable":true,"href":"https:\/\/www.europesays.com\/si\/wp-json\/wp\/v2\/users\/2"}],"replies":[{"embeddable":true,"href":"https:\/\/www.europesays.com\/si\/wp-json\/wp\/v2\/comments?post=213675"}],"version-history":[{"count":0,"href":"https:\/\/www.europesays.com\/si\/wp-json\/wp\/v2\/posts\/213675\/revisions"}],"wp:featuredmedia":[{"embeddable":true,"href":"https:\/\/www.europesays.com\/si\/wp-json\/wp\/v2\/media\/213676"}],"wp:attachment":[{"href":"https:\/\/www.europesays.com\/si\/wp-json\/wp\/v2\/media?parent=213675"}],"wp:term":[{"taxonomy":"category","embeddable":true,"href":"https:\/\/www.europesays.com\/si\/wp-json\/wp\/v2\/categories?post=213675"},{"taxonomy":"post_tag","embeddable":true,"href":"https:\/\/www.europesays.com\/si\/wp-json\/wp\/v2\/tags?post=213675"}],"curies":[{"name":"wp","href":"https:\/\/api.w.org\/{rel}","templated":true}]}}