{"id":213717,"date":"2026-09-03T06:16:09","date_gmt":"2026-09-03T06:16:09","guid":{"rendered":"https:\/\/www.europesays.com\/si\/213717\/"},"modified":"2026-09-03T06:16:09","modified_gmt":"2026-09-03T06:16:09","slug":"dolly-parton-druzina-v-soku-le-kdo-je-to-naredil","status":"publish","type":"post","link":"https:\/\/www.europesays.com\/si\/213717\/","title":{"rendered":"Dolly Parton: Dru\u017eina v \u0161oku, le kdo je to naredil?!"},"content":{"rendered":"<p>Nekdo je oskrunil njeno zvezdo.<\/p>\n<p>V nadaljevanju preberite:<\/p>\n<p>Nepridipravi so oskrunili zvezdo Dolly Parton na Plo\u010dniku slavnih.<br \/>\nOdgovorne je z objavo na dru\u017ebenih omre\u017ejih o tem opozoril obiskovalec te turisti\u010dne znamenitosti.<br \/>\nPopravil so se takoj lotili in bodo kon\u010dala \u0161e ta teden.<\/p>\n<p>Ikona country glasbe in filantropinja\u00a0Dolly Parton je po boju z rakom\u00a0<a href=\"https:\/\/www.zurnal24.si\/magazin\/vip\/znano-zakaj-je-umrla-dolly-parton-464155\" rel=\"nofollow noopener\" target=\"_blank\">umrla <\/a>25. avgusta v starosti 81. Njena smrt je spro\u017eila veliko \u017ealost po vsem svetu.<\/p>\n<p>Obo\u017eevalci so svojo \u017ealost pokazali tudi z obiski pomembnih lokacij, kjer so zanjo pu\u0161\u010dali darila, cvetje in sporo\u010dila. A Dolly je o\u010ditno imela tudi &#8220;sovra\u017enik&#8221;. Nekdo je namre\u010d oskrunil njeno zvezdo na Plo\u010dniku slavnih v Hollywoodu.\u00a0<\/p>\n<p>Odgovorni so se takoj lotili popravila.\u00a0Ana Martinez, tiskovna predstavnica organizacije, ki skrbi za to turisti\u010dno atrakcijo,\u00a0je za People povedala: &#8220;Obo\u017eevalec je v\u010deraj obiskal zvezdo in na dru\u017ebenih omre\u017ejih sporo\u010dil, da je bila zvezda popraskana. Popravila zvezde trenutno \u0161e potekajo in jih izvaja Hollywood Historic Trust, ki vzdr\u017euje in popravlja zvezde na Plo\u010dniku slavnih. Zvezda se bo utrdila in bo v petek spolirana, da bodo lahko obo\u017eevalci spet u\u017eivali v pogledu nanjo.&#8221;<\/p>\n<p>Dolly je svojo zvezdo prejela leta 1985 skupaj z igralcem Sylvestrom Stallonom, s katerim je\u00a0igrala v komediji Rhinestone iz leta 1984.<\/p>\n<p dir=\"ltr\" lang=\"en\">I had to post this ! Why the F,,,, K would anyone do this to <a href=\"https:\/\/x.com\/hashtag\/DollyPardon?src=hash&amp;ref_src=twsrc%5Etfw\" rel=\"nofollow\">#DollyPardon<\/a> s Star \u2b50\ufe0f on the Hollywood Walk of Fame. What twisted sick low life would stoop to this. <a href=\"https:\/\/x.com\/DollyParton?ref_src=twsrc%5Etfw\" rel=\"nofollow\">@DollyParton<\/a> only just been laid to rest. I really am so angry. She was a true \u2b50\ufe0f STAR \u2b50\ufe0f and will be so missed <a href=\"https:\/\/t.co\/okWWKFOMiZ\" rel=\"nofollow\">pic.twitter.com\/okWWKFOMiZ<\/a><\/p>\n<p>\u2014 Pete Price (@PeteCityPrice) <a href=\"https:\/\/x.com\/PeteCityPrice\/status\/2094896219990503493?ref_src=twsrc%5Etfw\" rel=\"nofollow\">September 1, 202<\/a><\/p>\n<p>                                            <script async src=\"https:\/\/platform.twitter.com\/widgets.js\" charset=\"utf-8\"><\/script><\/p>\n","protected":false},"excerpt":{"rendered":"Nekdo je oskrunil njeno zvezdo. V nadaljevanju preberite: Nepridipravi so oskrunili zvezdo Dolly Parton na Plo\u010dniku slavnih. Odgovorne&hellip;\n","protected":false},"author":2,"featured_media":213718,"comment_status":"","ping_status":"","sticky":false,"template":"","format":"standard","meta":{"footnotes":"","_share_on_mastodon":"0"},"categories":[18],"tags":[10325,114,26219,62,37,58,60,38,41813,115,18335],"class_list":["post-213717","post","type-post","status-publish","format-standard","has-post-thumbnail","category-zabava","tag-dolly-parton","tag-entertainment","tag-plocnik-slavnih","tag-si","tag-slovene","tag-slovenia","tag-slovenija","tag-slovenscina","tag-vandali","tag-zabava","tag-zvezda"],"share_on_mastodon":{"url":"https:\/\/pubeurope.com\/@si\/117205649647008650","error":""},"_links":{"self":[{"href":"https:\/\/www.europesays.com\/si\/wp-json\/wp\/v2\/posts\/213717","targetHints":{"allow":["GET"]}}],"collection":[{"href":"https:\/\/www.europesays.com\/si\/wp-json\/wp\/v2\/posts"}],"about":[{"href":"https:\/\/www.europesays.com\/si\/wp-json\/wp\/v2\/types\/post"}],"author":[{"embeddable":true,"href":"https:\/\/www.europesays.com\/si\/wp-json\/wp\/v2\/users\/2"}],"replies":[{"embeddable":true,"href":"https:\/\/www.europesays.com\/si\/wp-json\/wp\/v2\/comments?post=213717"}],"version-history":[{"count":0,"href":"https:\/\/www.europesays.com\/si\/wp-json\/wp\/v2\/posts\/213717\/revisions"}],"wp:featuredmedia":[{"embeddable":true,"href":"https:\/\/www.europesays.com\/si\/wp-json\/wp\/v2\/media\/213718"}],"wp:attachment":[{"href":"https:\/\/www.europesays.com\/si\/wp-json\/wp\/v2\/media?parent=213717"}],"wp:term":[{"taxonomy":"category","embeddable":true,"href":"https:\/\/www.europesays.com\/si\/wp-json\/wp\/v2\/categories?post=213717"},{"taxonomy":"post_tag","embeddable":true,"href":"https:\/\/www.europesays.com\/si\/wp-json\/wp\/v2\/tags?post=213717"}],"curies":[{"name":"wp","href":"https:\/\/api.w.org\/{rel}","templated":true}]}}