{"id":213747,"date":"2026-09-03T06:41:09","date_gmt":"2026-09-03T06:41:09","guid":{"rendered":"https:\/\/www.europesays.com\/si\/213747\/"},"modified":"2026-09-03T06:41:09","modified_gmt":"2026-09-03T06:41:09","slug":"napetost-med-rusijo-in-nemcijo-se-stopnjuje-moskva-zapira-nemske-kulturne-centre-v-rusiji","status":"publish","type":"post","link":"https:\/\/www.europesays.com\/si\/213747\/","title":{"rendered":"Napetost med Rusijo in Nem\u010dijo se stopnjuje: Moskva zapira nem\u0161ke kulturne centre v Rusiji"},"content":{"rendered":"<p>Ruske oblasti bodo po vsej dr\u017eavi zaprle nem\u0161ke kulturne centre, ki so podru\u017enice Goethejevega in\u0161tituta, je danes dejal ruski zunanji minister Sergej Lavrov. Kot je po poro\u010danju ruske tiskovne agencije Interfax pojasnil, je ta ukrep odgovor na na\u010drtovano zaprtje Ruske hi\u0161e v Berlinu.<\/p>\n<p>Nem\u010dija je v torek Rusijo okrivila za incident z dronom z eksplozivom, ki so ga avgusta odkrili na letali\u0161\u010du v Leipzigu. V odgovor nanj je nem\u0161ka vlada med drugim napovedala prekinitev najemne pogodbe za ruski kulturni center v Berlinu, Rusko hi\u0161o. Po navedbah nem\u0161ke tiskovne agencije dpa \u017ee dlje \u010dasa obstaja sum, da Moskva omenjeni kulturni center uporablja za vohunske namene.<\/p>\n<p>Lavrov je danes na Vzhodnem gospodarskem forumu v Vladivostoku dejal, da se je Nem\u010dija zavestno sprijaznila s tem, da bo ukrep proti Ruski hi\u0161i dejansko pomenil konec njene kulturne prisotnosti v Rusiji, poro\u010danje Interfaxa \u0161e povzema dpa.<\/p>\n<p>Ena od zadnjih nem\u0161kih institucij, ki \u0161e delujejo v Rusiji<\/p>\n<p>Goethejev in\u0161titut ima v Rusiji glavno podru\u017enico v Moskvi, njegova kulturna centra pa delujeta tudi v Sankt Peterburgu in Jekaterinburgu.<\/p>\n<p>Po poro\u010danju dpa je Goethejev in\u0161titut sicer ena od zadnjih nem\u0161kih institucij, ki kljub napetostim med Moskvo in Zahodom zaradi vojne v Ukrajini \u0161e delujejo v Rusiji. Moskva je namre\u010d \u0161tevilne tuje fundacije in organizacije razglasila za neza\u017eelene, s \u010dimer jim je dejansko prepovedala delovanje.<\/p>\n<p>Nem\u010dija je sicer v odgovor na incident v Lepizigu med drugim napovedala tudi zaprtje ruskega konzulata v Bonnu z 18. septembrom, ruskega veleposlanika v Berlinu pa so poklicali na pogovor. Rusija je \u017ee v torek napovedala vzajemen odgovor na nem\u0161ke ukrepe, v sredo pa so na pogovor poklicali nem\u0161kega odpravnika poslov v Moskvi.<\/p>\n","protected":false},"excerpt":{"rendered":"Ruske oblasti bodo po vsej dr\u017eavi zaprle nem\u0161ke kulturne centre, ki so podru\u017enice Goethejevega in\u0161tituta, je danes dejal&hellip;\n","protected":false},"author":2,"featured_media":213748,"comment_status":"","ping_status":"","sticky":false,"template":"","format":"standard","meta":{"footnotes":"","_share_on_mastodon":"0"},"categories":[20],"tags":[32,35,493,31,34,36,421,1314,37,38,33],"class_list":["post-213747","post","type-post","status-publish","format-standard","has-post-thumbnail","category-novice","tag-headlines","tag-najpomembnejse-novice","tag-nemcija","tag-news","tag-novice","tag-osrednje-novice","tag-rusija","tag-sergej-lavrov","tag-slovene","tag-slovenscina","tag-top-stories"],"share_on_mastodon":{"url":"https:\/\/pubeurope.com\/@si\/117205747906895959","error":""},"_links":{"self":[{"href":"https:\/\/www.europesays.com\/si\/wp-json\/wp\/v2\/posts\/213747","targetHints":{"allow":["GET"]}}],"collection":[{"href":"https:\/\/www.europesays.com\/si\/wp-json\/wp\/v2\/posts"}],"about":[{"href":"https:\/\/www.europesays.com\/si\/wp-json\/wp\/v2\/types\/post"}],"author":[{"embeddable":true,"href":"https:\/\/www.europesays.com\/si\/wp-json\/wp\/v2\/users\/2"}],"replies":[{"embeddable":true,"href":"https:\/\/www.europesays.com\/si\/wp-json\/wp\/v2\/comments?post=213747"}],"version-history":[{"count":0,"href":"https:\/\/www.europesays.com\/si\/wp-json\/wp\/v2\/posts\/213747\/revisions"}],"wp:featuredmedia":[{"embeddable":true,"href":"https:\/\/www.europesays.com\/si\/wp-json\/wp\/v2\/media\/213748"}],"wp:attachment":[{"href":"https:\/\/www.europesays.com\/si\/wp-json\/wp\/v2\/media?parent=213747"}],"wp:term":[{"taxonomy":"category","embeddable":true,"href":"https:\/\/www.europesays.com\/si\/wp-json\/wp\/v2\/categories?post=213747"},{"taxonomy":"post_tag","embeddable":true,"href":"https:\/\/www.europesays.com\/si\/wp-json\/wp\/v2\/tags?post=213747"}],"curies":[{"name":"wp","href":"https:\/\/api.w.org\/{rel}","templated":true}]}}