{"id":213761,"date":"2026-09-03T06:57:07","date_gmt":"2026-09-03T06:57:07","guid":{"rendered":"https:\/\/www.europesays.com\/si\/213761\/"},"modified":"2026-09-03T06:57:07","modified_gmt":"2026-09-03T06:57:07","slug":"iran-z-raketami-in-droni-na-ameriske-vojaske-cilje-v-kuvajtu","status":"publish","type":"post","link":"https:\/\/www.europesays.com\/si\/213761\/","title":{"rendered":"Iran z raketami in droni na ameri\u0161ke voja\u0161ke cilje v Kuvajtu"},"content":{"rendered":"<p>Kuvajt je bil zgodaj zjutraj tar\u010da iranskega napada z raketami in brezpilotnimi letalniki, je sporo\u010dila kuvajtska vojska. Napad je kmalu zatem potrdila tudi iranska dr\u017eavna televizija. &#8220;Kot odgovor na zlo\u010dine, ki so jih ZDA zagre\u0161ile proti iranskemu ljudstvu, potekajo napadi z raketami in brezpilotnimi letalniki na ameri\u0161ke baze v Kuvajtu,&#8221; so zapisali v objavi na omre\u017eju X.<\/p>\n<p dir=\"ltr\" lang=\"en\">FR24 | Situation still ongoing in Kuwait International airport, Kuwait. Civilians aircrafts are holding. <a href=\"https:\/\/t.co\/HYrtXEl1au\" rel=\"nofollow\">pic.twitter.com\/HYrtXEl1au<\/a><\/p>\n<p>\u2014 Hexagone Intel (@osinthexagone) <a href=\"https:\/\/x.com\/osinthexagone\/status\/2095329135790813324?ref_src=twsrc%5Etfw\" rel=\"nofollow\">September 3, 2026<\/a><\/p>\n<p>Napadi na Kuvajt sledijo ve\u010ddnevnemu izmenjevanju ognja med Iranom in ZDA. Iranski predstavniki trdijo, da je bilo v torkovih no\u010dnih napadih na Iran ubitih skupno 19 ljudi, med njimi \u0161tirje med poro\u010dnim slavjem. Tiskovni predstavnik iranskega zunanjega ministrstva Esmail Baghai je napade ozna\u010dil za vojni zlo\u010din in izrazil ob\u017ealovanje, da je bilo &#8220;poro\u010dno slavje brutalno bombardirano v okviru obupanega poskusa ZDA, da bi prikrile svoj\u00a0neuspeh&#8221;.<\/p>\n<p>Iran je ZDA opozoril, da lahko zdaj pri\u010dakujejo novo strategijo, &#8220;usmerjeno v uni\u010denje temeljev sovra\u017enika&#8221;, pri \u010demer niso pojasnili, za kak\u0161no strategijo gre. Ameri\u0161ki predsednik\u00a0Donald Trump pa je Teheran posvaril, da so \u0161e naprej pripravljeni\u00a0napadati Iran.<\/p>\n<p>                <script async src=\"https:\/\/platform.twitter.com\/widgets.js\" charset=\"utf-8\"><\/script><\/p>\n","protected":false},"excerpt":{"rendered":"Kuvajt je bil zgodaj zjutraj tar\u010da iranskega napada z raketami in brezpilotnimi letalniki, je sporo\u010dila kuvajtska vojska. Napad&hellip;\n","protected":false},"author":2,"featured_media":213762,"comment_status":"","ping_status":"","sticky":false,"template":"","format":"standard","meta":{"footnotes":"","_share_on_mastodon":"0"},"categories":[8],"tags":[3984,409,333,2006,37,38,64,882,63,404],"class_list":["post-213761","post","type-post","status-publish","format-standard","has-post-thumbnail","category-svet","tag-bliznji-vzhod","tag-donald-trump","tag-iran","tag-izrael","tag-slovene","tag-slovenscina","tag-svet","tag-vojna","tag-world","tag-zda"],"share_on_mastodon":{"url":"https:\/\/pubeurope.com\/@si\/117205810727697141","error":""},"_links":{"self":[{"href":"https:\/\/www.europesays.com\/si\/wp-json\/wp\/v2\/posts\/213761","targetHints":{"allow":["GET"]}}],"collection":[{"href":"https:\/\/www.europesays.com\/si\/wp-json\/wp\/v2\/posts"}],"about":[{"href":"https:\/\/www.europesays.com\/si\/wp-json\/wp\/v2\/types\/post"}],"author":[{"embeddable":true,"href":"https:\/\/www.europesays.com\/si\/wp-json\/wp\/v2\/users\/2"}],"replies":[{"embeddable":true,"href":"https:\/\/www.europesays.com\/si\/wp-json\/wp\/v2\/comments?post=213761"}],"version-history":[{"count":0,"href":"https:\/\/www.europesays.com\/si\/wp-json\/wp\/v2\/posts\/213761\/revisions"}],"wp:featuredmedia":[{"embeddable":true,"href":"https:\/\/www.europesays.com\/si\/wp-json\/wp\/v2\/media\/213762"}],"wp:attachment":[{"href":"https:\/\/www.europesays.com\/si\/wp-json\/wp\/v2\/media?parent=213761"}],"wp:term":[{"taxonomy":"category","embeddable":true,"href":"https:\/\/www.europesays.com\/si\/wp-json\/wp\/v2\/categories?post=213761"},{"taxonomy":"post_tag","embeddable":true,"href":"https:\/\/www.europesays.com\/si\/wp-json\/wp\/v2\/tags?post=213761"}],"curies":[{"name":"wp","href":"https:\/\/api.w.org\/{rel}","templated":true}]}}