{"id":213763,"date":"2026-09-03T06:58:09","date_gmt":"2026-09-03T06:58:09","guid":{"rendered":"https:\/\/www.europesays.com\/si\/213763\/"},"modified":"2026-09-03T06:58:09","modified_gmt":"2026-09-03T06:58:09","slug":"poskus-umora-na-gorenjskem-zenski-pristali-za-zapahi","status":"publish","type":"post","link":"https:\/\/www.europesays.com\/si\/213763\/","title":{"rendered":"Poskus umora na Gorenjskem, \u017eenski pristali za zapahi"},"content":{"rendered":"<p>Spor med 44- in 48-letno \u017eensko v Kranju je konec avgusta prerasel v pretep in uporabo ostrega predmeta.<\/p>\n<p>Kranjski policisti so 31. avgusta okoli 17. ure obravnavali spor med dvema <a href=\"https:\/\/www.zurnal24.si\/svet\/na-hrvaskem-prijeli-slovenko-v-avtu-naleteli-na-pravo-odkritje-464557\" rel=\"nofollow noopener\" target=\"_blank\">\u017eenskama <\/a>na obmo\u010dju Kranja, pri katerem je bil uporabljen tudi oster predmet. Kot so ugotovili, sta se <a href=\"https:\/\/www.zurnal24.si\/slovenija\/crna-kronika\/kranj-48-letnica-z-ostrim-predmetom-nad-44-letnico-464480\" rel=\"nofollow noopener\" target=\"_blank\">44- in 48-letna \u017eenska na javnem kraju najprej sprli<\/a> in nato \u0161e fizi\u010dno obra\u010dunali.<\/p>\n<p>Med pretepom je 48-letna \u017eenska z <a href=\"https:\/\/www.zurnal24.si\/slovenija\/kaos-pred-lokalom-moskega-porezali-nato-uporabili-se-solzivec-464516\" rel=\"nofollow noopener\" target=\"_blank\">ostrim predmetom<\/a> po\u0161kodovala 44-letnico. Policisti so ji odvzeli prostost in odredili pridr\u017eanje.<\/p>\n<p>Policisti so 48-letno osumljenko v sredo zve\u010der s kazensko ovadbo zaradi utemeljenega suma poskusa umora privedli k de\u017eurnemu preiskovalnemu sodniku Okro\u017enega sodi\u0161\u010da v Kranju. Ovadba jo bremeni kaznivega dejanja poskusa umora po 4. to\u010dki prvega odstavka 116. \u010dlena Kazenskega zakonika (KZ-1) v povezavi s 34. \u010dlenom istega zakona. Preiskovalni sodnik je zanjo odredil pripor.<\/p>\n<p>Prav tako je bila zaradi dogajanja ovadena 44-letna \u017eenska. Policisti so jo zaradi utemeljenega suma kaznivega dejanja nasilni\u0161tva po 296. \u010dlenu KZ-1 prav tako v sredo zve\u010der privedli pred preiskovalnega sodnika. Tudi zanjo je bil odrejen pripor.<\/p>\n<p>Tako sta po sporu obe udele\u017eenki pristali v priporu, 48-letna \u017eenska zaradi suma poskusa umora, 44-letna pa zaradi suma nasilni\u0161tva.<\/p>\n<p><a href=\"https:\/\/www.zurnal24.si\/slovenija\/mailto:dezurni@styria.media.si\" rel=\"nofollow noopener\" target=\"_blank\">dezurni@styria.media.si<\/a><\/p>\n","protected":false},"excerpt":{"rendered":"Spor med 44- in 48-letno \u017eensko v Kranju je konec avgusta prerasel v pretep in uporabo ostrega predmeta.&hellip;\n","protected":false},"author":2,"featured_media":213764,"comment_status":"","ping_status":"","sticky":false,"template":"","format":"standard","meta":{"footnotes":"","_share_on_mastodon":"0"},"categories":[6],"tags":[166,326,4229,268,59,61,62,37,58,60,38,864],"class_list":["post-213763","post","type-post","status-publish","format-standard","has-post-thumbnail","category-slovenija","tag-gorenjska","tag-policija","tag-poskus-umora","tag-pu-kranj","tag-republic-of-slovenia","tag-republika-slovenija","tag-si","tag-slovene","tag-slovenia","tag-slovenija","tag-slovenscina","tag-sodisce"],"share_on_mastodon":{"url":"https:\/\/pubeurope.com\/@si\/117205814771305405","error":""},"_links":{"self":[{"href":"https:\/\/www.europesays.com\/si\/wp-json\/wp\/v2\/posts\/213763","targetHints":{"allow":["GET"]}}],"collection":[{"href":"https:\/\/www.europesays.com\/si\/wp-json\/wp\/v2\/posts"}],"about":[{"href":"https:\/\/www.europesays.com\/si\/wp-json\/wp\/v2\/types\/post"}],"author":[{"embeddable":true,"href":"https:\/\/www.europesays.com\/si\/wp-json\/wp\/v2\/users\/2"}],"replies":[{"embeddable":true,"href":"https:\/\/www.europesays.com\/si\/wp-json\/wp\/v2\/comments?post=213763"}],"version-history":[{"count":0,"href":"https:\/\/www.europesays.com\/si\/wp-json\/wp\/v2\/posts\/213763\/revisions"}],"wp:featuredmedia":[{"embeddable":true,"href":"https:\/\/www.europesays.com\/si\/wp-json\/wp\/v2\/media\/213764"}],"wp:attachment":[{"href":"https:\/\/www.europesays.com\/si\/wp-json\/wp\/v2\/media?parent=213763"}],"wp:term":[{"taxonomy":"category","embeddable":true,"href":"https:\/\/www.europesays.com\/si\/wp-json\/wp\/v2\/categories?post=213763"},{"taxonomy":"post_tag","embeddable":true,"href":"https:\/\/www.europesays.com\/si\/wp-json\/wp\/v2\/tags?post=213763"}],"curies":[{"name":"wp","href":"https:\/\/api.w.org\/{rel}","templated":true}]}}