{"id":213783,"date":"2026-09-03T07:16:13","date_gmt":"2026-09-03T07:16:13","guid":{"rendered":"https:\/\/www.europesays.com\/si\/213783\/"},"modified":"2026-09-03T07:16:13","modified_gmt":"2026-09-03T07:16:13","slug":"pred-obravnavo-zakona-o-skok-u-opozorila-da-je-sodnikov-in-osebja-ze-zdaj-premalo","status":"publish","type":"post","link":"https:\/\/www.europesays.com\/si\/213783\/","title":{"rendered":"Pred obravnavo zakona o SKOK-u opozorila, da je sodnikov in osebja \u017ee zdaj premalo"},"content":{"rendered":"<p>\t\t\t\t\t\t\t\t<a href=\"https:\/\/www.europesays.com\/si\/wp-content\/uploads\/2026\/09\/67091459.jpg\" itemprop=\"contentUrl\" data-size=\"1200x800\" data-large=\"https:\/\/www.europesays.com\/si\/wp-content\/uploads\/2026\/09\/67091459.jpg\"><br \/>\n\t\t\t\t\t\t\t\t\t<img decoding=\"async\" src=\"https:\/\/www.europesays.com\/si\/wp-content\/uploads\/2026\/09\/67091459.jpg\" title=\"Sodni svet opozarja na problemati\u010dnost predvidene \u010dasovnice vzpostavitve novega sodi\u0161\u010da, saj da bo novo sodi\u0161\u010de treba zapolniti s sodniki in sodnim osebjem, ki pa ga je \u017ee zdaj premalo. Foto: Shutterstock\" alt=\"Sodni svet opozarja na problemati\u010dnost predvidene \u010dasovnice vzpostavitve novega sodi\u0161\u010da, saj da bo novo sodi\u0161\u010de treba zapolniti s sodniki in sodnim osebjem, ki pa ga je \u017ee zdaj premalo. Foto: Shutterstock\"\/><br \/>\n\t\t\t\t\t\t\t\t<\/a><\/p>\n<p>\t\t\t\t\t\t\t\t\tSodni svet opozarja na problemati\u010dnost predvidene \u010dasovnice vzpostavitve novega sodi\u0161\u010da, saj da bo novo sodi\u0161\u010de treba zapolniti s sodniki in sodnim osebjem, ki pa ga je \u017ee zdaj premalo. Foto: Shutterstock<\/p>\n<p>\t\t\t\t\t\t\t<a id=\"preferredSourceBanner\" href=\"https:\/\/www.rtvslo.si\/slovenija\/pred-obravnavo-zakona-o-skok-u-opozorila-da-je-sodnikov-in-osebja-ze-zdaj-premalo\/javascript:void(0)\" target=\"_blank\" class=\"d-none align-items-center justify-content-between rounded my-3\" style=\"padding: 10px 15px;\" rel=\"nofollow noopener\"><br \/>\n\t\t\t\t\t\t<img decoding=\"async\" src=\"https:\/\/img.rtvslo.si\/_static\/novi\/img\/ico-google.svg\" class=\"flex-shrink-0 mr-3\" aria-hidden=\"true\"\/><br \/>\n\t\t\t\t\t\tSpremljajte RTVSLO.si kot prednostni vir na Google<\/p>\n<p>\t\t\t\t\t<\/a><\/p>\n<p>Vrhovno sodi\u0161\u010de predlaga, da se za\u010detek uporabe zakona o SKOK-u zamakne najmanj za deset mesecev, do najmanj 1. oktobra prihodnje leto. Da je za ustanovitev novega sodi\u0161\u010da takoj z novim letom premalo \u010dasa, opozarja tudi sodni svet. Predsednica Ur\u0161ka Ke\u017emah opozarja: &#8220;\u010casovnica je izrazito kratka, kajti novo sodi\u0161\u010de bi moralo delovati \u017ee od 1. januarja prihodnje leto, klju\u010dne kadrovske in organizacijske odlo\u010ditve pa bi se sprejemale samo nekaj tednov prej. Po na\u0161em mnenju je prakti\u010dno nemogo\u010de slediti tej \u010dasovnici.&#8221;<\/p>\n<p>Oglas<\/p>\n<p>V sodnem svetu menijo, da novega specializiranega sodi\u0161\u010da ne potrebujemo, \u010deprav ve\u010djo specializacijo sodnikov podpirajo. A to bi po besedah Ur\u0161ke Ke\u017emah lahko dosegli druga\u010de: &#8220;Glavne te\u017eave so kadri, neenakomerna obremenitev in organizacija dela, to bi bilo po mnenju sodnega sveta mogo\u010de re\u0161evati tudi z reorganizacijo obstoje\u010dih specializiranih oddelkov, brez ustanavljanja nove institucije.&#8221;<\/p>\n<p>Sodni svet zato meni, da bi bilo treba pred potrditvijo zakona izdelati jasno primerjavo predlaganega modela z mo\u017enostjo reorganizacije zdaj\u0161njih \u0161tirih specializiranih oddelkov. Na vrhovnem sodi\u0161\u010du opozarjajo \u0161e, da predlagana izklju\u010dna pristojnost vi\u0161jega sodi\u0161\u010da v Mariboru za obravnavo prito\u017eb pomeni resno tveganje za nastanek zaostankov na tem sodi\u0161\u010du; to bi bil namre\u010d kar 300-odstotno pove\u010dan pripad zadev.<\/p>\n<p>Kot navaja vlada v predlogu, so lani \u0161tirje specializirani oddelki sodi\u0161\u010d, na katerih je delalo 28 sodnikov, prejeli 70 novih zadev, re\u0161ili so eno manj, ob koncu leta je bilo nere\u0161enih 199 zadev.<\/p>\n<p>Dr\u017eavni zbor bo novelo zakona o specializiranih organih za obravnavo korupcijskih kaznivih dejanj in organiziranega kriminala obravnaval po nujnem postopku predvidoma \u0161e ta mesec.<\/p>\n<p>Oglas<\/p>\n","protected":false},"excerpt":{"rendered":"Sodni svet opozarja na problemati\u010dnost predvidene \u010dasovnice vzpostavitve novega sodi\u0161\u010da, saj da bo novo sodi\u0161\u010de treba zapolniti s&hellip;\n","protected":false},"author":2,"featured_media":213784,"comment_status":"","ping_status":"","sticky":false,"template":"","format":"standard","meta":{"footnotes":"","_share_on_mastodon":"0"},"categories":[6],"tags":[59,61,62,4344,37,58,60,38,20316,43660,3646,1123],"class_list":["post-213783","post","type-post","status-publish","format-standard","has-post-thumbnail","category-slovenija","tag-republic-of-slovenia","tag-republika-slovenija","tag-si","tag-skok","tag-slovene","tag-slovenia","tag-slovenija","tag-slovenscina","tag-sodni-svet","tag-specializirano-sodisce","tag-vrhovno-sodisce","tag-zakon"],"share_on_mastodon":{"url":"https:\/\/pubeurope.com\/@si\/117205885689968588","error":""},"_links":{"self":[{"href":"https:\/\/www.europesays.com\/si\/wp-json\/wp\/v2\/posts\/213783","targetHints":{"allow":["GET"]}}],"collection":[{"href":"https:\/\/www.europesays.com\/si\/wp-json\/wp\/v2\/posts"}],"about":[{"href":"https:\/\/www.europesays.com\/si\/wp-json\/wp\/v2\/types\/post"}],"author":[{"embeddable":true,"href":"https:\/\/www.europesays.com\/si\/wp-json\/wp\/v2\/users\/2"}],"replies":[{"embeddable":true,"href":"https:\/\/www.europesays.com\/si\/wp-json\/wp\/v2\/comments?post=213783"}],"version-history":[{"count":0,"href":"https:\/\/www.europesays.com\/si\/wp-json\/wp\/v2\/posts\/213783\/revisions"}],"wp:featuredmedia":[{"embeddable":true,"href":"https:\/\/www.europesays.com\/si\/wp-json\/wp\/v2\/media\/213784"}],"wp:attachment":[{"href":"https:\/\/www.europesays.com\/si\/wp-json\/wp\/v2\/media?parent=213783"}],"wp:term":[{"taxonomy":"category","embeddable":true,"href":"https:\/\/www.europesays.com\/si\/wp-json\/wp\/v2\/categories?post=213783"},{"taxonomy":"post_tag","embeddable":true,"href":"https:\/\/www.europesays.com\/si\/wp-json\/wp\/v2\/tags?post=213783"}],"curies":[{"name":"wp","href":"https:\/\/api.w.org\/{rel}","templated":true}]}}