{"id":213803,"date":"2026-09-03T07:33:21","date_gmt":"2026-09-03T07:33:21","guid":{"rendered":"https:\/\/www.europesays.com\/si\/213803\/"},"modified":"2026-09-03T07:33:21","modified_gmt":"2026-09-03T07:33:21","slug":"iran-napadel-ameriske-cilje-v-kuvajtu-v-napadu-na-savdski-tanker-umrla-dva-mornarja","status":"publish","type":"post","link":"https:\/\/www.europesays.com\/si\/213803\/","title":{"rendered":"Iran napadel ameri\u0161ke cilje v Kuvajtu, v napadu na savdski tanker umrla dva mornarja"},"content":{"rendered":"<p>\t\t\t\t\t\t\t\t<a href=\"https:\/\/www.europesays.com\/si\/wp-content\/uploads\/2026\/09\/67091450.jpg\" itemprop=\"contentUrl\" data-size=\"1200x800\" data-large=\"https:\/\/www.europesays.com\/si\/wp-content\/uploads\/2026\/09\/67091450.jpg\"><br \/>\n\t\t\t\t\t\t\t\t\t<img decoding=\"async\" src=\"https:\/\/www.europesays.com\/si\/wp-content\/uploads\/2026\/09\/67091450.jpg\" title=\"Teheran na ameri\u0161ke napade odgovarja s povra\u010dilnimi napadi. Foto: Reuters\" alt=\"Teheran na ameri\u0161ke napade odgovarja s povra\u010dilnimi napadi. Foto: Reuters\"\/><br \/>\n\t\t\t\t\t\t\t\t<\/a><\/p>\n<p>\t\t\t\t\t\t\t\t\tTeheran na ameri\u0161ke napade odgovarja s povra\u010dilnimi napadi. Foto: Reuters<\/p>\n<p>\t\t\t\t\t\t\t<a id=\"preferredSourceBanner\" href=\"https:\/\/www.rtvslo.si\/svet\/vojna-v-iranu\/iran-napadel-ameriske-cilje-v-kuvajtu-v-napadu-na-savdski-tanker-umrla-dva-pomorscaka\/javascript:void(0)\" target=\"_blank\" class=\"d-none align-items-center justify-content-between rounded my-3\" style=\"padding: 10px 15px;\" rel=\"nofollow noopener\"><br \/>\n\t\t\t\t\t\t<img decoding=\"async\" src=\"https:\/\/img.rtvslo.si\/_static\/novi\/img\/ico-google.svg\" class=\"flex-shrink-0 mr-3\" aria-hidden=\"true\"\/><br \/>\n\t\t\t\t\t\tSpremljajte RTVSLO.si kot prednostni vir na Google<\/p>\n<p>\t\t\t\t\t<\/a><\/p>\n<p>&#8220;Kuvajtska zra\u010dna obramba se trenutno spopada s sovra\u017enimi napadi z raketami in brezpilotnimi letalniki, ki so rezultat podle iranske agresije,&#8221; je v objavi na omre\u017eju X sporo\u010dila kuvajtska vojska.<\/p>\n<p>Oglas<\/p>\n<p>Iranska dr\u017eavna televizija je kmalu zatem prav tako na omre\u017eju X sporo\u010dila, da iranske sile &#8220;v odgovor na zlo\u010dine, ki jih je proti iranskemu narodu storila Amerika&#8221; z raketami in brezpilotnimi letalniki, napadajo ameri\u0161ka opori\u0161\u010da v Kuvajtu.<\/p>\n<p>Teheran je v sredo, potem ko naj bi v torkovih ameri\u0161kih napadih umrlo 19 ljudi, od tega \u0161tirje na poro\u010dnem slavju, sporo\u010dil, da se bo ma\u0161\u010deval. ZDA je opozoril, naj pri\u010dakujejo novo strategijo, katere cilj je &#8220;poru\u0161iti temelje&#8221; sovra\u017enika. Kaj natan\u010dno naj bi nova strategija vklju\u010devala, niso navedli.<\/p>\n<p>\t\t\t\t\t\t\t\t<a href=\"https:\/\/www.europesays.com\/si\/wp-content\/uploads\/2026\/09\/67091455.jpg\" itemprop=\"contentUrl\" data-size=\"1200x800\" data-large=\"https:\/\/www.europesays.com\/si\/wp-content\/uploads\/2026\/09\/67091455.jpg\"><br \/>\n\t\t\t\t\t\t\t\t\t<img decoding=\"async\" src=\"https:\/\/www.europesays.com\/si\/wp-content\/uploads\/2026\/09\/67091455.jpg\" title=\"Po\u0161kodovana hi\u0161a blizu mesta Sirika, ki naj bi jo zadeli \u0161rapneli ameri\u0161ke rakete med poro\u010dnim slavjem. Foto: Reuters\" alt=\"Po\u0161kodovana hi\u0161a blizu mesta Sirika, ki naj bi jo zadeli \u0161rapneli ameri\u0161ke rakete med poro\u010dnim slavjem. Foto: Reuters\"\/><br \/>\n\t\t\t\t\t\t\t\t<\/a><\/p>\n<p>\t\t\t\t\t\t\t\t\tPo\u0161kodovana hi\u0161a blizu mesta Sirika, ki naj bi jo zadeli \u0161rapneli ameri\u0161ke rakete med poro\u010dnim slavjem. Foto: Reuters<\/p>\n<p>Islamska republika je nove napade izvedla kljub srednemu opozorilu ameri\u0161kega predsednika Donalda Trumpa, da so ZDA \u0161e naprej kadar koli pripravljene napasti Iran.<\/p>\n<p>Konflikt med Iranom in ZDA se je po ve\u010d tednih znova zaostril prej\u0161nji konec tedna. ZDA so v nedeljo sporo\u010dile, da so napadle iranske sisteme za izstreljevanje raket na otoku Larak v Hormu\u0161ki o\u017eini.<\/p>\n<p>Strani sta aprila sklenili premirje, junija pa podpisali memorandum o soglasju za sklenitev kon\u010dnega mirovnega sporazuma. A do tega po \u0161estih mesecih vojne na Bli\u017enjem vzhodu, ki se je za\u010dela 28. februarja, \u0161e ni pri\u0161lo. Washington je pred \u010dasom napovedal tudi &#8220;gospodarsko vojno&#8221; proti Teheranu.<\/p>\n<p>Napad na savdski tanker<\/p>\n<p>Savdska Arabija je sporo\u010dila, da sta v iranskem napadu na tanker Sidr v lasti njene dru\u017ebe Bahri umrla dva filipinska mornarja. Dru\u017eba Bahri je sporo\u010dila, da sta mornarja umrla v varnostnem incidentu na tankerju Sidr v ponedeljek ob 23.40 po lokalnem \u010dasu med plovbo skozi Hormu\u0161ko o\u017eino.<\/p>\n<p>Pri Bahriju so dodali, da ostajajo v stalnem stiku s posadko tankerja in da tesno sodelujejo s pristojnimi organi ter predstavniki pomorske industrije.<\/p>\n<p>\t\t\t\t\t\t\t\t<a href=\"https:\/\/www.europesays.com\/si\/wp-content\/uploads\/2026\/09\/67091458.jpg\" itemprop=\"contentUrl\" data-size=\"1200x800\" data-large=\"https:\/\/www.europesays.com\/si\/wp-content\/uploads\/2026\/09\/67091458.jpg\"><br \/>\n\t\t\t\t\t\t\t\t\t<img decoding=\"async\" src=\"https:\/\/www.europesays.com\/si\/wp-content\/uploads\/2026\/09\/67091458.jpg\" title=\"Pogled na ladje v Hormu\u0161ki o\u017eini. Foto: Reuters\" alt=\"Pogled na ladje v Hormu\u0161ki o\u017eini. Foto: Reuters\"\/><br \/>\n\t\t\t\t\t\t\t\t<\/a><\/p>\n<p>\t\t\t\t\t\t\t\t\tPogled na ladje v Hormu\u0161ki o\u017eini. Foto: Reuters<\/p>\n<p>Bahrijeve ladje so bile tar\u010da \u017ee ve\u010dkrat in tako je bil julija v bli\u017eini omanske obale v Hormu\u0161ki o\u017eini zadet njihov Wedyan.<\/p>\n<p>Teheran je pred tem zagrozil tankerjem, ki bi sku\u0161ali skozi Hormu\u0161ko o\u017eino pluti brez njegovega dovoljenja, s \u010dimer ovira energetski izvoz sosednjih dr\u017eav Perzijskega zaliva, sicer zaveznic ZDA.<\/p>\n<p>Pred ameri\u0161kimi in izraelskimi napadi na Iran 28. februarja je skozi Hormu\u0161ko o\u017eino potekala pribli\u017eno petina svetovne trgovine z nafto in uteko\u010dinjenim zemeljskim plinom (LNG).<\/p>\n<p>Iran je po poro\u010danju Reutersa raz\u0161iril seznam ladij, ki jih \u0161teje za neskladne s predpisi za pre\u010dkanje Hormu\u0161ke o\u017eine. Tak\u0161nim plovilom grozijo globe, zaseg ali pridr\u017eanje, \u010de posku\u0161ajo pluti skozi o\u017eino.<\/p>\n<p>Na seznamu so med drugim zelo veliki tankerji za surovo nafto (VLCC), tankerji za uteko\u010dinjen zemeljski plin (LNG), tankerji za uteko\u010dinjen naftni plin (LPG) in tankerji za prevoz rafiniranih naftnih derivatov.<\/p>\n<p>\t\t\t\tNovi napadi med ZDA in Iranom<\/p>\n<p>Oglas<\/p>\n","protected":false},"excerpt":{"rendered":"Teheran na ameri\u0161ke napade odgovarja s povra\u010dilnimi napadi. Foto: Reuters Spremljajte RTVSLO.si kot prednostni vir na Google &#8220;Kuvajtska&hellip;\n","protected":false},"author":2,"featured_media":213804,"comment_status":"","ping_status":"","sticky":false,"template":"","format":"standard","meta":{"footnotes":"","_share_on_mastodon":"0"},"categories":[8],"tags":[4915,333,7258,37,38,64,882,63,404],"class_list":["post-213803","post","type-post","status-publish","format-standard","has-post-thumbnail","category-svet","tag-hormuska-ozina","tag-iran","tag-kuvajt","tag-slovene","tag-slovenscina","tag-svet","tag-vojna","tag-world","tag-zda"],"share_on_mastodon":{"url":"https:\/\/pubeurope.com\/@si\/117205952848048062","error":""},"_links":{"self":[{"href":"https:\/\/www.europesays.com\/si\/wp-json\/wp\/v2\/posts\/213803","targetHints":{"allow":["GET"]}}],"collection":[{"href":"https:\/\/www.europesays.com\/si\/wp-json\/wp\/v2\/posts"}],"about":[{"href":"https:\/\/www.europesays.com\/si\/wp-json\/wp\/v2\/types\/post"}],"author":[{"embeddable":true,"href":"https:\/\/www.europesays.com\/si\/wp-json\/wp\/v2\/users\/2"}],"replies":[{"embeddable":true,"href":"https:\/\/www.europesays.com\/si\/wp-json\/wp\/v2\/comments?post=213803"}],"version-history":[{"count":0,"href":"https:\/\/www.europesays.com\/si\/wp-json\/wp\/v2\/posts\/213803\/revisions"}],"wp:featuredmedia":[{"embeddable":true,"href":"https:\/\/www.europesays.com\/si\/wp-json\/wp\/v2\/media\/213804"}],"wp:attachment":[{"href":"https:\/\/www.europesays.com\/si\/wp-json\/wp\/v2\/media?parent=213803"}],"wp:term":[{"taxonomy":"category","embeddable":true,"href":"https:\/\/www.europesays.com\/si\/wp-json\/wp\/v2\/categories?post=213803"},{"taxonomy":"post_tag","embeddable":true,"href":"https:\/\/www.europesays.com\/si\/wp-json\/wp\/v2\/tags?post=213803"}],"curies":[{"name":"wp","href":"https:\/\/api.w.org\/{rel}","templated":true}]}}