{"id":213815,"date":"2026-09-03T07:45:21","date_gmt":"2026-09-03T07:45:21","guid":{"rendered":"https:\/\/www.europesays.com\/si\/213815\/"},"modified":"2026-09-03T07:45:21","modified_gmt":"2026-09-03T07:45:21","slug":"tako-so-v-ljubljanskem-hotelu-razvajali-doncica-in-lakerse-ob-posteljah-jih-je-cakalo-posebno-presenecenje-video","status":"publish","type":"post","link":"https:\/\/www.europesays.com\/si\/213815\/","title":{"rendered":"Tako so v ljubljanskem hotelu razvajali Don\u010di\u0107a in Lakerse: ob posteljah jih je \u010dakalo posebno presene\u010denje (VIDEO)"},"content":{"rendered":"<p>Ko so ko\u0161arkarji Los Angeles Lakers konec avgusta na povabilo Luke Don\u010di\u0107a pri\u0161li v Slovenijo, jih ni \u010dakalo le dru\u017eenje, treningi in spoznavanje de\u017eele njihovega slovenskega zvezdnika. Zdaj so na dan pri\u0161le tudi zanimive podrobnosti iz hotela InterContinental Ljubljana, kjer je slovita NBA-ekipa pre\u017eivela \u0161tiri no\u010di. Posebno presene\u010denje jih je pri\u010dakalo kar v njihovih sobah.<\/p>\n<p>Vsakega igralca je v sobi pri\u010dakala osebna dobrodo\u0161lica, napisana na papirju, poleg nje pa tudi list z nekaterimi osnovnimi slovenskimi besedami in frazami, da bi se lahko gostje nekoliko la\u017eje zna\u0161li v Ljubljani. A to \u0161e ni vse, na postelji je\u00a0vsakega ko\u0161arkarja pri\u010dakala pli\u0161asta \u010debela. \u010cebela ni bila izbrana naklju\u010dno, saj je kranjska \u010debela oziroma kranjska sivka eden najbolj prepoznavnih simbolov Slovenije. \u0160lo je za simpati\u010dno in predvsem simboli\u010dno darilo, dale\u010d od dragocenih re\u010di, ki bi jih morda pri\u010dakovali ob obisku milijonskih NBA-zvezdnikov.<\/p>\n<p><img decoding=\"async\" class=\"article__img-tag-visible\" src=\"https:\/\/www.europesays.com\/si\/wp-content\/uploads\/2026\/09\/3715801.width-660.format-webp.webp\" alt=\"FOTO: Zasolsnki Posnetek, Intercontinetal\" img_id=\"11785881\" data-img-id=\"11785881\"\/><\/p>\n<p>FOTO: Zasolsnki Posnetek, Intercontinetal<\/p>\n<p>Posebno povezavo s pli\u0161asto \u010debelo pa je imela tudi Don\u010di\u0107eva h\u010derka Gabriela. Ko je skupaj z o\u010detom obiskala ko\u0161arkarje v hotelu, je v naro\u010dju dr\u017eala prav tak\u0161no \u010debelico.<\/p>\n<p>(Oglejte si videoposnetek)<\/p>\n<p>V InterContinentalu Ljubljana so zdaj\u00a0objavili tudi posnetek, na katerem so pokazali nekaj utrinkov obiska Lakersov, med drugim, kako so sprejeli goste, kaj so jim pripravili v sobah in s \u010dim so jim postregli pri zajtrku.<\/p>\n<p><img decoding=\"async\" class=\"article__img-tag-visible\" src=\"https:\/\/www.europesays.com\/si\/wp-content\/uploads\/2026\/09\/3715800.width-660.format-webp.webp\" alt=\"FOTO: Zasolsnki Posnetek, Intercontinetal\" img_id=\"11785861\" data-img-id=\"11785861\"\/><\/p>\n<p>FOTO: Zasolsnki Posnetek, Intercontinetal<\/p>\n<p>\u00bbPoseben obisk Slovenije. V veliko veselje nam je bilo v Ljubljani gostiti Los Angeles Lakers, ki so Slovenijo spoznavali skozi o\u010di Luke Don\u010di\u0107a. Ponosni smo, da smo bili del njihove poti in da smo jih lahko pozdravili v InterContinentalu Ljubljana. Hvala Lakersom, da so izbrali nas, in nam zaupali svoje bivanje,\u00ab so zapisali ob posnetku.<\/p>\n<p><img decoding=\"async\" class=\"article__img-tag-visible\" src=\"https:\/\/www.europesays.com\/si\/wp-content\/uploads\/2026\/09\/3715802.width-660.format-webp.webp\" alt=\"FOTO: Zasolsnki Posnetek, Intercontinetal\" img_id=\"11785871\" data-img-id=\"11785871\"\/><\/p>\n<p>FOTO: Zasolsnki Posnetek, Intercontinetal<\/p>\n<p>Obisk Lakersov ni bil obi\u010dajno turisti\u010dno potovanje. Don\u010di\u0107 je dru\u017eenje pripravil predvsem zato, da bi se igralci pred za\u010detkom nove sezone \u0161e tesneje povezali. V \u0161tirih dneh so Lakersi spoznali precej\u0161en del Don\u010di\u0107evega doma\u010dega okolja. Trenirali so v Sto\u017eicah, se sprehodili po Ljubljani in se zapeljali po Ljubljanici, obiskali pa so tudi Bled. Tam so med drugim veslali z nekdanjimi slovenskimi olimpijci in se preizkusili v golfu. Don\u010di\u0107 jih je popeljal \u0161e na igri\u0161\u010de v Savskem naselju v Ljubljani, kjer je kot otrok za\u010del svojo ko\u0161arkarsko pot. Za ameri\u0161ke zvezdnike je bil to verjetno eden najbolj osebnih vpogledov v zgodbo \u010dloveka, ki bo imel v prihajajo\u010di sezoni pri Lakersih \u0161e pomembnej\u0161o vlogo. Lakersi bodo novo sezono lige NBA za\u010deli 21. oktobra, ko bodo v doma\u010di Crypto.com Areni gostili Golden State Warriors.\u00a0<\/p>\n<p><img decoding=\"async\" class=\"article__img-tag-visible\" src=\"https:\/\/www.europesays.com\/si\/wp-content\/uploads\/2026\/09\/3715804.width-660.format-webp.webp\" alt=\"FOTO: Zaslonski Posnetek, Intercontinental\" img_id=\"11785891\" data-img-id=\"11785891\"\/><\/p>\n<p>FOTO: Zaslonski Posnetek, Intercontinental<\/p>\n","protected":false},"excerpt":{"rendered":"Ko so ko\u0161arkarji Los Angeles Lakers konec avgusta na povabilo Luke Don\u010di\u0107a pri\u0161li v Slovenijo, jih ni \u010dakalo&hellip;\n","protected":false},"author":2,"featured_media":213816,"comment_status":"","ping_status":"","sticky":false,"template":"","format":"standard","meta":{"footnotes":"","_share_on_mastodon":"0"},"categories":[21],"tags":[49143,344,124,879,342,3126,62,37,58,60,38],"class_list":["post-213815","post","type-post","status-publish","format-standard","has-post-thumbnail","category-ljubljana","tag-intercontinental-ljubljana","tag-kosarka","tag-ljubljana","tag-los-angeles-lakers","tag-luka-doncic","tag-obisk","tag-si","tag-slovene","tag-slovenia","tag-slovenija","tag-slovenscina"],"share_on_mastodon":{"url":"https:\/\/pubeurope.com\/@si\/117205999870284794","error":""},"_links":{"self":[{"href":"https:\/\/www.europesays.com\/si\/wp-json\/wp\/v2\/posts\/213815","targetHints":{"allow":["GET"]}}],"collection":[{"href":"https:\/\/www.europesays.com\/si\/wp-json\/wp\/v2\/posts"}],"about":[{"href":"https:\/\/www.europesays.com\/si\/wp-json\/wp\/v2\/types\/post"}],"author":[{"embeddable":true,"href":"https:\/\/www.europesays.com\/si\/wp-json\/wp\/v2\/users\/2"}],"replies":[{"embeddable":true,"href":"https:\/\/www.europesays.com\/si\/wp-json\/wp\/v2\/comments?post=213815"}],"version-history":[{"count":0,"href":"https:\/\/www.europesays.com\/si\/wp-json\/wp\/v2\/posts\/213815\/revisions"}],"wp:featuredmedia":[{"embeddable":true,"href":"https:\/\/www.europesays.com\/si\/wp-json\/wp\/v2\/media\/213816"}],"wp:attachment":[{"href":"https:\/\/www.europesays.com\/si\/wp-json\/wp\/v2\/media?parent=213815"}],"wp:term":[{"taxonomy":"category","embeddable":true,"href":"https:\/\/www.europesays.com\/si\/wp-json\/wp\/v2\/categories?post=213815"},{"taxonomy":"post_tag","embeddable":true,"href":"https:\/\/www.europesays.com\/si\/wp-json\/wp\/v2\/tags?post=213815"}],"curies":[{"name":"wp","href":"https:\/\/api.w.org\/{rel}","templated":true}]}}