{"id":213825,"date":"2026-09-03T07:51:15","date_gmt":"2026-09-03T07:51:15","guid":{"rendered":"https:\/\/www.europesays.com\/si\/213825\/"},"modified":"2026-09-03T07:51:15","modified_gmt":"2026-09-03T07:51:15","slug":"v-kampu-beli-gaber-imate-obcutek-da-ste-sredi-gozda","status":"publish","type":"post","link":"https:\/\/www.europesays.com\/si\/213825\/","title":{"rendered":"V kampu Beli gaber imate ob\u010dutek, da ste sredi gozda"},"content":{"rendered":"<p><a id=\"preferredSourceBanner\" href=\"https:\/\/www.rtvslo.si\/zabava-in-slog\/ture-avanture\/v-kampu-beli-gaber-imate-obcutek-da-ste-sredi-gozda\/javascript:void(0)\" target=\"_blank\" class=\"d-none align-items-center justify-content-between rounded my-3\" style=\"padding: 10px 15px;\" rel=\"nofollow noopener\"><br \/>\n\t\t\t\t\t\t<img decoding=\"async\" src=\"https:\/\/img.rtvslo.si\/_static\/novi\/img\/ico-google.svg\" class=\"flex-shrink-0 mr-3\" aria-hidden=\"true\"\/><br \/>\n\t\t\t\t\t\tSpremljajte RTVSLO.si kot prednostni vir na Google<\/p>\n<p>\t\t\t\t\t<\/a><\/p>\n<p>Nekateri pridejo tudi samo zaradi medveda.<\/p>\n<p>Oglas<\/p>\n<p>Mateja in Beno Pe\u010dek sta se odlo\u010dila, da si dom ustvarita v majhni vasici Matejinega otro\u0161tva. Sama si je \u017ee dolgo \u017eelela, da bi prav tam, kjer je veljalo prepri\u010danje, da se v turizmu ne da narediti ni\u010d, stvari spremenila. Strmo zemlji\u0161\u010de, ki ga ni bilo preprosto obdelovati, je bilo pred desetimi leti ideja za kamp sredi gozda.<\/p>\n<p>\t\t\t\t\t\t\t\t<a href=\"https:\/\/www.europesays.com\/si\/wp-content\/uploads\/2026\/09\/67090301.jpg\" itemprop=\"contentUrl\" data-size=\"1200x800\" data-large=\"https:\/\/www.europesays.com\/si\/wp-content\/uploads\/2026\/09\/67090301.jpg\"><br \/>\n\t\t\t\t\t\t\t\t\t<img decoding=\"async\" src=\"https:\/\/www.europesays.com\/si\/wp-content\/uploads\/2026\/09\/67090301.jpg\" title=\"Po\u010ditek sredi gozda, kjer kraljuje ti\u0161ina. Foto: Facebook\" alt=\"Po\u010ditek sredi gozda, kjer kraljuje ti\u0161ina. Foto: Facebook\"\/><br \/>\n\t\t\t\t\t\t\t\t<\/a><\/p>\n<p>\t\t\t\t\t\t\t\t\tPo\u010ditek sredi gozda, kjer kraljuje ti\u0161ina. Foto: Facebook<\/p>\n<p>Kot pravi Beno, je bila Matejina ideja zanj sprva neizvedljiva. Potem pa sta ugotovila, da je on njene roke, ona pa mo\u017egani.<\/p>\n<p>Za\u010detki niso bili lahki. Urediti kamp na strmini ni preprosto, svoje pa je dodala \u0161e birokracija. Prva podoba je bila bolj taborni\u0161ka, danes pa je prostora za 16 \u0161otorov in \u0161tiri avtodome. Na voljo je \u0161est hi\u0161ic, za preno\u010devanje pa je urejen tudi kozolec s senikom.<\/p>\n<p>Ko sta iskala ime za kamp, sta \u017eelela, da bi bilo slovensko. Obmo\u010dju se je neko\u010d reklo Gabre, zato sta izbrala ime Beli gaber. Ali so tam neko\u010d zares rasli beli gabri, ne vesta. Pravita pa, da niti ni treba, da ima vsaka zgodba \u010disto realno osnovo.<\/p>\n<p>Njuna zgodba pa je vsekakor tesno povezana z naravo. Prav narava je tista, zaradi katere se gostje vra\u010dajo, v\u010dasih pa so gostje tudi tisti, ki njima povedo, kaj vse je v tem okolju in \u010desar kot doma\u010dina sama niti ne opazita. Tako se eni od drugih u\u010dijo.<\/p>\n<p>Gostom poka\u017eejo, kako \u017eivijo doma\u010dini<\/p>\n<p>Ve\u010dina obiskovalcev so tujci, predvsem iz Nem\u010dije, Nizozemske in Belgije, vse ve\u010d pa jih prihaja tudi iz \u0160vice, Italije in Francije.<\/p>\n<p>Mateja in Beno jim \u017eelita pokazati tudi \u017eivljenje Lo\u0161ke doline. Skupaj z Javnim zavodom Sne\u017enik v projektu Go Local pripravljajo dejavnosti na kmetijah in v kampu. Gostje lahko spoznajo delo z volno, preizkusijo lokostrelstvo ali se na kmetiji seznanijo s starimi kme\u010dkimi opravili.<\/p>\n<p>&#8220;Poskusimo jim malo pokazati na\u0161e \u017eivljenje, kaj po\u010dnemo,&#8221; pravi Mateja.<\/p>\n<p>Beno se spominja belgijskih \u0161tudentov, ki vsakih nekaj let pridejo pomagat v kamp in na kmetije. Tam se sre\u010dajo tudi s starim na\u010dinom mol\u017ee krave. &#8220;Neko dekle je bilo \u010disto \u0161okirano, ker je videlo, od kod prihaja mleko. Od tistega trenutka naprej tukaj sploh ni ve\u010d pila mleka, ker prej ni vedela, od kod prihaja.&#8221;<\/p>\n<p>Tudi otroci se v kampu sre\u010dajo z druga\u010dnim svetom \u2013 svetom brez brez\u017ei\u010dnega interneta. Star\u0161i jima ob odhodu velikokrat povedo, da so kon\u010dno videli svojega otroka, ki se zna igrati z vejami, kamni in stor\u017ei.<\/p>\n<p>Beno je tudi ljubiteljski igralec, kar mu pride v kampu \u0161e kako prav. Z gosti se rad pogovarja, v tem u\u017eiva gostom in gostom da vedeti, da niso samo turisti.<\/p>\n<p>\t\t\t\t\t\t\t\t<a href=\"https:\/\/www.europesays.com\/si\/wp-content\/uploads\/2026\/09\/67090300.jpg\" itemprop=\"contentUrl\" data-size=\"1200x800\" data-large=\"https:\/\/www.europesays.com\/si\/wp-content\/uploads\/2026\/09\/67090300.jpg\"><br \/>\n\t\t\t\t\t\t\t\t\t<img decoding=\"async\" src=\"https:\/\/www.europesays.com\/si\/wp-content\/uploads\/2026\/09\/67090300.jpg\" title=\"Beno nenehno nadgrajuje videz kampa. Foto: Facebook\" alt=\"Beno nenehno nadgrajuje videz kampa. Foto: Facebook\"\/><br \/>\n\t\t\t\t\t\t\t\t<\/a><\/p>\n<p>\t\t\t\t\t\t\t\t\tBeno nenehno nadgrajuje videz kampa. Foto: Facebook<\/p>\n<p>Tukaj narava ni samo kulisa<\/p>\n<p>Beno in Mateja Pe\u010dek \u017eelita naravo vklju\u010diti tudi v vsakdanje delovanje kampa. Vodo v kopalnici ve\u010dinoma segreva sonce, ob dalj\u0161em de\u017eevju pa jo je treba dodatno dogrevati. Gostom z napisi in pogovori poka\u017eeta, kako pomembno je var\u010devanje z vodo, in jih na nevsiljiv na\u010din opozarjata, da se moramo do narave obna\u0161ati bolj spo\u0161tljivo \u2013 ne samo v kampu, ampak tudi sicer v \u017eivljenju, pravi Mateja.<\/p>\n<p>K njima ve\u010dinoma prihajajo gostje, ki ne pri\u010dakujejo udobja, kot sta elektrika in voda na parcelah. Se pa zgodi, da pridejo popolnoma nepripravljeni \u2013 v visokih petah, nato pa prespijo na kozolcu.<\/p>\n<p>Prvo vpra\u0161anje je medved<\/p>\n<p>Velikokrat je prvo vpra\u0161anje gostov medved. Za doma\u010dine je ta \u017eival del vsakdana, za \u0161tevilne tuje goste pa ena najve\u010djih zanimivosti.<\/p>\n<p>Zato jih Mateja in Beno opozarjata, kako naj se vedejo v gozdu, saj nimajo vsi tujci ob\u010dutka, kak\u0161na \u017eival je medved, si ga pa zelo \u017eelijo videti. Medved je verjetno tam, na obmo\u010dju, ki je turisti\u010dno precej nerazvito, turisti\u010dna atrakcija \u0161tevilka ena, pravi Mateja.<\/p>\n<p>Kamp se pozimi ne zapre zares<\/p>\n<p>Kamp Beli gaber je odprt od za\u010detka maja do konca septembra in takrat za Matejo in Bena ni dopusta. &#8220;Mi ves \u010das kampiramo. Mi smo vedno v kampu, celo sezono,&#8221; pravi Beno, saj se takrat, ko zadnji gostje odidejo, \u017ee za\u010dne priprava na novo sezono: urejanje kampa, delo z lesom, nove ideje in na\u010drtovanje. Kamp se sicer zapre za obiskovalce, ne pa tudi v njunih glavah.<\/p>\n<p>&#8220;Ko gredo zadnji gostje, \u017ee za\u010dnemo urejati stvari za naslednjo sezono. Ne ve\u0161, kak\u0161na bo zima, zato je treba ujeti jesen. Potem pa prakti\u010dno celo zimo razmi\u0161lja\u0161. I\u0161\u010dem ideje, potem jih moram predstaviti Benu, da jih izvede,&#8221; pravi Mateja.<\/p>\n<p>A pozimi si vseeno vzameta \u010das za smu\u010danje v Dolomitih, to je nujno, poleti pa Beno pravi, da potovanj ne pogre\u0161a: &#8220;Zakaj bi potoval po svetu, \u010de zdaj cel svet pride k meni?&#8221;<\/p>\n<p>\t\t\t\t\t\t\t\t\tPoletna izmena: Mi smo v kampu vso sezono<\/p>\n<p>\t\t\t\t\t\t\t\t\t<a href=\"https:\/\/www.europesays.com\/si\/wp-content\/uploads\/2026\/09\/67090305.jpg\" data-size=\"1200x800\"><br \/>\n\t\t\t\t\t\t\t\t\t\t<img decoding=\"async\" src=\"https:\/\/www.europesays.com\/si\/wp-content\/uploads\/2026\/09\/67090305.jpg\" class=\"lazy\" alt=\" Foto: Facebook\"\/><br \/>\n\t\t\t\t\t\t\t\t\t<\/a><br \/>\n\t\t\t\t\t\t\t\t\t Foto: Facebook<\/p>\n<p>\t\t\t\t\t\t\t\t\t<a href=\"https:\/\/www.europesays.com\/si\/wp-content\/uploads\/2026\/09\/67090302.jpg\" data-size=\"1200x800\"><br \/>\n\t\t\t\t\t\t\t\t\t\t<img decoding=\"async\" src=\"https:\/\/www.europesays.com\/si\/wp-content\/uploads\/2026\/09\/67090302.jpg\" class=\"lazy\" alt=\" Foto: Facebook\"\/><br \/>\n\t\t\t\t\t\t\t\t\t<\/a><br \/>\n\t\t\t\t\t\t\t\t\t Foto: Facebook<\/p>\n<p>\t\t\t\t\t\t\t\t\t<a href=\"https:\/\/www.europesays.com\/si\/wp-content\/uploads\/2026\/09\/67090303.jpg\" data-size=\"1200x800\"><br \/>\n\t\t\t\t\t\t\t\t\t\t<img decoding=\"async\" src=\"https:\/\/www.europesays.com\/si\/wp-content\/uploads\/2026\/09\/67090303.jpg\" class=\"lazy\" alt=\" Foto: Facebook\"\/><br \/>\n\t\t\t\t\t\t\t\t\t<\/a><br \/>\n\t\t\t\t\t\t\t\t\t Foto: Facebook<\/p>\n<p>Oglas<\/p>\n","protected":false},"excerpt":{"rendered":"Spremljajte RTVSLO.si kot prednostni vir na Google Nekateri pridejo tudi samo zaradi medveda. Oglas Mateja in Beno Pe\u010dek&hellip;\n","protected":false},"author":2,"featured_media":213826,"comment_status":"","ping_status":"","sticky":false,"template":"","format":"standard","meta":{"footnotes":"","_share_on_mastodon":"0"},"categories":[8],"tags":[52249,52248,15116,4160,37,38,64,488,63],"class_list":["post-213825","post","type-post","status-publish","format-standard","has-post-thumbnail","category-svet","tag-kamp-beli-gaber","tag-loska-dolina","tag-medved","tag-narava","tag-slovene","tag-slovenscina","tag-svet","tag-turizem","tag-world"],"share_on_mastodon":{"url":"https:\/\/pubeurope.com\/@si\/117206023625928293","error":""},"_links":{"self":[{"href":"https:\/\/www.europesays.com\/si\/wp-json\/wp\/v2\/posts\/213825","targetHints":{"allow":["GET"]}}],"collection":[{"href":"https:\/\/www.europesays.com\/si\/wp-json\/wp\/v2\/posts"}],"about":[{"href":"https:\/\/www.europesays.com\/si\/wp-json\/wp\/v2\/types\/post"}],"author":[{"embeddable":true,"href":"https:\/\/www.europesays.com\/si\/wp-json\/wp\/v2\/users\/2"}],"replies":[{"embeddable":true,"href":"https:\/\/www.europesays.com\/si\/wp-json\/wp\/v2\/comments?post=213825"}],"version-history":[{"count":0,"href":"https:\/\/www.europesays.com\/si\/wp-json\/wp\/v2\/posts\/213825\/revisions"}],"wp:featuredmedia":[{"embeddable":true,"href":"https:\/\/www.europesays.com\/si\/wp-json\/wp\/v2\/media\/213826"}],"wp:attachment":[{"href":"https:\/\/www.europesays.com\/si\/wp-json\/wp\/v2\/media?parent=213825"}],"wp:term":[{"taxonomy":"category","embeddable":true,"href":"https:\/\/www.europesays.com\/si\/wp-json\/wp\/v2\/categories?post=213825"},{"taxonomy":"post_tag","embeddable":true,"href":"https:\/\/www.europesays.com\/si\/wp-json\/wp\/v2\/tags?post=213825"}],"curies":[{"name":"wp","href":"https:\/\/api.w.org\/{rel}","templated":true}]}}