{"id":213935,"date":"2026-09-03T09:39:32","date_gmt":"2026-09-03T09:39:32","guid":{"rendered":"https:\/\/www.europesays.com\/si\/213935\/"},"modified":"2026-09-03T09:39:32","modified_gmt":"2026-09-03T09:39:32","slug":"robert-golob-se-je-pokakal-in-ni-prisel-na-soocenje-s-stevanovicem-na-pop-tv","status":"publish","type":"post","link":"https:\/\/www.europesays.com\/si\/213935\/","title":{"rendered":"Robert Golob se je pokakal in ni pri\u0161el na soo\u010denje s Stevanovi\u0107em na POP TV"},"content":{"rendered":"<p>Med tem, ko so se na trgu Republike ponovno zbrali lenuhi, narkomani, brezdelne\u017ei in skrajni levi\u010darji, ter protestirali proti Jan\u0161evi vladi, pa se je nekdanji predsednik vlade Golob verjetno skril pri svoji \u017eeni in ni upal priti niti na njemu ljubo POP TV.<\/p>\n<p>Predsednik stranke Gibanje Svoboda in nekdanji predsednik vlade Robert Golob je danes zavrnil sodelovanje v oddaji 24UR Zve\u010der in jo ozna\u010dil za \u201cpoliti\u010dni \u0161ov\u201d predsednika dr\u017eavnega zbora Zorana Stevanovi\u0107a. Ta je Goloba povabil na televizijsko soo\u010denje, tema razprave pa bi najverjetneje bili postopki v povezavi z zadevo Bobnar in morebiten za\u010detek kazenskega postopka proti Golobu.\u00a0<\/p>\n<p dir=\"ltr\" lang=\"sl\">Khm, kaj vse razkrivajo tak\u0161ni to\u017eilski dokumenti: da ima Golob stalno bivali\u0161\u010de \u0161e vedno prijavljeno v biv\u0161i dru\u017einski hi\u0161i v Kromberku (Nova Gorica), ki je po lo\u010ditvi pripadla njegovi prej\u0161nji \u017eeni Jani Nemec (ex Golob), v \u201cnajetem\u201d ljubljanskem stanovanju, kjer zdaj stanujeta\u2026 <a href=\"https:\/\/t.co\/mqyWTCyEqx\" rel=\"nofollow\">https:\/\/t.co\/mqyWTCyEqx<\/a> <a href=\"https:\/\/t.co\/OvnTgZ4L4t\" rel=\"nofollow\">pic.twitter.com\/OvnTgZ4L4t<\/a><\/p>\n<p>\u2014 BojanPo\u017ear (@BojanPozar) <a href=\"https:\/\/x.com\/BojanPozar\/status\/2095295808409133195?ref_src=twsrc%5Etfw\" rel=\"nofollow\">September 2, 2026<\/a><\/p>\n<p>Predsednika dr\u017eavnega zbora Zorana Stevanovi\u0107a so tudi obto\u017eili, da je danes lagal, ko je izrekel te besede:\u00a0\u201cGlede na to, da je trenutno edini poslanec, o katerem sem obve\u0161\u010den, da je zoper njega spro\u017een kazenski postopek, in glede na vse sladke besede o integriteti, po\u0161tenosti, bi \u017ee v\u010deraj pri\u010dakoval njegov odstop.\u201d<\/p>\n<p>A za Goloba je kazenski postopek farsa, zagovarjanje stali\u0161\u010d pa politi\u010dni \u0161ov? Le kaj se je zgodilo z \u201c\u010dude\u017enim\u201d de\u010dkom energetike in \u201cvrhunskim\u201d mened\u017eerjem?<\/p>\n<p>\u00a0<\/p>\n<p><script async src=\"https:\/\/platform.twitter.com\/widgets.js\" charset=\"utf-8\"><\/script><\/p>\n","protected":false},"excerpt":{"rendered":"Med tem, ko so se na trgu Republike ponovno zbrali lenuhi, narkomani, brezdelne\u017ei in skrajni levi\u010darji, ter protestirali&hellip;\n","protected":false},"author":2,"featured_media":213936,"comment_status":"","ping_status":"","sticky":false,"template":"","format":"standard","meta":{"footnotes":"","_share_on_mastodon":"0"},"categories":[22],"tags":[150,860,50,62,37,58,60,38,1158,5877],"class_list":["post-213935","post","type-post","status-publish","format-standard","has-post-thumbnail","category-maribor","tag-maribor","tag-pop-tv","tag-robert-golob","tag-si","tag-slovene","tag-slovenia","tag-slovenija","tag-slovenscina","tag-soocenje","tag-zoran-stevanovic"],"share_on_mastodon":{"url":"https:\/\/pubeurope.com\/@si\/117206448173598554","error":""},"_links":{"self":[{"href":"https:\/\/www.europesays.com\/si\/wp-json\/wp\/v2\/posts\/213935","targetHints":{"allow":["GET"]}}],"collection":[{"href":"https:\/\/www.europesays.com\/si\/wp-json\/wp\/v2\/posts"}],"about":[{"href":"https:\/\/www.europesays.com\/si\/wp-json\/wp\/v2\/types\/post"}],"author":[{"embeddable":true,"href":"https:\/\/www.europesays.com\/si\/wp-json\/wp\/v2\/users\/2"}],"replies":[{"embeddable":true,"href":"https:\/\/www.europesays.com\/si\/wp-json\/wp\/v2\/comments?post=213935"}],"version-history":[{"count":0,"href":"https:\/\/www.europesays.com\/si\/wp-json\/wp\/v2\/posts\/213935\/revisions"}],"wp:featuredmedia":[{"embeddable":true,"href":"https:\/\/www.europesays.com\/si\/wp-json\/wp\/v2\/media\/213936"}],"wp:attachment":[{"href":"https:\/\/www.europesays.com\/si\/wp-json\/wp\/v2\/media?parent=213935"}],"wp:term":[{"taxonomy":"category","embeddable":true,"href":"https:\/\/www.europesays.com\/si\/wp-json\/wp\/v2\/categories?post=213935"},{"taxonomy":"post_tag","embeddable":true,"href":"https:\/\/www.europesays.com\/si\/wp-json\/wp\/v2\/tags?post=213935"}],"curies":[{"name":"wp","href":"https:\/\/api.w.org\/{rel}","templated":true}]}}