{"id":213945,"date":"2026-09-03T09:44:07","date_gmt":"2026-09-03T09:44:07","guid":{"rendered":"https:\/\/www.europesays.com\/si\/213945\/"},"modified":"2026-09-03T09:44:07","modified_gmt":"2026-09-03T09:44:07","slug":"skoda-enako-kakovostna-kot-volkswagen-test-razkril-razlike","status":"publish","type":"post","link":"https:\/\/www.europesays.com\/si\/213945\/","title":{"rendered":"\u0160koda enako kakovostna kot Volkswagen? Test razkril razlike &#8230;"},"content":{"rendered":"<p>Kako resni\u010dno je danes \u0161e mnenje, da je zna\u010dka na avtu zgolj za okras, saj da so po kakovosti znamke istega koncerna na istem nivoju?<\/p>\n<p>V nadaljevanju preberite:\u00a0<\/p>\n<p>Primer \u0160kode in Volkswagna: zakaj je \u010de\u0161ka\u00a0znamka\u00a0na lestvici kakovosti uvr\u0161\u010dena precej vi\u0161je od nem\u0161ke paradne znamke?<br \/>\nZakaj pri avtih z isto osnovo in pogoni ne gre le za izmenjavo logotipov.<\/p>\n<p>Saj je pod plo\u010devino isti avto, gre samo za drugo\u00a0zna\u010dko\u00a0&#8230; Tako stali\u0161\u010de imajo mnogi, ko glede kakovosti primerjajo vozila razli\u010dnih znamk znotraj istega koncerna, kot so <a href=\"https:\/\/www.zurnal24.si\/avto\/avto-industrija-skrb-vzbujajoce-stevilke-iz-nemcije-o-tempu-odpuscanja-463707\" rel=\"nofollow noopener\" target=\"_blank\">Volkswagen, <\/a>Stellantis in drugi.\u00a0<\/p>\n<p>Vendar pa gre v \u0161tevilnih primerih za precej ve\u010d kot le samo drugo znamko. Resda si avti lahko delijo motorje in osnovno arhitekturo, a v praksi glede kakovosti prihaja tudi do ob\u010dutnih razlik. Na to ka\u017ee tudi primerjava poljskega avtomobilskega medija <a href=\"https:\/\/www.auto-swiat.pl\/uzywane\/co-warto-kupic\/volkswagen-czy-skoda-ktore-auta-sa-mniej-awaryjne-roznice-sa-duze\/2k3z2xv\" target=\"_blank\" rel=\"nofollow noopener\">Auto \u0160wiat, ki je pri lestvici kakovosti vzel pod drobnogled znamki Volkswagen in \u0160koda.<\/a> Gre za medij, ki je povezan z nem\u0161kim Auto Bildom.<\/p>\n<p>Uredni\u0161ka ekipa je s pomo\u010djo strokovnih virov\u00a0(Dekra, T\u00dcV), baz podatkov o vpoklicih\u00a0in lastnih dolgoro\u010dnih testov na 100.000 km podrobno testirala 26 znamk avtov. Prvo mesto je zasedla Mazda tik pred Audijem, na tretjem mestu sta sledila z enako oceno Seat in Volvo.<\/p>\n<p>Ocenjevalce je zbodlo, da je na \u0161estem mestu <a href=\"https:\/\/www.zurnal24.si\/avto\/na-strom\/skoda-je-predstavila-peaq-sedemsedeznielektricni-velikan-bo-nasledil-kodiaqa-461097\" target=\"_blank\" rel=\"nofollow noopener\">znamka \u0160koda<\/a> z majhnim zaostankom za najbolj\u0161imi po to\u010dkah, medtem ko je <a href=\"https:\/\/www.zurnal24.si\/avto\/video-volkswagen-touareg-po-raketnem-napadu-se-vedno-vozen-462840\" target=\"_blank\" rel=\"nofollow noopener\">Volkswagen<\/a> dosegel &#8216;le&#8217; 13. mesto z \u017ee kar znatno razliko. Obe znamki (tako kot premijski Audi) skupaj s Seatom spadata pod koncern VW, a kljub konkretnim sorodstvenim vezem torej lahko prihaja do precej\u0161njih razlik.\u00a0<\/p>\n<p>Nekaj podobnega se je na isti lestvici zgodilo pri korejskih sestrskih znamkah Hyundai in Kia, saj je slednja na lestvici uvr\u0161\u010dena v spodnjo polovico.<\/p>\n<p>Zakaj je logotip vendarle pomemben?\u00a0<\/p>\n<p>Ker sta \u0160koda in Volkswagen tako kot v Sloveniji zelo popularni znamki tudi na Poljskem, so \u0161li v dodatno analizo in sku\u0161ali razlo\u017eiti razliko na primeru modelov \u0161kode\u00a0octavia in volkswagna golf. Oba uporabljata isto MQB platformo, TSI in TDI motorje ter menjalnike. Tudi elektronske komponente so si pove\u010dini podobne. Pa vendar lastniku opazijo dolgoro\u010dne razlike v kakovosti.<\/p>\n<p>Eden od razlogov so razlike v letnikih in modelih. Volkswagen kot vodilna masovna znamka koncerna pogosto prva uvaja povsem nove tehnologije, platforme in nove generacije infozabavnih sistemov. Kar pa ima za posledico, da lastniki pogosteje do\u017eivijo &#8216;otro\u0161ke bolezni&#8217;, kar je bilo \u0161e posebej o\u010ditno pri uvajanju golfa 8.\u00a0<\/p>\n<p><img decoding=\"async\" alt=\"Golf eTSI | Avtor: An\u017ee Petkov\u0161ek\" class=\"rwd\" data-href=\"https:\/\/www.zurnal24.si\/media\/img\/d4\/bb\/e00871accb66dc0aa6c7.jpeg\" itemprop=\"image\" src=\"\/media\/img\/4a\/96\/a6b535930e3862548d86.jpeg\"\/><\/p>\n<p>                An\u017ee Petkov\u0161ek<\/p>\n<p>Drug dejavnik je, da kljub prakti\u010dno enaki temeljni tehnologiji sestrske znamke lahko uporabljajo tudi komponente razli\u010dnih proizvajalcev, med njimi tudi druga\u010dne krmilne enote. Prav tako je \u0160koda v zadnjih letih ohranila pristop fizi\u010dnih gumbov, medtem ko je Volkswagen v ve\u010dji meri pre\u0161el na upravljanje prek povr\u0161in na dotik, kar je spro\u017ealo dolo\u010dene te\u017eave.<\/p>\n<p><a href=\"https:\/\/www.zurnal24.si\/avto\/mailto:dezurni@styria-media.si\" rel=\"nofollow noopener\" target=\"_blank\">dezurni@styria-media.si<\/a><\/p>\n","protected":false},"excerpt":{"rendered":"Kako resni\u010dno je danes \u0161e mnenje, da je zna\u010dka na avtu zgolj za okras, saj da so po&hellip;\n","protected":false},"author":2,"featured_media":213946,"comment_status":"","ping_status":"","sticky":false,"template":"","format":"standard","meta":{"footnotes":"","_share_on_mastodon":"0"},"categories":[10],"tags":[81,82,10541,52267,284,3067,84,83,10722,62,761,37,58,60,38,472,52266],"class_list":["post-213945","post","type-post","status-publish","format-standard","has-post-thumbnail","category-poslovni-svet","tag-business","tag-economic","tag-hyundai","tag-kakovost-avtomobilov","tag-kia","tag-mazda","tag-poslovni","tag-poslovni-svet","tag-seat","tag-si","tag-skoda","tag-slovene","tag-slovenia","tag-slovenija","tag-slovenscina","tag-volkswagen","tag-znamke"],"share_on_mastodon":{"url":"https:\/\/pubeurope.com\/@si\/117206467960785073","error":""},"_links":{"self":[{"href":"https:\/\/www.europesays.com\/si\/wp-json\/wp\/v2\/posts\/213945","targetHints":{"allow":["GET"]}}],"collection":[{"href":"https:\/\/www.europesays.com\/si\/wp-json\/wp\/v2\/posts"}],"about":[{"href":"https:\/\/www.europesays.com\/si\/wp-json\/wp\/v2\/types\/post"}],"author":[{"embeddable":true,"href":"https:\/\/www.europesays.com\/si\/wp-json\/wp\/v2\/users\/2"}],"replies":[{"embeddable":true,"href":"https:\/\/www.europesays.com\/si\/wp-json\/wp\/v2\/comments?post=213945"}],"version-history":[{"count":0,"href":"https:\/\/www.europesays.com\/si\/wp-json\/wp\/v2\/posts\/213945\/revisions"}],"wp:featuredmedia":[{"embeddable":true,"href":"https:\/\/www.europesays.com\/si\/wp-json\/wp\/v2\/media\/213946"}],"wp:attachment":[{"href":"https:\/\/www.europesays.com\/si\/wp-json\/wp\/v2\/media?parent=213945"}],"wp:term":[{"taxonomy":"category","embeddable":true,"href":"https:\/\/www.europesays.com\/si\/wp-json\/wp\/v2\/categories?post=213945"},{"taxonomy":"post_tag","embeddable":true,"href":"https:\/\/www.europesays.com\/si\/wp-json\/wp\/v2\/tags?post=213945"}],"curies":[{"name":"wp","href":"https:\/\/api.w.org\/{rel}","templated":true}]}}