{"id":214003,"date":"2026-09-03T10:40:12","date_gmt":"2026-09-03T10:40:12","guid":{"rendered":"https:\/\/www.europesays.com\/si\/214003\/"},"modified":"2026-09-03T10:40:12","modified_gmt":"2026-09-03T10:40:12","slug":"mitsubishi-po-letih-cakanja-predstavil-novega-pajera","status":"publish","type":"post","link":"https:\/\/www.europesays.com\/si\/214003\/","title":{"rendered":"Mitsubishi po letih \u010dakanja predstavil novega pajera"},"content":{"rendered":"<p>\u010cakanja je konec, Japonci so predstavili povsem novo generacijo svojega legendarnega suva, ki bo kot zastavono\u0161a nakazal novo smer znamke Mitsubishi.<\/p>\n<p>V nadaljevanju preberite:\u00a0<\/p>\n<p>Mitsubishi predstavil novega pajera, resnega tekmeca toyoti land cruiserju.<br \/>\nPeta generacija ostaja zvesta letvasti\u00a0osnovi, sedmim sede\u017eem\u00a0in zelo zmogljivemu 4&#215;4 pogonu (brez elektrike).<br \/>\nKdaj pride v Evropo.<\/p>\n<p>Najprej najbolj\u0161a novica: novi mitsubishi pajero bo \u0161e vedno zmogljiv 4&#215;4 avto.\u00a0<\/p>\n<p>Mitsubishi je na globalni premieri predstavil povsem novo generacijo pajera, ki se s tem po petih letih odsotnosti vra\u010da na svetovne trge in v ponudbi japonske znamke od outlanderja prevzema vlogo novega zastavono\u0161e.<\/p>\n<p>\u010ceprav je oblikovno precej sodoben, ostaja zvest osnovni filozofiji, zaradi katere je skozi desetletja postal ena najbolj prepoznavnih terenskih ikon. \u0160e naprej \u017eeli biti tako pravi terenec kot avto z vsem udobjem za vsakodnevno vo\u017enjo.<\/p>\n<p>Pet generacij zmogljivega terenca<\/p>\n<p>Pajero je od prve generacije leta 1982 do danes nastal v ve\u010d kot 3,29 milijona primerkih, prodajali pa so ga v ve\u010d kot 170 dr\u017eavah. K njegovi legendi je mo\u010dno prispeval tudi Dakar, kjer je Mitsubishi s pajerom dosegel 12 skupnih zmag, od tega sedem zaporednih.<\/p>\n<p>Pred tremi leti pa so v tovarni kon\u010dali proizvodnjo brez takoj\u0161njega naslednika.\u00a0Glede na krizo, skozi katera je \u0161el Mitsubishi v zadnjih letih, je novi pajero pete generacije pomemben zidak pri vnovi\u010dni gradnji\u00a0identitete znamke. Mitsubishi ga odkrito opisuje kot svoj novi paradni model, ki naj bi pokazal smer razvoja znamke v prihodnjem desetletju.<\/p>\n<p>\u0160e vedno terenec, ne le SUV<\/p>\n<p>Osnova je zares terenska. Pod moderno karoserijo se namre\u010d skriva letvasti okvir, ki izhaja iz platforme pick-upa triton. Pajero ima seveda prilagojeno vzmetenje, zadaj pa novo petvodilno togo premo, medtem ko je prednje vpetje tipa dvojnega\u00a0pre\u010dnega\u00a0vodila. Klju\u010dna novost je kombinacija sistemov Super Select 4WD-II (SS4-II) in Super-All Wheel Control (S-AWC).<\/p>\n<p><img decoding=\"async\" alt=\"Mitsubishi pajero | Avtor: Mitsubishi\" class=\"rwd\" data-href=\"https:\/\/www.zurnal24.si\/media\/img\/ea\/93\/449e76524360a94d619a.jpeg\" itemprop=\"image\" src=\"\/media\/img\/c6\/24\/ac78ef4ccb43cc75b787.jpeg\"\/><\/p>\n<p>                Mitsubishi<\/p>\n<p><img decoding=\"async\" alt=\"Mitsubishi pajero | Avtor: Mitsubishi\" class=\"rwd\" data-href=\"https:\/\/www.zurnal24.si\/media\/img\/d2\/61\/837c59ed6b0068ee24d8.jpeg\" itemprop=\"image\" src=\"\/media\/img\/f9\/b2\/77975050cbf7763e30d6.jpeg\"\/><\/p>\n<p>                Mitsubishi<\/p>\n<p>SS4-II omogo\u010da izbiro med 2H, 4H, 4HLc z zaporo sredinskega diferenciala ter 4LLc, torej reduktorjem in zaporo sredinskega diferenciala. Na voljo je sedem voznih programov: Normal, Eco, Gravel, Snow, Mud, Sand in Rock. Odmik od tal je do\u00a0230 mm, vstopni kot 30,4, prelomni 22,6 in izstopni 25,8 stopinje. Podatki povsem jasno ka\u017eejo, da to ni zgolj \u0161e en suv.\u00a0<\/p>\n<p>Posebnost je tudi t. i. Multi Meter, sodobna interpretacija nekdanjih terenskih merilnikov. Na zaslonu lahko voznik spremlja nadmorsko vi\u0161ino, kompas, temperaturo, nagib vozila, vzdol\u017eni in pre\u010dni kot ter razporeditev navora med kolesi. Sistem kamer s 3D-prikazom omogo\u010da celo pogled pod sprednji del vozila, kar je uporabno pri premagovanju skal, jarkov in strmih vzponov.<\/p>\n<p><img decoding=\"async\" alt=\"Mitsubishi pajero | Avtor: Mitsubishi\" class=\"rwd\" data-href=\"https:\/\/www.zurnal24.si\/media\/img\/fc\/4f\/e4334db6c04db9f3ed63.jpeg\" itemprop=\"image\" src=\"\/media\/img\/1c\/6c\/21983fcc0a0c95772de3.jpeg\"\/><\/p>\n<p>                Mitsubishi<\/p>\n<p><img decoding=\"async\" alt=\"Mitsubishi pajero | Avtor: Mitsubishi\" class=\"rwd\" data-href=\"https:\/\/www.zurnal24.si\/media\/img\/b4\/f9\/1a2b3b74c4b551cc9626.jpeg\" itemprop=\"image\" src=\"\/media\/img\/26\/09\/2120d036ff9122c405a6.jpeg\"\/><\/p>\n<p>                Mitsubishi<\/p>\n<p>2,4-litrski dizel in osemstopenjska avtomatika<\/p>\n<p>Za zdaj Mitsubishi napoveduje 2,4-litrski turbodizel s turbinskim polnilnikom spremenljive geometrije in najve\u010d 480 Nm navora. Glede na to, da je motor sposojen iz omenjenega tritona, lahko sumimo na okoli 150 kilovatov mo\u010di. Motor je povezan z novo osemstopenjsko avtomatiko, ki ima tudi \u0161portni na\u010din. Elektrificiranega pogona v trenutno predstavljeni razli\u010dici tovarna ne omenja, a ga ima verjetno v mislih.\u00a0<\/p>\n<p>Mere avta so sicer 4,92 metra v dol\u017eino, 1,925 metra v \u0161irino in 1,91 metra v vi\u0161ino, medosna razdalja meri 2,87 metra.<\/p>\n<p><img decoding=\"async\" alt=\"Mitsubishi pajero | Avtor: Mitsubishi\" class=\"rwd\" data-href=\"https:\/\/www.zurnal24.si\/media\/img\/54\/1a\/a030c6164f314200e4ba.jpeg\" itemprop=\"image\" src=\"\/media\/img\/0e\/fc\/b6a57404a018cf2532f6.jpeg\"\/><\/p>\n<p>                Mitsubishi<\/p>\n<p><img decoding=\"async\" alt=\"Mitsubishi pajero | Avtor: Mitsubishi\" class=\"rwd\" data-href=\"https:\/\/www.zurnal24.si\/media\/img\/5c\/fd\/68aa389a3265a18812cc.jpeg\" itemprop=\"image\" src=\"\/media\/img\/80\/e1\/683367f74124b8fe534c.jpeg\"\/><\/p>\n<p>                Mitsubishi<\/p>\n<p>Sedem sede\u017eev in precej ve\u010d presti\u017ea<\/p>\n<p>Kljub robustni zasnovi je Mitsubishi veliko pozornosti namenil udobju na asfaltu.\u00a0Pajero ima v notranjosti sedem\u00a0sede\u017eev v treh vrstah. Druga vrsta ima 150-milimetrski vzdol\u017eni pomik in mehanizem za la\u017eji dostop do tretje vrste, kjer naj bi bilo dovolj prostora tudi za odrasle. Na voljo so ventilirani sede\u017ei in triobmo\u010dna\u00a0klimatska naprava.<\/p>\n<p>Prtlja\u017ena vrata so postala klasi\u010dna, rezervna pnevmatika se je skrila v podvozje. Na voljo je \u0161e ve\u010d tovarni\u0161kih dodatkov in za\u0161\u010dite za dodatne off-road dogodiv\u0161\u010dine.<\/p>\n<p>Kabina je precej bolj presti\u017ena kot pri zadnji generaciji. V ospredju je velik 14,3-pal\u010dni zaslon (pri dra\u017ejih opremah), ob njem pa digitalni prikazovalnik z grafiko, ki se navezuje na klasi\u010dne merilnike. Veliko je \u0161e tudi drugih fizi\u010dnih stikal.<\/p>\n<p>Avto je po zagotovilih tovarne dobro zvo\u010dno\u00a0izoliran,\u00a0akusti\u010dna stekla so tako v sprednjih kot zadnjih vratih. Na voljo sta\u00a0audio sistem Yamaha z 12 zvo\u010dniki ali pa hlajeni predal med sede\u017eema.<\/p>\n<p><img decoding=\"async\" alt=\"Mitsubishi pajero | Avtor: Mitsubishi\" class=\"rwd\" data-href=\"https:\/\/www.zurnal24.si\/media\/img\/aa\/56\/bb4a9071039213f27ceb.jpeg\" itemprop=\"image\" src=\"\/media\/img\/a3\/b4\/23de1f4816ef5dd7226a.jpeg\"\/><\/p>\n<p>                Mitsubishi<\/p>\n<p><img decoding=\"async\" alt=\"Mitsubishi pajero | Avtor: Mitsubishi\" class=\"rwd\" data-href=\"https:\/\/www.zurnal24.si\/media\/img\/47\/a3\/d19954f6126d56d070ca.jpeg\" itemprop=\"image\" src=\"\/media\/img\/cb\/4d\/df258cb9d1e7e56abe76.jpeg\"\/><\/p>\n<p>                Mitsubishi<\/p>\n<p>Bistveno vpra\u0161anje: ali pride v Evropo?<\/p>\n<p>Za zdaj ni uradne potrditve. Pajero bodo najprej izdelovali na Tajskem in ga bodo v poslovnem letu 2026 uvedli na trgih Azije in Avstralije.\u00a0Od poslovnega leta 2027 pa Mitsubishi na\u010drtuje \u0161iritev na pribli\u017eno 100 trgov, tradicionalno pomembni za znamko je obmo\u010dje Bli\u017enjega vzhoda.\u00a0Le upamo lahko, da bodo med tr\u017ei\u0161\u010di kmalu tudi evropske dr\u017eave.\u00a0Cene \u0161e niso objavljene.\u00a0<\/p>\n<p><a href=\"https:\/\/www.zurnal24.si\/avto\/mailto:dezurni@styria-media.si\" rel=\"nofollow noopener\" target=\"_blank\">dezurni@styria-media.si<\/a><\/p>\n","protected":false},"excerpt":{"rendered":"\u010cakanja je konec, Japonci so predstavili povsem novo generacijo svojega legendarnega suva, ki bo kot zastavono\u0161a nakazal novo&hellip;\n","protected":false},"author":2,"featured_media":214004,"comment_status":"","ping_status":"","sticky":false,"template":"","format":"standard","meta":{"footnotes":"","_share_on_mastodon":"0"},"categories":[10],"tags":[49167,52282,81,82,25974,31506,84,83,62,37,58,60,38,3207],"class_list":["post-214003","post","type-post","status-publish","format-standard","has-post-thumbnail","category-poslovni-svet","tag-4x4","tag-4x4-pogon","tag-business","tag-economic","tag-mitsubishi","tag-mitsubishi-pajero","tag-poslovni","tag-poslovni-svet","tag-si","tag-slovene","tag-slovenia","tag-slovenija","tag-slovenscina","tag-suv"],"share_on_mastodon":{"url":"https:\/\/pubeurope.com\/@si\/117206688280244031","error":""},"_links":{"self":[{"href":"https:\/\/www.europesays.com\/si\/wp-json\/wp\/v2\/posts\/214003","targetHints":{"allow":["GET"]}}],"collection":[{"href":"https:\/\/www.europesays.com\/si\/wp-json\/wp\/v2\/posts"}],"about":[{"href":"https:\/\/www.europesays.com\/si\/wp-json\/wp\/v2\/types\/post"}],"author":[{"embeddable":true,"href":"https:\/\/www.europesays.com\/si\/wp-json\/wp\/v2\/users\/2"}],"replies":[{"embeddable":true,"href":"https:\/\/www.europesays.com\/si\/wp-json\/wp\/v2\/comments?post=214003"}],"version-history":[{"count":0,"href":"https:\/\/www.europesays.com\/si\/wp-json\/wp\/v2\/posts\/214003\/revisions"}],"wp:featuredmedia":[{"embeddable":true,"href":"https:\/\/www.europesays.com\/si\/wp-json\/wp\/v2\/media\/214004"}],"wp:attachment":[{"href":"https:\/\/www.europesays.com\/si\/wp-json\/wp\/v2\/media?parent=214003"}],"wp:term":[{"taxonomy":"category","embeddable":true,"href":"https:\/\/www.europesays.com\/si\/wp-json\/wp\/v2\/categories?post=214003"},{"taxonomy":"post_tag","embeddable":true,"href":"https:\/\/www.europesays.com\/si\/wp-json\/wp\/v2\/tags?post=214003"}],"curies":[{"name":"wp","href":"https:\/\/api.w.org\/{rel}","templated":true}]}}