{"id":214023,"date":"2026-09-03T11:01:13","date_gmt":"2026-09-03T11:01:13","guid":{"rendered":"https:\/\/www.europesays.com\/si\/214023\/"},"modified":"2026-09-03T11:01:13","modified_gmt":"2026-09-03T11:01:13","slug":"putin-vidi-moznost-mirovnega-dogovora-in-izkljucuje-novo-mobilizacijo-vojakov","status":"publish","type":"post","link":"https:\/\/www.europesays.com\/si\/214023\/","title":{"rendered":"Putin vidi mo\u017enost mirovnega dogovora in izklju\u010duje novo mobilizacijo vojakov"},"content":{"rendered":"<p>\t\t\t\t\t\t\t\t<a href=\"https:\/\/www.europesays.com\/si\/wp-content\/uploads\/2026\/09\/67091714.jpg\" itemprop=\"contentUrl\" data-size=\"1200x800\" data-large=\"https:\/\/www.europesays.com\/si\/wp-content\/uploads\/2026\/09\/67091714.jpg\"><br \/>\n\t\t\t\t\t\t\t\t\t<img decoding=\"async\" src=\"https:\/\/www.europesays.com\/si\/wp-content\/uploads\/2026\/09\/67091714.jpg\" title=\"Putin je znova obto\u017eil Ukrajino, da njena opozorila o tveganjih za letala v ruskem zra\u010dnem prostoru pomenijo \" dr=\"\" foto:=\"\" alt=\"Putin je znova obto\u017eil Ukrajino, da njena opozorila o tveganjih za letala v ruskem zra\u010dnem prostoru pomenijo \"\/><br \/>\n\t\t\t\t\t\t\t\t<\/a><\/p>\n<p>\t\t\t\t\t\t\t\t\tPutin je znova obto\u017eil Ukrajino, da njena opozorila o tveganjih za letala v ruskem zra\u010dnem prostoru pomenijo &#8220;dr\u017eavni terorizem&#8221;. Foto: EPA<\/p>\n<p>\t\t\t\t\t\t\t<a id=\"preferredSourceBanner\" href=\"https:\/\/www.rtvslo.si\/svet\/vojna-v-ukrajini\/putin-vidi-moznost-mirovnega-dogovora-in-izkljucuje-novo-mobilizacijo-vojakov\/javascript:void(0)\" target=\"_blank\" class=\"d-none align-items-center justify-content-between rounded my-3\" style=\"padding: 10px 15px;\" rel=\"nofollow noopener\"><br \/>\n\t\t\t\t\t\t<img decoding=\"async\" src=\"https:\/\/img.rtvslo.si\/_static\/novi\/img\/ico-google.svg\" class=\"flex-shrink-0 mr-3\" aria-hidden=\"true\"\/><br \/>\n\t\t\t\t\t\tSpremljajte RTVSLO.si kot prednostni vir na Google<\/p>\n<p>\t\t\t\t\t<\/a><\/p>\n<p>Po besedah Putina je ve\u010d dr\u017eav, med njimi ZDA in Kitajska, pripravljenih podpreti mirovno re\u0161itev.<\/p>\n<p>Oglas<\/p>\n<p>&#8220;Na koncu pa morata te\u017eavo re\u0161iti dr\u017eavi, ki sta vpleteni v konflikt, Rusija in Ukrajina. To je pravi pristop. Kljub temu smo hvale\u017eni vsem, ki posku\u0161ajo prispevati k re\u0161itvi. Ali obstaja mo\u017enost? Po mojem mnenju da, obstaja,&#8221; je dejal na gospodarskem forumu v Vladivostoku na ruskem Daljnem vzhodu.<\/p>\n<p>Putin je zatrdil, da Rusija za vojno v Ukrajini ne potrebuje nove mobilizacije, saj nima te\u017eav z razpolo\u017eljivostjo voja\u0161kega osebja, zato po njegovem tudi ni nobenega scenarija, v katerem bi bilo treba odrediti novo mobilizacijo.<\/p>\n<p>\t\t\t\t\t\t\t\t<a href=\"https:\/\/www.europesays.com\/si\/wp-content\/uploads\/2026\/09\/67091719.jpg\" itemprop=\"contentUrl\" data-size=\"1200x800\" data-large=\"https:\/\/www.europesays.com\/si\/wp-content\/uploads\/2026\/09\/67091719.jpg\"><br \/>\n\t\t\t\t\t\t\t\t\t<img decoding=\"async\" src=\"https:\/\/www.europesays.com\/si\/wp-content\/uploads\/2026\/09\/67091719.jpg\" title=\"Posledice ruskega napada v Kijevski oblasti. Foto: Reuters\" alt=\"Posledice ruskega napada v Kijevski oblasti. Foto: Reuters\"\/><br \/>\n\t\t\t\t\t\t\t\t<\/a><\/p>\n<p>\t\t\t\t\t\t\t\t\tPosledice ruskega napada v Kijevski oblasti. Foto: Reuters<\/p>\n<p>Ruski predsednik je ugibanja o morebitni novi mobilizaciji zavrnil \u017ee na za\u010detku tedna, ko je tak\u0161na poro\u010dila ozna\u010dil za &#8220;popoln nesmisel&#8221; in &#8220;informacijski napad&#8221; proti Rusiji.<\/p>\n<p>Ukrajinski predsednik Volodimir Zelenski je konec avgusta dejal, da Rusija po septembrskih parlamentarnih volitvah na\u010drtuje mobilizacijo dodatnih 300.000 vojakov, da bi dosegla svoj klju\u010dni cilj \u2013 zavzetje preostanka Done\u0161kega bazena.<\/p>\n<p>Kot je \u0161e povedal Putin, bo Rusija kmalu obnovila preostale zmogljivosti za predelavo nafte, ki so bile po\u0161kodovane v ukrajinskih napadih z brezpilotnimi letalniki, na te napade pa bo odgovorila z lastnimi.<\/p>\n<p>&#8220;Popravila potekajo precej hitro. Mislim, da bomo preostalih deset odstotkov zmogljivosti obnovili zelo kmalu,&#8221; je zatrdil.<\/p>\n<p>\t\t\t\t\t\t\t\t<a href=\"https:\/\/www.europesays.com\/si\/wp-content\/uploads\/2026\/09\/67091720.jpg\" itemprop=\"contentUrl\" data-size=\"1200x800\" data-large=\"https:\/\/www.europesays.com\/si\/wp-content\/uploads\/2026\/09\/67091720.jpg\"><br \/>\n\t\t\t\t\t\t\t\t\t<img decoding=\"async\" src=\"https:\/\/www.europesays.com\/si\/wp-content\/uploads\/2026\/09\/67091720.jpg\" title=\"Ukrajinski vojaki na boji\u0161\u010du pri Kramatorsku v Done\u0161ki oblasti. Foto: Reuters\" alt=\"Ukrajinski vojaki na boji\u0161\u010du pri Kramatorsku v Done\u0161ki oblasti. Foto: Reuters\"\/><br \/>\n\t\t\t\t\t\t\t\t<\/a><\/p>\n<p>\t\t\t\t\t\t\t\t\tUkrajinski vojaki na boji\u0161\u010du pri Kramatorsku v Done\u0161ki oblasti. Foto: Reuters<\/p>\n<p>\t\t\t\t\t\t\tSedmi dan napadov na Kijev<\/p>\n<p>Rusija je medtem izvedla \u017ee sedmi dan intenzivnih napadov na Kijev, kjer so se v zgodnjih jutranjih urah v \u010detrtek znova sli\u0161ale eksplozije. V sredo je bilo ranjenih 11 ljudi, po\u0161kodovane pa so bile stanovanjske in univerzitetne stavbe.<\/p>\n<p>Rusija je z raketami in brezpilotnimi letalniki napadla tudi elektroenergetske objekte v ju\u017eni Ode\u0161ki oblasti, zaradi \u010desar so brez elektrike ostali v ve\u010d kot 350.000 domovih. V napadih na jugovzhodno mesto Dnipro sta bila ubita dva \u010dloveka, osem pa je bilo ranjenih, je dejal regionalni guverner.<\/p>\n<p>Oglas<\/p>\n","protected":false},"excerpt":{"rendered":"Putin je znova obto\u017eil Ukrajino, da njena opozorila o tveganjih za letala v ruskem zra\u010dnem prostoru pomenijo &#8220;dr\u017eavni&hellip;\n","protected":false},"author":2,"featured_media":214024,"comment_status":"","ping_status":"","sticky":false,"template":"","format":"standard","meta":{"footnotes":"","_share_on_mastodon":"0"},"categories":[8],"tags":[421,37,38,64,71,882,63],"class_list":["post-214023","post","type-post","status-publish","format-standard","has-post-thumbnail","category-svet","tag-rusija","tag-slovene","tag-slovenscina","tag-svet","tag-ukrajina","tag-vojna","tag-world"],"share_on_mastodon":{"url":"https:\/\/pubeurope.com\/@si\/117206770872224799","error":""},"_links":{"self":[{"href":"https:\/\/www.europesays.com\/si\/wp-json\/wp\/v2\/posts\/214023","targetHints":{"allow":["GET"]}}],"collection":[{"href":"https:\/\/www.europesays.com\/si\/wp-json\/wp\/v2\/posts"}],"about":[{"href":"https:\/\/www.europesays.com\/si\/wp-json\/wp\/v2\/types\/post"}],"author":[{"embeddable":true,"href":"https:\/\/www.europesays.com\/si\/wp-json\/wp\/v2\/users\/2"}],"replies":[{"embeddable":true,"href":"https:\/\/www.europesays.com\/si\/wp-json\/wp\/v2\/comments?post=214023"}],"version-history":[{"count":0,"href":"https:\/\/www.europesays.com\/si\/wp-json\/wp\/v2\/posts\/214023\/revisions"}],"wp:featuredmedia":[{"embeddable":true,"href":"https:\/\/www.europesays.com\/si\/wp-json\/wp\/v2\/media\/214024"}],"wp:attachment":[{"href":"https:\/\/www.europesays.com\/si\/wp-json\/wp\/v2\/media?parent=214023"}],"wp:term":[{"taxonomy":"category","embeddable":true,"href":"https:\/\/www.europesays.com\/si\/wp-json\/wp\/v2\/categories?post=214023"},{"taxonomy":"post_tag","embeddable":true,"href":"https:\/\/www.europesays.com\/si\/wp-json\/wp\/v2\/tags?post=214023"}],"curies":[{"name":"wp","href":"https:\/\/api.w.org\/{rel}","templated":true}]}}