{"id":214063,"date":"2026-09-03T11:40:11","date_gmt":"2026-09-03T11:40:11","guid":{"rendered":"https:\/\/www.europesays.com\/si\/214063\/"},"modified":"2026-09-03T11:40:11","modified_gmt":"2026-09-03T11:40:11","slug":"na-treh-odsekih-potrjeno-sekcijsko-merjenje-hitrosti","status":"publish","type":"post","link":"https:\/\/www.europesays.com\/si\/214063\/","title":{"rendered":"Na treh odsekih potrjeno sekcijsko merjenje hitrosti"},"content":{"rendered":"<p>Urad za meroslovje je na svoji spletni strani sporo\u010dil, da je na treh odsekih slovenskih avtocest potrjeno sekcijsko merjenje hitrosti. Gre za naslednja obmo\u010dja: Logatec\u2013Vrhnika v smeri Ljubljane, Ljubljana &#8211; Brod\u2013Vodice v smeri Kranja ter Grosuplje\u2013Ivan\u010dna Gorica v smeri Novega mesta. Postopki overitve na obmo\u010dju trojanskih predorov medtem \u0161e potekajo. Kdaj bo sistem za\u010del delovati, \u0161e ni znano.<\/p>\n<p>Prvo overitev treh od \u0161tirih odsekov je urad zaklju\u010dil kasneje, kot je bilo pri\u010dakovano, saj bi po prvotnih na\u010drtih sistem moral za\u017eiveti \u017ee do konca julija. &#8220;Na podlagi overitve se lahko za\u010dnejo rezultati meritev hitrosti na teh odsekih uporabljati za potrebe postopkov glede prekora\u010ditve hitrosti na podlagi Zakona o pravilih cestnega prometa,&#8221; so sporo\u010dili z urada.\u00a0Meritve bodo izvajali z odsekovnimi merilniki hitrosti tipa iCar5.<\/p>\n<p>Sekcijsko merjenje hitrosti je predvideno tudi na odseku Podmilj\u2013Lo\u010dica na obmo\u010dju trojanskih predorov, a tam postopek overitve \u0161e poteka. Kot so pojasnili na uradu, je vlo\u017enik zahteve za overitev na merilniku naknadno izvedel dolo\u010dene posege.<\/p>\n<p>Omenjeni odseki veljajo za najbolj kriti\u010dna obmo\u010dja, saj je tam najve\u010d zastojev oziroma se\u00a0zgodi najve\u010d prometnih nesre\u010d in kr\u0161itev.\u00a0<\/p>\n","protected":false},"excerpt":{"rendered":"Urad za meroslovje je na svoji spletni strani sporo\u010dil, da je na treh odsekih slovenskih avtocest potrjeno sekcijsko&hellip;\n","protected":false},"author":2,"featured_media":214064,"comment_status":"","ping_status":"","sticky":false,"template":"","format":"standard","meta":{"footnotes":"","_share_on_mastodon":"0"},"categories":[20],"tags":[731,1527,32,9083,35,31,34,36,9448,5044,37,38,33],"class_list":["post-214063","post","type-post","status-publish","format-standard","has-post-thumbnail","category-novice","tag-avtocesta","tag-dars","tag-headlines","tag-meritve","tag-najpomembnejse-novice","tag-news","tag-novice","tag-osrednje-novice","tag-prekoracitev-hitrosti","tag-sekcijsko-merjenje-hitrosti","tag-slovene","tag-slovenscina","tag-top-stories"],"share_on_mastodon":{"url":"https:\/\/pubeurope.com\/@si\/117206924013711286","error":""},"_links":{"self":[{"href":"https:\/\/www.europesays.com\/si\/wp-json\/wp\/v2\/posts\/214063","targetHints":{"allow":["GET"]}}],"collection":[{"href":"https:\/\/www.europesays.com\/si\/wp-json\/wp\/v2\/posts"}],"about":[{"href":"https:\/\/www.europesays.com\/si\/wp-json\/wp\/v2\/types\/post"}],"author":[{"embeddable":true,"href":"https:\/\/www.europesays.com\/si\/wp-json\/wp\/v2\/users\/2"}],"replies":[{"embeddable":true,"href":"https:\/\/www.europesays.com\/si\/wp-json\/wp\/v2\/comments?post=214063"}],"version-history":[{"count":0,"href":"https:\/\/www.europesays.com\/si\/wp-json\/wp\/v2\/posts\/214063\/revisions"}],"wp:featuredmedia":[{"embeddable":true,"href":"https:\/\/www.europesays.com\/si\/wp-json\/wp\/v2\/media\/214064"}],"wp:attachment":[{"href":"https:\/\/www.europesays.com\/si\/wp-json\/wp\/v2\/media?parent=214063"}],"wp:term":[{"taxonomy":"category","embeddable":true,"href":"https:\/\/www.europesays.com\/si\/wp-json\/wp\/v2\/categories?post=214063"},{"taxonomy":"post_tag","embeddable":true,"href":"https:\/\/www.europesays.com\/si\/wp-json\/wp\/v2\/tags?post=214063"}],"curies":[{"name":"wp","href":"https:\/\/api.w.org\/{rel}","templated":true}]}}