{"id":214071,"date":"2026-09-03T11:52:13","date_gmt":"2026-09-03T11:52:13","guid":{"rendered":"https:\/\/www.europesays.com\/si\/214071\/"},"modified":"2026-09-03T11:52:13","modified_gmt":"2026-09-03T11:52:13","slug":"velike-kadrovske-spremembe-na-pop-tv-prihajajo-stirje-novi-novinarji-vraca-se-tudi-znani-obraz","status":"publish","type":"post","link":"https:\/\/www.europesays.com\/si\/214071\/","title":{"rendered":"Velike kadrovske spremembe na POP TV: prihajajo \u0161tirje novi novinarji, vra\u010da se tudi znani obraz"},"content":{"rendered":"<p>Na POP TV o\u010ditno mo\u010dno prevetrujejo informativni program. Oddaja 24UR dobiva kar \u0161tiri mlade novinarske okrepitve, po nekajletnem premoru se v hi\u0161o vra\u010da tudi izku\u0161eni Miha Plementa\u0161. To pa \u0161e zdale\u010d ni vse. Poletje je prineslo nove obraze za voditeljskim pultom, dve novi voditeljici Vizite, konec leta pa bo 24UR do\u017eivel \u0161e eno najve\u010djih sprememb zadnjih let \u2013 selitev v nov studio.<\/p>\n<p>V uredni\u0161tvo 24UR prihajajo Leja Hrovat, Lara Miklav\u010di\u010d, \u017diga Podkri\u017enik in Laura Gomboc. Na POP TV pravijo, da \u010detverica predstavlja novo generacijo novinarjev, od katere pri\u010dakujejo tudi nekoliko druga\u010den pogled na televizijsko poro\u010danje. \u00bbNa okrepitve uredni\u0161tva 24UR smo izjemno ponosni. Ekipi se pridru\u017eujejo \u0161tirje mladi ljudje, ki sodijo v sam vrh svoje generacije novinarjev,\u00ab je ob njihovem prihodu povedala vodja uredni\u0161tva 24UR Metka Majer.<\/p>\n<p><img decoding=\"async\" class=\"article__img-tag-visible\" src=\"https:\/\/www.europesays.com\/si\/wp-content\/uploads\/2026\/09\/3716027.width-660.format-webp.webp\" alt=\"Lara Miklav\u010di\u010d. FOTO: POP TV\" img_id=\"11786691\" data-img-id=\"11786691\"\/><\/p>\n<p>Lara Miklav\u010di\u010d. FOTO: POP TV<\/p>\n<p>Nova \u010detverica sicer televizijskega okolja ne spoznava prvi\u010d. Lara Miklav\u010di\u010d in Leja Hrovat sta ve\u010d let kot \u0161tudentki delali prav v tej medijski hi\u0161i, medtem ko \u017diga Podkri\u017enik in Laura Gomboc na POP TV prihajata z RTV Slovenija.<\/p>\n<p>Majerjeva poudarja, da gre za generacijo, ki medije spremlja in uporablja druga\u010de od starej\u0161ih generacij, druga\u010de uporablja tudi tehnologijo in ima lahko druga\u010den pogled na svet. \u00bbPrepri\u010dani smo, da se bomo zato od njih veliko nau\u010dili tudi mi. Da bomo skupaj kak\u0161no stvar pogledali na novo, premaknili ustaljene poglede in \u0161irili obzorja,\u00ab je dodala.<\/p>\n<p><img decoding=\"async\" class=\"article__img-tag-visible\" src=\"https:\/\/www.europesays.com\/si\/wp-content\/uploads\/2026\/09\/3716030.width-660.format-webp.webp\" alt=\"Leja Hrovat. FOTO: POP TV\" img_id=\"11786711\" data-img-id=\"11786711\"\/><\/p>\n<p>Leja Hrovat. FOTO: POP TV<\/p>\n<p>Miha Plementa\u0161 se vra\u010da<\/p>\n<p>Po nekajletnem premoru se namre\u010d na POP TV vra\u010da Miha Plementa\u0161, ki je bil dolga leta pomemben del uredni\u0161tva 24UR. Tokrat bo prevzel vlogo enega od dnevnih urednikov osrednje informativne oddaje. Njegova vrnitev prihaja v precej pomembnem trenutku. Na POP TV namre\u010d za konec leta pripravljajo nov studio 24UR. Pri televiziji poudarjajo, da ne bo \u0161lo zgolj za novo scenografijo in sodobnej\u0161o tehnologijo. Novi studio naj bi omogo\u010dil tudi druga\u010dne na\u010dine pripovedovanja zgodb ter ponudil nove mo\u017enosti novinarjem in voditeljem. \u00bbNjegov prihod je \u0161e posebej dragocen v \u010dasu, ko se pripravljamo na eno najve\u010djih sprememb 24UR v zadnjih letih, in sicer na nov studio, ki bo konec leta pri\u0161el tudi v dnevne sobe na\u0161ih gledalcev,\u00ab pravi Majerjeva.<\/p>\n<p><img decoding=\"async\" class=\"article__img-tag-visible\" src=\"https:\/\/www.europesays.com\/si\/wp-content\/uploads\/2026\/09\/3716031.width-660.format-webp.webp\" alt=\"Laura Gomboc. FOTO: POP TV\" img_id=\"11786701\" data-img-id=\"11786701\"\/><\/p>\n<p>Laura Gomboc. FOTO: POP TV<\/p>\n<p>Osrednja oddaja 24UR medtem ostaja v rokah dobro znanih voditeljskih parov, Darje Zgonc in Edija Pucerja ter Petre Ker\u010dmar in Janija Muhi\u010da.<\/p>\n<p>Novosti so gledalci opazili tudi pri dolgoletni zdravstveni rubriki Vizita, ki letos praznuje \u017ee 30 let. Vodenje sta <a href=\"https:\/\/slovenskenovice.delo.si\/bulvar\/domaci-traci\/kadrovski-premiki-na-pop-tv-dve-novi-voditeljici-miha-oresnik-se-vraca-na-voditeljski-stolcek?fbclid=IwY2xjawUGEEVwZG9mAWV4dG4DYWVtAjEwAGJyaWQRMU56QjdKT0FkemlOSFhhUUhzcnRjBmFwcF9pZBAyMjIwMzkxNzg4MjAwODkyAAEelpgraa6tOnLYKtGqvtsC0A7U_1-gana3XpyofXb22SiESxh8gzhHyPgxvlI_aem_DfzJGzTAG2OwueqO9hYz0A\" target=\"_blank\" rel=\"nofollow noopener\">prevzeli novinarki Sandra Bor\u0161i\u010d Domnik in <\/a><a href=\"https:\/\/slovenskenovice.delo.si\/bulvar\/domaci-traci\/kadrovski-premiki-na-pop-tv-dve-novi-voditeljici-miha-oresnik-se-vraca-na-voditeljski-stolcek?fbclid=IwY2xjawUGEEVwZG9mAWV4dG4DYWVtAjEwAGJyaWQRMU56QjdKT0FkemlOSFhhUUhzcnRjBmFwcF9pZBAyMjIwMzkxNzg4MjAwODkyAAEelpgraa6tOnLYKtGqvtsC0A7U_1-gana3XpyofXb22SiESxh8gzhHyPgxvlI_aem_DfzJGzTAG2OwueqO9hYz0A\" target=\"_blank\" rel=\"nofollow noopener\">Barbara Ba\u0161i\u0107<\/a>. Obe sta sicer \u017ee znana obraza informativnega programa, zdaj pa stopata \u0161e v novo voditeljsko vlogo. Sandra se je na televizijo vrnila po porodni\u0161kem dopustu, Barbara pa je zdravstvene teme \u017ee prej redno spremljala kot novinarka.<\/p>\n<p><img decoding=\"async\" class=\"article__img-tag-visible\" src=\"https:\/\/www.europesays.com\/si\/wp-content\/uploads\/2026\/09\/3716032.width-660.format-webp.webp\" alt=\"\u017diga Podkri\u017enik. FOTO: POP TV\" img_id=\"11786721\" data-img-id=\"11786721\"\/><\/p>\n<p>\u017diga Podkri\u017enik. FOTO: POP TV<\/p>\n<p>Po ve\u010d kot 20 letih se je poslovila Polona Zoja Jambrek<\/p>\n<p>Medtem ko na POP TV prihajajo novi obrazi, se je eden najbolj prepoznavnih poleti poslovil. Polona Zoja Jambrek je po ve\u010d kot dveh desetletjih dela na televiziji avgusta kon\u010dala svojo pot v zabavni redakciji oziroma rubriki POP IN. POP TV je njen odhod potrdil \u017ee junija. Jambrekova se je odlo\u010dila za veliko poklicno spremembo in se bo posvetila podro\u010dju psihoterapije. Ota \u0160irca Ro\u0161 je prav tako zapustila ekipo\u00a0POP IN in postala <a href=\"https:\/\/slovenskenovice.delo.si\/bulvar\/domaci-traci\/razkrivamo-novo-sovoditeljico-denisa-avdica-izdala-jo-je-ura-video\" target=\"_blank\" rel=\"nofollow noopener\">sovoditeljica jutranjega radijskega programa<\/a> Denis\u00a0Avdi\u0107 Show.<\/p>\n<p>V zadnjih tednih so po slovenskih medijih zaokro\u017eile tudi informacije o morebitnih novih velikih prestopih. Omenjalo se je predvsem dolgoletnega novinarja N1 Miho Ore\u0161nika, ki je v preteklosti \u017ee delal na Kanalu A in POP TV, ter celo mo\u017enost sprememb v voditeljski zasedbi, da bi Ore\u0161nik lahko postal sovoditelj z Nu\u0161o Lesar, a to za zdaj \u0161e ni uradno potrjeno.<\/p>\n","protected":false},"excerpt":{"rendered":"Na POP TV o\u010ditno mo\u010dno prevetrujejo informativni program. Oddaja 24UR dobiva kar \u0161tiri mlade novinarske okrepitve, po nekajletnem&hellip;\n","protected":false},"author":2,"featured_media":214072,"comment_status":"","ping_status":"","sticky":false,"template":"","format":"standard","meta":{"footnotes":"","_share_on_mastodon":"0"},"categories":[18],"tags":[15792,114,52291,52289,52292,52293,52294,4034,860,1641,62,37,58,60,38,415,37644,115,52290],"class_list":["post-214071","post","type-post","status-publish","format-standard","has-post-thumbnail","category-zabava","tag-24ur","tag-entertainment","tag-lara-miklavcic","tag-laura-gomboc","tag-leja-hrovat","tag-metka-majer","tag-miha-plementas","tag-novinarji","tag-pop-tv","tag-rtv-slovenija","tag-si","tag-slovene","tag-slovenia","tag-slovenija","tag-slovenscina","tag-televizija","tag-voditelji","tag-zabava","tag-ziga-podkriznik"],"share_on_mastodon":{"url":"https:\/\/pubeurope.com\/@si\/117206971311786086","error":""},"_links":{"self":[{"href":"https:\/\/www.europesays.com\/si\/wp-json\/wp\/v2\/posts\/214071","targetHints":{"allow":["GET"]}}],"collection":[{"href":"https:\/\/www.europesays.com\/si\/wp-json\/wp\/v2\/posts"}],"about":[{"href":"https:\/\/www.europesays.com\/si\/wp-json\/wp\/v2\/types\/post"}],"author":[{"embeddable":true,"href":"https:\/\/www.europesays.com\/si\/wp-json\/wp\/v2\/users\/2"}],"replies":[{"embeddable":true,"href":"https:\/\/www.europesays.com\/si\/wp-json\/wp\/v2\/comments?post=214071"}],"version-history":[{"count":0,"href":"https:\/\/www.europesays.com\/si\/wp-json\/wp\/v2\/posts\/214071\/revisions"}],"wp:featuredmedia":[{"embeddable":true,"href":"https:\/\/www.europesays.com\/si\/wp-json\/wp\/v2\/media\/214072"}],"wp:attachment":[{"href":"https:\/\/www.europesays.com\/si\/wp-json\/wp\/v2\/media?parent=214071"}],"wp:term":[{"taxonomy":"category","embeddable":true,"href":"https:\/\/www.europesays.com\/si\/wp-json\/wp\/v2\/categories?post=214071"},{"taxonomy":"post_tag","embeddable":true,"href":"https:\/\/www.europesays.com\/si\/wp-json\/wp\/v2\/tags?post=214071"}],"curies":[{"name":"wp","href":"https:\/\/api.w.org\/{rel}","templated":true}]}}