{"id":214075,"date":"2026-09-03T11:57:08","date_gmt":"2026-09-03T11:57:08","guid":{"rendered":"https:\/\/www.europesays.com\/si\/214075\/"},"modified":"2026-09-03T11:57:08","modified_gmt":"2026-09-03T11:57:08","slug":"saj-ni-res-pa-je-sirskemu-migrantu-ni-treba-delati-ker-ga-delo-prevec-razburja-in-postane-nevaren","status":"publish","type":"post","link":"https:\/\/www.europesays.com\/si\/214075\/","title":{"rendered":"[SAJ NI RES, PA JE] Sirskemu migrantu ni treba delati, ker ga delo preve\u010d \u201crazburja\u201d in postane \u201cnevaren\u201d"},"content":{"rendered":"<p>Migrant v Nem\u010diji bo \u0161e naprej \u017eivel na ra\u010dun davkopla\u010devalcev, delati mu ni treba, ker ga to \u201crazburja\u201d.<\/p>\n<p>Brezdomni migrant bo v Nem\u010diji \u0161e naprej prejemal socialno pomo\u010d, vendar pa mu za razliko od Nemcev ali drugih Evropejcev, ki so socialni prejemniki, ne bo treba iskati dela. Zavod za zaposlovanje v okro\u017eju Ennepe-Ruhr sirijskega migranta ne bo ve\u010d nadlegoval glede tega, saj na zavodu pravijo, da je mo\u0161ki nevaren in se ga zato ne sme \u201cprovocirati\u201d. Gre za dvoli\u010den primer iz dr\u017eave, ki sicer redno nadleguje nasprotnike migracij zaradi \u201csovra\u017enega govora\u201d, a obenem no\u010de ustrezno postopati glede migranta, ki je ocenjen kot \u201cnevarna oseba\u201d. Namesto je o\u010ditno oblasti strah kaj bi lahko naredil, \u010de mu kdo predlaga, da si za\u010dne sam slu\u017eiti svoj denar.<\/p>\n<p>Preberite tudi:<a href=\"https:\/\/nova24tv.si\/obeta-se-uradno-priznanje-dveh-islamskih-praznikov\/\" rel=\"nofollow noopener\" target=\"_blank\">Obeta se uradno priznanje dveh islamskih praznikov <\/a><\/p>\n<p>Mo\u0161kemu je ime Amer G., gre pa za prosilca za za\u0161\u010dito, ki je v Nem\u010dijo prispel leta 2015, v mestu Witten pa je znan po tem, da preko zvo\u010dnikov javno recitira verze iz Korana. Integracija deluje, ni kaj.<\/p>\n<p>Glede Amerjevega razgla\u0161anja Korana se lokalni prebivalci prito\u017eujejo \u017ee ve\u010d let, saj naj bi hodil po mestnem sredi\u0161\u010du skoraj vsak dan in deklamiral islamske verze, v\u010dasih tudi zgodaj zjutraj. Zato je \u017ee dolgo trn v peti peti policiji in uradu za javni red, a ne pride do nobenih ukrepov.<\/p>\n<p>\u0160e ve\u010d, glede na podatke zavoda za zaposlovanje Amer \u0161e vedno prejema 563 evrov \u017eepnine mese\u010dno, ki mu je odobrena vsaj do julija 2027. Trenutno prebiva v domu za brezdomce in zato ne prejema \u0161e dodatne \u017eepnine za stanovanje. Kljub temu, da je na socialni pomo\u010di, pa \u017ee leta ni prejel nobenega vabila na razgovor o iskanju zaposlitve. Prav tako ne prejema vabil, da bi se udele\u017eil kak\u0161nih podpornih programov, ki se jih prejemniki socialne pomo\u010di navadno morajo udele\u017eevati.<\/p>\n<p><img fetchpriority=\"high\" decoding=\"async\" class=\"wp-image-994698\" src=\"https:\/\/www.europesays.com\/si\/wp-content\/uploads\/2026\/09\/12936640-400x267.jpg.webp\" alt=\"\" width=\"667\" height=\"445\"  \/>Foto: EPA\/FILIP SINGER<\/p>\n<p>Posebna obravnava tega migranta se je za\u010dela z memorandumom na samem zavodu za zaposlovanje iz avgusta 2023, v katerem so delavci zavoda pri\u0161li do zaklju\u010dka, da zaposlitev za Amerja ni mo\u017ena zaradi njegovega \u201cporekla\u201d. Odlo\u010dilni razlog pa je bil, da \u201cse ne sme izzvati potencialno nevarnih situacij.\u201d Tako je dobil Sirec status \u201copravi\u010den dejavnosti\u201d. Po doma\u010de to pomeni, da se migrantu ni treba udele\u017eevati splo\u0161nih postopkov, ki jih morajo opravljati drugi prosilci za socialno pomo\u010d, vklju\u010dujo\u010d redna sre\u010danja na zavodu, programe za usposabljanje, in obvezno redno iskanje zaposlitve.<\/p>\n<p>Dokumenti, ki jih navajajo nem\u0161ki mediji naj bi celo omenjali \u201cpotencialno nevarne situacije\u201d \u017ee pred avgustom 2023. Amerjev uradnik za nadzor prosilcev za azil naj bi tri mesece prej stopil v stik z zavodom za zaposlovanje in jih zaprosil naj migranta ne \u201cprovocirajo\u201d.<\/p>\n<p>Ministrstvo za delo v zvezni de\u017eeli Severno Porenje-Vestfalija je obsodilo tovrstno prakso, saj da je odstranitev posameznika iz postopkov iskanja zaposlitve zaradi potencialne nevarnosti javnemu redu \u201cnezakonito in pravno neutemeljeno\u201d. Kljub temu Amer \u017ee leta u\u017eiva socialno podporo na ra\u010dun nem\u0161kih davkopla\u010devalcev, ne da bi mignil s prstom.<\/p>\n<p>A. S.<\/p>\n","protected":false},"excerpt":{"rendered":"Migrant v Nem\u010diji bo \u0161e naprej \u017eivel na ra\u010dun davkopla\u010devalcev, delati mu ni treba, ker ga to \u201crazburja\u201d.&hellip;\n","protected":false},"author":2,"featured_media":214076,"comment_status":"","ping_status":"","sticky":false,"template":"","format":"standard","meta":{"footnotes":"","_share_on_mastodon":"0"},"categories":[8],"tags":[10009,1946,1012,493,37,38,64,63],"class_list":["post-214075","post","type-post","status-publish","format-standard","has-post-thumbnail","category-svet","tag-islam","tag-migracije","tag-migranti","tag-nemcija","tag-slovene","tag-slovenscina","tag-svet","tag-world"],"share_on_mastodon":{"url":"https:\/\/pubeurope.com\/@si\/117206990960965900","error":""},"_links":{"self":[{"href":"https:\/\/www.europesays.com\/si\/wp-json\/wp\/v2\/posts\/214075","targetHints":{"allow":["GET"]}}],"collection":[{"href":"https:\/\/www.europesays.com\/si\/wp-json\/wp\/v2\/posts"}],"about":[{"href":"https:\/\/www.europesays.com\/si\/wp-json\/wp\/v2\/types\/post"}],"author":[{"embeddable":true,"href":"https:\/\/www.europesays.com\/si\/wp-json\/wp\/v2\/users\/2"}],"replies":[{"embeddable":true,"href":"https:\/\/www.europesays.com\/si\/wp-json\/wp\/v2\/comments?post=214075"}],"version-history":[{"count":0,"href":"https:\/\/www.europesays.com\/si\/wp-json\/wp\/v2\/posts\/214075\/revisions"}],"wp:featuredmedia":[{"embeddable":true,"href":"https:\/\/www.europesays.com\/si\/wp-json\/wp\/v2\/media\/214076"}],"wp:attachment":[{"href":"https:\/\/www.europesays.com\/si\/wp-json\/wp\/v2\/media?parent=214075"}],"wp:term":[{"taxonomy":"category","embeddable":true,"href":"https:\/\/www.europesays.com\/si\/wp-json\/wp\/v2\/categories?post=214075"},{"taxonomy":"post_tag","embeddable":true,"href":"https:\/\/www.europesays.com\/si\/wp-json\/wp\/v2\/tags?post=214075"}],"curies":[{"name":"wp","href":"https:\/\/api.w.org\/{rel}","templated":true}]}}