{"id":214077,"date":"2026-09-03T11:58:14","date_gmt":"2026-09-03T11:58:14","guid":{"rendered":"https:\/\/www.europesays.com\/si\/214077\/"},"modified":"2026-09-03T11:58:14","modified_gmt":"2026-09-03T11:58:14","slug":"alarm-v-zasavju-opazili-medveda-v-blizini-ljudi","status":"publish","type":"post","link":"https:\/\/www.europesays.com\/si\/214077\/","title":{"rendered":"Alarm v Zasavju: opazili medveda v bli\u017eini ljudi"},"content":{"rendered":"<p>Krajevna\u00a0skupnost\u00a0Mlin\u0161e-Kolovrat je objavila vznemirjujo\u010de sporo\u010dilo.\u00a0<\/p>\n<p>\u00bbDanes zjutraj je bil na obmo\u010dju \u017dvarulj opa\u017een medved.<\/p>\n<p>Lovci opozarjajo na pove\u010dano previdnost in svetujejo, da se obmo\u010dju za zdaj izogibate oziroma ste pri gibanju v naravi \u0161e posebej pozorni.\u00ab<\/p>\n<p>Kot ob tem navaja portal Zon, so medvedko z mladi\u010dema na obmo\u010dju Mlin\u0161 in Kandr\u0161 ve\u010dkrat opazili \u017ee lani jeseni in prej tudi na Va\u010dah.\u00a0<\/p>\n<p>Kdor v gozdu opazi medveda, lahko to sporo\u010di lokalni lovski dru\u017eini oziroma, v primeru ogro\u017eenosti ljudi ali premo\u017eenja, <a href=\"https:\/\/narcis.gov.si\/ords\/r\/narcis\/narcis\/vstopna-stran\" target=\"_blank\" rel=\"nofollow noopener\">na spletni portal MedvedoFON.<\/a><\/p>\n<p>Ob pojavu medveda pa sicer ob\u010danom\u00a0svetujejo previdnost\u00a0in spo\u0161tljivo ravnanje do divjih \u017eivali. Medved se \u010dloveku praviloma izogiba, zato ga ne vznemirjajmo, se mu ne pribli\u017eujmo in ga ne posku\u0161ajmo privabljati s hrano. Ob morebitnem sre\u010danju z medvedom ostanimo mirni, mu omogo\u010dimo dovolj prostora za umik in se po\u010dasi umaknimo. Pomembno je tudi, da v naravi ne pu\u0161\u010damo hrane ali drugih odpadkov, ki bi lahko privabili divje \u017eivali v bli\u017eino naselij.\u00a0<\/p>\n","protected":false},"excerpt":{"rendered":"Krajevna\u00a0skupnost\u00a0Mlin\u0161e-Kolovrat je objavila vznemirjujo\u010de sporo\u010dilo.\u00a0 \u00bbDanes zjutraj je bil na obmo\u010dju \u017dvarulj opa\u017een medved. Lovci opozarjajo na pove\u010dano&hellip;\n","protected":false},"author":2,"featured_media":214078,"comment_status":"","ping_status":"","sticky":false,"template":"","format":"standard","meta":{"footnotes":"","_share_on_mastodon":"0"},"categories":[6],"tags":[15116,52296,5752,755,59,61,62,37,58,60,38,14023,52295],"class_list":["post-214077","post","type-post","status-publish","format-standard","has-post-thumbnail","category-slovenija","tag-medved","tag-mlinse-kolovrat","tag-nevarnost","tag-opozorilo","tag-republic-of-slovenia","tag-republika-slovenija","tag-si","tag-slovene","tag-slovenia","tag-slovenija","tag-slovenscina","tag-zasavje","tag-zvarulje"],"share_on_mastodon":{"url":"https:\/\/pubeurope.com\/@si\/117206994885217931","error":""},"_links":{"self":[{"href":"https:\/\/www.europesays.com\/si\/wp-json\/wp\/v2\/posts\/214077","targetHints":{"allow":["GET"]}}],"collection":[{"href":"https:\/\/www.europesays.com\/si\/wp-json\/wp\/v2\/posts"}],"about":[{"href":"https:\/\/www.europesays.com\/si\/wp-json\/wp\/v2\/types\/post"}],"author":[{"embeddable":true,"href":"https:\/\/www.europesays.com\/si\/wp-json\/wp\/v2\/users\/2"}],"replies":[{"embeddable":true,"href":"https:\/\/www.europesays.com\/si\/wp-json\/wp\/v2\/comments?post=214077"}],"version-history":[{"count":0,"href":"https:\/\/www.europesays.com\/si\/wp-json\/wp\/v2\/posts\/214077\/revisions"}],"wp:featuredmedia":[{"embeddable":true,"href":"https:\/\/www.europesays.com\/si\/wp-json\/wp\/v2\/media\/214078"}],"wp:attachment":[{"href":"https:\/\/www.europesays.com\/si\/wp-json\/wp\/v2\/media?parent=214077"}],"wp:term":[{"taxonomy":"category","embeddable":true,"href":"https:\/\/www.europesays.com\/si\/wp-json\/wp\/v2\/categories?post=214077"},{"taxonomy":"post_tag","embeddable":true,"href":"https:\/\/www.europesays.com\/si\/wp-json\/wp\/v2\/tags?post=214077"}],"curies":[{"name":"wp","href":"https:\/\/api.w.org\/{rel}","templated":true}]}}