{"id":214091,"date":"2026-09-03T12:11:11","date_gmt":"2026-09-03T12:11:11","guid":{"rendered":"https:\/\/www.europesays.com\/si\/214091\/"},"modified":"2026-09-03T12:11:11","modified_gmt":"2026-09-03T12:11:11","slug":"ali-lakersi-odpirajo-vrata-hrvatu-luki-doncicu-bi-bil-zelo-vsec","status":"publish","type":"post","link":"https:\/\/www.europesays.com\/si\/214091\/","title":{"rendered":"Ali Lakersi odpirajo vrata Hrvatu? Luki Don\u010di\u0107u bi bil zelo v\u0161e\u010d."},"content":{"rendered":"<p>Nova sezona lige NBA, od katere Lakersi s slovenskim ko\u0161arkarskim virtuozom Luko Don\u010di\u0107em pri\u010dakujejo ogromno, se bo za\u010dela 20. oktobra. Klubi so ve\u010dinoma \u017ee sestavili ekipe, s katerimi bodo posku\u0161ali uresni\u010diti svoje cilje, \u0161e vedno pa ni izklju\u010dena mo\u017enost sprememb. O eni izmed njih, ki se nana\u0161a na Jezernike iz Los Angelesa, poro\u010da Yahoo Sports. O njej so se prav tako razpisali na Hrva\u0161kem, odmevala pa bi tudi v Sloveniji, saj se omenja mo\u017enost, da bi se Don\u010di\u0107u pridru\u017eil nekdanji zmaj Karlo Matkovi\u0107, ki se v ligi NBA sicer dokazuje v dresu New Orleansa.<\/p>\n<p>Jezerniki so to poletje z dru\u017eenjem na son\u010dni strani Alp ogreli slovenska srca. V \u017eelji, da bi se \u010dim bolje kosali s tekmeci in v mesto angelov pripeljati naslov prvaka, s katerim bi se na ve\u010dni lestvici izena\u010dili z rekorderjem Bostonom (18 naslovov), v taboru Lakersov poldrugi mesec pred za\u010detkom nove sezone pogledujejo proti novim re\u0161itvam.<\/p>\n<p><img decoding=\"async\" alt=\"Zvezdni\u0161ki ameri\u0161ki center Walker Kessler je zaradi po\u0161kodbe rame izpustil skoraj celotno sezono 2025\/2026. Lakersi bi v primeru menjave Jadena Hardyja in Daltona Knechta za Karla Matkovi\u0107a zmanj\u0161ali \u0161tevilo igralcev v ekipi s 16 na 15, hkrati pa okrepili konkurenco na igralnem polo\u017eaju centra.  | Foto: Sini\u0161a Kani\u017eaj\/ STA\" class=\"article_content__inline_image js_imageLightbox is-clickable\" data-author=\"Sini\u0161a Kani\u017eaj\/ STA\" data-caption=\"Zvezdni\u0161ki ameri\u0161ki center Walker Kessler je zaradi po\u0161kodbe rame izpustil skoraj celotno sezono 2025\/2026. Lakersi bi v primeru menjave Jadena Hardyja in Daltona Knechta za Karla Matkovi\u0107a zmanj\u0161ali \u0161tevilo igralcev v ekipi s 16 na 15, hkrati pa okrepili konkurenco na igralnem polo\u017eaju centra. \" data-height=\"1067\" data-href=\"https:\/\/siol.net\/media\/img\/8e\/79\/004748571f8778f28e58-la-lakersi-ljubljana-walker-kessler.jpeg\" data-width=\"1600\" loading=\"lazy\" src=\"\/media\/img\/99\/fe\/8c96013361691e638493-la-lakersi-ljubljana-walker-kessler.jpeg\" title=\"LA Lakersi Ljubljana, Walker Kessler\"\/><\/p>\n<p> Zvezdni\u0161ki ameri\u0161ki center Walker Kessler je zaradi po\u0161kodbe rame izpustil skoraj celotno sezono 2025\/2026. Lakersi bi v primeru menjave Jadena Hardyja in Daltona Knechta za Karla Matkovi\u0107a zmanj\u0161ali \u0161tevilo igralcev v ekipi s 16 na 15, hkrati pa okrepili konkurenco na igralnem polo\u017eaju centra.<br \/>\n Foto: Sini\u0161a Kani\u017eaj\/ STA <\/p>\n<p>Na igralnem polo\u017eaju centra, kjer naj bi imela v tej sezoni najve\u010djo vlogo Walker Kessler\u00a0in\u00a0Kevon Looney, \u017eelijo okrepiti konkurenco. Omenjena centra sta imela v prej\u0161nji sezoni nemalo te\u017eav z zdravjem in skupno odigrala le 26 tekem, Kessler je zaradi operacije rame izpustil skoraj vso sezono. Pri Lakersih zato no\u010dejo ni\u010desar prepustiti naklju\u010dju, ampak imeti na razpolago \u0161e kak\u0161nega kakovostnega centra, ki bi lahko v primeru novih odsotnosti nadome\u0161\u010dal kolega na zelo ob\u010dutljivem polo\u017eaju v ekipi.<\/p>\n<p>Po poro\u010danju Yahoo Sports bi se lahko tako Lakersom pridru\u017eil hrva\u0161ki reprezentant Karlo Matkovi\u0107. Zapustil bi New Orleans, Jezerniki pa bi v zameno zanj Pelikanom ponudili Jadena Hardyja in Daltona Knechta. <\/p>\n<p>Luki Don\u010di\u0107u bi bil zelo v\u0161e\u010d<\/p>\n<p>Matkovi\u0107, 208 centimetrov visoki hrva\u0161ki center, je dobro znan slovenskim ljubiteljem ko\u0161arke, saj je pred selitvijo \u010dez\u00a0lu\u017eo\u00a0nabiral izku\u0161nje tudi pri Cedeviti Olimpiji. &#8220;Matkovi\u0107 lahko igra na polo\u017eaju petice, kar trenerju Lakersov J. J. Redicku ponuja zanimivo mo\u017enost,&#8221; poro\u010da Yahoo Sports. Ob tem navaja izjavo neimenovanega trenerja iz zahodne konference lige NBA, ki je pred kratkim za Heavy Sports izjavil, da bi bil Luka Don\u010di\u0107 navdu\u0161en nad prihodom 25-letnega Hrvata. Ta se\u00a0je\u00a0podobno kot nekdanji selektor hrva\u0161ke nogometne reprezentance Zlatko Dali\u0107 rodil na tleh Bosne in Hercegovine v Livnu.<\/p>\n<p><img decoding=\"async\" alt=\"Karlo Matkovi\u0107 se je Olimpiji pridru\u017eil leta 2018, vmes ohranjal tekmovalno formo tudi v Srbiji, Ljubljano pa zapustil leta 2024. | Foto: www.alesfevzer.com\" class=\"article_content__inline_image js_imageLightbox is-clickable\" data-author=\"www.alesfevzer.com\" data-caption=\"Karlo Matkovi\u0107 se je Olimpiji pridru\u017eil leta 2018, vmes ohranjal tekmovalno formo tudi v Srbiji, Ljubljano pa zapustil leta 2024.\" data-height=\"1600\" data-href=\"https:\/\/siol.net\/media\/img\/5c\/d5\/98f97eb8e07e93b77f7f-cedevita-olimpija-karlo-matkovic.jpeg\" data-width=\"2400\" loading=\"lazy\" src=\"\/media\/img\/01\/8b\/1ba5a18e7621df26bc16-cedevita-olimpija-karlo-matkovic.jpeg\" title=\"Cedevita Olimpija Karlo Matkovi\u0107\"\/><\/p>\n<p> Karlo Matkovi\u0107 se je Olimpiji pridru\u017eil leta 2018, vmes ohranjal tekmovalno formo tudi v Srbiji, Ljubljano pa zapustil leta 2024.<br \/>\n Foto: www.alesfevzer.com <\/p>\n<p>&#8220;Luki bi bil zelo v\u0161e\u010d. Je izjemen \u0161portnik. \u010ce mu vr\u017ee\u0161 \u017eogo v bli\u017eino obro\u010da, jo bo ujel in kon\u010dal akcijo. V obrambi je odli\u010den,\u00a0hitro pokriva igri\u0161\u010de in blokira mete, \u010de kdo prebije prvo obrambno linijo. Njegov met za tri to\u010dke se \u0161e razvija, a zna zadeti trojko,&#8221;\u00a0je dejal neimenovani trener. Dodal je, da je Matkovi\u0107 \u017ee z nastopi v dresu hrva\u0161ke reprezentance nakazal svoj potencial in da bi lahko dobil konkretnej\u0161o vlogo v ligi NBA. &#8220;V\u010dasih to zahteva \u010das, a bo pripravljen\u00a0takoj, ko se ponudi prilo\u017enost,&#8221;\u00a0besede trenerja povzema tudi hrva\u0161ki \u0161portni dnevnik Sportske novosti.<\/p>\n<p>Matkovi\u0107 je to poletje blestel v dresu hrva\u0161ke reprezentance, s katero je le \u0161e milimetre oddaljen od uvrstitve na svetovno prvenstvo. V prej\u0161nji sezoni lige NBA je za Pelikane zbral 62 nastopov, na tekmo pa v povpre\u010dju na parketu prebil slabih 15 minut ter dosegel 5,7 to\u010dke, 3,7 skoka in 0,9 blokade.<\/p>\n<p><img decoding=\"async\" alt=\"Karlo Matkovi\u0107 je v prej\u0161nji sezoni zbral 62 nastopov v ligi NBA. | Foto: Guliverimage\" class=\"article_content__inline_image js_imageLightbox is-clickable\" data-author=\"Guliverimage\" data-caption=\"Karlo Matkovi\u0107 je v prej\u0161nji sezoni zbral 62 nastopov v ligi NBA.\" data-height=\"2984\" data-href=\"https:\/\/siol.net\/media\/img\/31\/01\/9aab6131792684acab6c-karlo-matkovic.jpeg\" data-width=\"4476\" loading=\"lazy\" src=\"\/media\/img\/e3\/0c\/561be75b8b636f5801a5-karlo-matkovic.jpeg\" title=\"Karlo Matkovi\u0107\"\/><\/p>\n<p> Karlo Matkovi\u0107 je v prej\u0161nji sezoni zbral 62 nastopov v ligi NBA.<br \/>\n Foto: Guliverimage <\/p>\n<p>Na za\u010detku pripravljalnega obdobja je podalj\u0161al pogodbo z New Orleansom. The Athletic je tako poro\u010dal o tem, da Pelikani to poletje ne \u017eelijo trgovati z nekdanjim ko\u0161arkarjem Cedevite Olimpije. Bi si\u00a0lahko New Orleans ob mo\u017enosti, ki jo omenja Yahoo Sports, torej ob morebitnem prihodu branilskega dvojca iz Los Angelesa, premislil?\u00a0<\/p>\n","protected":false},"excerpt":{"rendered":"Nova sezona lige NBA, od katere Lakersi s slovenskim ko\u0161arkarskim virtuozom Luko Don\u010di\u0107em pri\u010dakujejo ogromno, se bo za\u010dela&hellip;\n","protected":false},"author":2,"featured_media":214092,"comment_status":"","ping_status":"","sticky":false,"template":"","format":"standard","meta":{"footnotes":"","_share_on_mastodon":"0"},"categories":[16],"tags":[52298,39633,52297,10181,341,879,342,6288,62,37,58,60,38,94,93],"class_list":["post-214091","post","type-post","status-publish","format-standard","has-post-thumbnail","category-sport","tag-dalton-knecht","tag-jaden-hardy","tag-karlo-matkovic","tag-kosarkarska-trznica","tag-liga-nba","tag-los-angeles-lakers","tag-luka-doncic","tag-new-orleans-pelicans","tag-si","tag-slovene","tag-slovenia","tag-slovenija","tag-slovenscina","tag-sport","tag-sports"],"share_on_mastodon":{"url":"https:\/\/pubeurope.com\/@si\/117207045614519795","error":""},"_links":{"self":[{"href":"https:\/\/www.europesays.com\/si\/wp-json\/wp\/v2\/posts\/214091","targetHints":{"allow":["GET"]}}],"collection":[{"href":"https:\/\/www.europesays.com\/si\/wp-json\/wp\/v2\/posts"}],"about":[{"href":"https:\/\/www.europesays.com\/si\/wp-json\/wp\/v2\/types\/post"}],"author":[{"embeddable":true,"href":"https:\/\/www.europesays.com\/si\/wp-json\/wp\/v2\/users\/2"}],"replies":[{"embeddable":true,"href":"https:\/\/www.europesays.com\/si\/wp-json\/wp\/v2\/comments?post=214091"}],"version-history":[{"count":0,"href":"https:\/\/www.europesays.com\/si\/wp-json\/wp\/v2\/posts\/214091\/revisions"}],"wp:featuredmedia":[{"embeddable":true,"href":"https:\/\/www.europesays.com\/si\/wp-json\/wp\/v2\/media\/214092"}],"wp:attachment":[{"href":"https:\/\/www.europesays.com\/si\/wp-json\/wp\/v2\/media?parent=214091"}],"wp:term":[{"taxonomy":"category","embeddable":true,"href":"https:\/\/www.europesays.com\/si\/wp-json\/wp\/v2\/categories?post=214091"},{"taxonomy":"post_tag","embeddable":true,"href":"https:\/\/www.europesays.com\/si\/wp-json\/wp\/v2\/tags?post=214091"}],"curies":[{"name":"wp","href":"https:\/\/api.w.org\/{rel}","templated":true}]}}