{"id":214180,"date":"2026-09-03T13:48:17","date_gmt":"2026-09-03T13:48:17","guid":{"rendered":"https:\/\/www.europesays.com\/si\/214180\/"},"modified":"2026-09-03T13:48:17","modified_gmt":"2026-09-03T13:48:17","slug":"norveska-zaradi-zahtevka-ukrajinskega-podjetja-naftogaz-na-svalbardu-zasegla-rusko-ladjo","status":"publish","type":"post","link":"https:\/\/www.europesays.com\/si\/214180\/","title":{"rendered":"Norve\u0161ka zaradi zahtevka ukrajinskega podjetja Naftogaz na Svalbardu zasegla rusko ladjo"},"content":{"rendered":"<p>\t\t\t\t\t\t\t\t<a href=\"https:\/\/www.europesays.com\/si\/wp-content\/uploads\/2026\/09\/67091916.jpg\" itemprop=\"contentUrl\" data-size=\"1200x800\" data-large=\"https:\/\/www.europesays.com\/si\/wp-content\/uploads\/2026\/09\/67091916.jpg\"><br \/>\n\t\t\t\t\t\t\t\t\t<img decoding=\"async\" src=\"https:\/\/www.europesays.com\/si\/wp-content\/uploads\/2026\/09\/67091916.jpg\" title=\"Fotografija ladje Profesor Mol\u010danov iz leta 2022. Foto: Reuters\" alt=\"Fotografija ladje Profesor Mol\u010danov iz leta 2022. Foto: Reuters\"\/><br \/>\n\t\t\t\t\t\t\t\t<\/a><\/p>\n<p>\t\t\t\t\t\t\t\t\tFotografija ladje Profesor Mol\u010danov iz leta 2022. Foto: Reuters<\/p>\n<p>\t\t\t\t\t\t\t<a id=\"preferredSourceBanner\" href=\"http:\/\/www.rtvslo.si\/svet\/evropa\/norveska-zaradi-zahtevka-ukrajinskega-podjetja-naftogaz-na-svalbardu-zasegla-rusko-ladjo\/javascript:void(0)\" target=\"_blank\" class=\"d-none align-items-center justify-content-between rounded my-3\" style=\"padding: 10px 15px;\" rel=\"nofollow noopener\"><br \/>\n\t\t\t\t\t\t<img decoding=\"async\" src=\"https:\/\/img.rtvslo.si\/_static\/novi\/img\/ico-google.svg\" class=\"flex-shrink-0 mr-3\" aria-hidden=\"true\"\/><br \/>\n\t\t\t\t\t\tSpremljajte RTVSLO.si kot prednostni vir na Google<\/p>\n<p>\t\t\t\t\t<\/a><\/p>\n<p>Ladjo z imenom Profesor Mol\u010danov so zasegli v bli\u017eini norve\u0161kega arkti\u010dnega oto\u010dja Svalbard, je sporo\u010dila ameri\u0161ka odvetni\u0161ka dru\u017eba Covington, ki zastopa Naftogaz. Pri Covingtonu so povedali, da so ladjo, ki se uporablja za komercialna kri\u017earjenja, spremljali ve\u010d mesecev, v pri\u010dakovanju njenega prihoda na Svalbard pa so odvetniki Naftogaza na sodi\u0161\u010de na Norve\u0161kem vlo\u017eili zahtevo za zaseg in prisilno prodajo ladje. Sodi\u0161\u010de jim je ugodilo.<\/p>\n<p>Oglas<\/p>\n<p>Ladja je v torek res prispela v Barentsburg, naselbino, v kateri Rusi vodijo rudnik premoga in le\u017ei na najve\u010djem otoku v arhipelagu Svalbard, Spitsbergen. Barentsburg je poleg Pyramidna eno od dveh ruskih naselij na Svalbardu. Po podatkih norve\u0161kega statisti\u010dnega urada imata skupaj 392 prebivalcev od skupno 2914.<\/p>\n<p>Na krovu ladje je bila ob zasegu skupina ruskih znanstvenikov, je povedal ruski novinar Andrej Gorbunov, ki jih je spremljal. Gorbunov je dodal, da se je ladja zasidrala brez zapletov in da so se \u010dlani odprave nato odpravili na kopno. V sredo zve\u010der je nato pri\u0161la v javnost novica o zasegu ladje. Gorbunov je zatrdil, da nih\u010de ni bil aretiran in dodal, da je za zdaj edini ukrep ta, da ladja ne sme zapustiti pristani\u0161\u010da v Barentsburgu.<\/p>\n<p>Oblasti na Svalbardu so potrdile zaseg ladje in dodale, da bo nekaj \u010dasa ostala pri njih. Ob tem so zagotovili, da bodo poskrbeli za posadko in potnike na krovu.<\/p>\n<p>\t\t\t\t\t\t\t\t<a href=\"https:\/\/www.europesays.com\/si\/wp-content\/uploads\/2026\/09\/67091917.jpg\" itemprop=\"contentUrl\" data-size=\"1200x800\" data-large=\"https:\/\/www.europesays.com\/si\/wp-content\/uploads\/2026\/09\/67091917.jpg\"><br \/>\n\t\t\t\t\t\t\t\t\t<img decoding=\"async\" src=\"https:\/\/www.europesays.com\/si\/wp-content\/uploads\/2026\/09\/67091917.jpg\" title=\"Pogled na enega izmed otokov, ki sestavljajo Svalbard. Foto: Reuters\" alt=\"Pogled na enega izmed otokov, ki sestavljajo Svalbard. Foto: Reuters\"\/><br \/>\n\t\t\t\t\t\t\t\t<\/a><\/p>\n<p>\t\t\t\t\t\t\t\t\tPogled na enega izmed otokov, ki sestavljajo Svalbard. Foto: Reuters<\/p>\n<p>\t\t\t\t\t\t\tMoskva zahteva izpustitev ladje <\/p>\n<p>Oglasil se je tudi ruski veleposlanik na Norve\u0161kem Nikolaj Kor\u010dunov, ki je dejal, da si bo Moskva po pravni poti prizadevala za izpustitev ladje. Dodal je, da zahtevajo takoj\u0161njo izpustitev plovila in zagotovitev varnosti potnikov in posadke.<\/p>\n<p>Za zdaj \u0161e ni jasno, koliko potnikov in \u010dlanov posadke je na ladji.<\/p>\n<p>Svalbard, ki je od leta 1925 norve\u0161ko ozemlje, le\u017ei na poti med severnim te\u010dajem in celinsko Evropo. Na oto\u010dju Svalbard velja sporazum iz leta 1920, ki dr\u017eavljanom podpisnic, med katerimi je tudi Rusija, omogo\u010da, da se tam naselijo brez vizuma.<\/p>\n<p>Dru\u017eba Naftogaz je pred tem \u017ee pridobila sodne naloge za zaseg dveh nepremi\u010dnin podjetja Trust Arktikugol na Svalbardu, vklju\u010dno z nastanitvenim objektom, vendar je Rusija vlo\u017eila pravne ugovore.<\/p>\n<p>Naftogaz si \u017ee od leta 2016 prizadeva, da bi dobil od\u0161kodnino od Rusije zaradi razlastitve svojega premo\u017eenja na Krimu. Arbitra\u017eno sodi\u0161\u010de v Haagu je sicer aprila leta 2023 Rusiji nalo\u017eilo pla\u010dilo 4,22 milijarde dolarjev dru\u017ebi Naftogaz, skupaj z obrestmi in sodnimi stro\u0161ki.<\/p>\n<p>Oglas<\/p>\n","protected":false},"excerpt":{"rendered":"Fotografija ladje Profesor Mol\u010danov iz leta 2022. Foto: Reuters Spremljajte RTVSLO.si kot prednostni vir na Google Ladjo z&hellip;\n","protected":false},"author":2,"featured_media":214181,"comment_status":"","ping_status":"","sticky":false,"template":"","format":"standard","meta":{"footnotes":"","_share_on_mastodon":"0"},"categories":[3],"tags":[65,66,1411,16076,1104,52314,421,37,38,46550],"class_list":["post-214180","post","type-post","status-publish","format-standard","has-post-thumbnail","category-evropa","tag-europe","tag-evropa","tag-ladja","tag-naftogaz","tag-norveska","tag-profesor-molcanov","tag-rusija","tag-slovene","tag-slovenscina","tag-svalbard"],"share_on_mastodon":{"url":"https:\/\/pubeurope.com\/@si\/117207427164959439","error":""},"_links":{"self":[{"href":"https:\/\/www.europesays.com\/si\/wp-json\/wp\/v2\/posts\/214180","targetHints":{"allow":["GET"]}}],"collection":[{"href":"https:\/\/www.europesays.com\/si\/wp-json\/wp\/v2\/posts"}],"about":[{"href":"https:\/\/www.europesays.com\/si\/wp-json\/wp\/v2\/types\/post"}],"author":[{"embeddable":true,"href":"https:\/\/www.europesays.com\/si\/wp-json\/wp\/v2\/users\/2"}],"replies":[{"embeddable":true,"href":"https:\/\/www.europesays.com\/si\/wp-json\/wp\/v2\/comments?post=214180"}],"version-history":[{"count":0,"href":"https:\/\/www.europesays.com\/si\/wp-json\/wp\/v2\/posts\/214180\/revisions"}],"wp:featuredmedia":[{"embeddable":true,"href":"https:\/\/www.europesays.com\/si\/wp-json\/wp\/v2\/media\/214181"}],"wp:attachment":[{"href":"https:\/\/www.europesays.com\/si\/wp-json\/wp\/v2\/media?parent=214180"}],"wp:term":[{"taxonomy":"category","embeddable":true,"href":"https:\/\/www.europesays.com\/si\/wp-json\/wp\/v2\/categories?post=214180"},{"taxonomy":"post_tag","embeddable":true,"href":"https:\/\/www.europesays.com\/si\/wp-json\/wp\/v2\/tags?post=214180"}],"curies":[{"name":"wp","href":"https:\/\/api.w.org\/{rel}","templated":true}]}}