{"id":214182,"date":"2026-09-03T13:49:08","date_gmt":"2026-09-03T13:49:08","guid":{"rendered":"https:\/\/www.europesays.com\/si\/214182\/"},"modified":"2026-09-03T13:49:08","modified_gmt":"2026-09-03T13:49:08","slug":"gori-eno-najvecjih-skladisc-v-ukrajini-vzivo","status":"publish","type":"post","link":"https:\/\/www.europesays.com\/si\/214182\/","title":{"rendered":"Gori eno najve\u010djih skladi\u0161\u010d v Ukrajini #v\u017divo"},"content":{"rendered":"<p>Ruske sile so preteklo no\u010d napadle logisti\u010dni kompleks podjetja Biocon v okro\u017eju Borispil v kijevski regiji in ga mo\u010dno po\u0161kodovale, je potrdil vodja kijevske regionalne voja\u0161ke uprave Timur Tka\u010denko. Po navedbah tujih medijev gre za eno najve\u010djih specializiranih skladi\u0161\u010d farmacevtskih izdelkov v dr\u017eavi.<\/p>\n<p>14.54\u00a0Putin: Nimamo potrebe po dodatni mobilizaciji<\/p>\n<p>Rusija trenutno nima potrebe po dodatni voja\u0161ki mobilizaciji, je danes v Vladivostoku izjavil ruski predsednik Vladimir Putin. Navedbe o novi mobilizaciji je ozna\u010dil za ukrajinske dezinformacije, poro\u010da francoska tiskovna agencija AFP.<\/p>\n<p>13.00\u00a0Obve\u0161\u010devalci opozarjajo na ruske priprave na sabota\u017ee na Danskem<\/p>\n<p>Rusija aktivno pripravlja sabota\u017ee proti Danski, zlasti proti njeni obrambni industriji, so za francosko tiskovno agencijo AFP danes sporo\u010dili iz danske varnostne in obve\u0161\u010devalne agencije PET.\u00a0Sporo\u010dili so, da &#8220;ruske obve\u0161\u010devalne slu\u017ebe aktivno pripravljajo sabota\u017ee, usmerjene proti obrambni industriji na Danskem&#8221;. Po njihovih navedbah ruski obve\u0161\u010devalci prek\u00a0dru\u017ebenih omre\u017eij rekrutirajo &#8220;navadne Dance&#8221;, da jim po\u0161iljajo fotografije, ki bi jih lahko uporabili pri na\u010drtovanju sabota\u017e. Ljudi so zato pozvali, naj bodo pozorni na tak\u0161ne predloge, navaja STA.<\/p>\n<p>Vodja protiobve\u0161\u010devalne slu\u017ebe agencije Emil Graesholm je v pogovoru za dana\u0161njo izdajo danskega dnevnika Berlingske dejal, da bodo razkrili podrobnosti o metodah.\u00a0&#8220;Izbira ciljev in priprave so tako specifi\u010dne, da menimo, da je nujno opozoriti javnost, saj gre za gro\u017enjo, ki jo je treba vzeti resno,&#8221; je poudaril. Po mnenju agencije je namre\u010d pomembno predvsem to, &#8220;da celotna obrambna industrija sprejme potrebne varnostne ukrepe, da se bo lahko sama za\u0161\u010ditila&#8221;, je \u0161e dejal Graesholm. Dodal je, da so mnogi to \u017ee storili.<\/p>\n<p>Opozorilo\u00a0prihaja po tem, ko je ve\u010d dr\u017eav \u010dlanic Evropske unije v sredo na pogovor poklicalo ruske odpravnike poslov, potem ko so nem\u0161ke oblasti ugotovile, da Rusija stoji za incidentom z dronom, ki so ga v za\u010detku avgusta na\u0161li blizu ukrajinskega tovornega letala na letali\u0161\u010du v Leipzigu. Visoka zunanjepoliti\u010dna predstavnica EU Kaja Kallas je medtem poudarila, da ima incident znake dr\u017eavno podprtega terorizma.<\/p>\n<p>Predsednica Evropske komisije Ursula von der Leyen je po incidentu v Leipzigu napovedala pove\u010danje pritiska na Moskvo. Z generalnim sekretarjem Nata Markom Ruttejem\u00a0sta v sredo zatrdila, da tovrstni napadi zaveznic ne bodo odvrnili od podpore Ukrajini.<\/p>\n<p>11.20 Gori eno najve\u010djih skladi\u0161\u010d v Ukrajini<\/p>\n<p>Ruske sile so minulo no\u010d napadle logisti\u010dni kompleks podjetja Biocon v okro\u017eju Borispil v kijevski regiji in ga mo\u010dno po\u0161kodovale, je potrdil vodja kijevske regionalne voja\u0161ke uprave Timur Tka\u010denko. Po navedbah tujih medijev gre za eno najve\u010djih specializiranih skladi\u0161\u010d farmacevtskih izdelkov v dr\u017eavi.<\/p>\n<p>Nastala \u0161koda bi lahko zna\u0161ala ve\u010d deset milijonov evrov. V napadu je bila po\u0161kodovana ena oseba.<\/p>\n<p>Podjetje Biocon je specializirano za farmacevtsko logistiko in skladi\u0161\u010denje medicinskih izdelkov. Tuja farmacevtska podjetja pri njih najemajo skladi\u0161\u010dne prostore, ponujajo pa tudi storitve skladi\u0161\u010denja zdravil v carinskem skladi\u0161\u010du.<\/p>\n<p>V zadnjih tednih so ruske sile znatno okrepile napade na skladi\u0161\u010da in logisti\u010dno infrastrukturo po vsej kijevski regiji.<\/p>\n<p>7.25\u00a0Napetost med Rusijo in Nem\u010dijo se stopnjuje<\/p>\n<p>Ruske oblasti bodo po vsej dr\u017eavi zaprle nem\u0161ke kulturne centre, ki so podru\u017enice Goethejevega in\u0161tituta, <a href=\"https:\/\/siol.net\/novice\/svet\/napetost-med-rusijo-in-nemcijo-se-stopnjuje-moskva-zapira-nemske-kulturne-centre-v-rusiji-700501\" target=\"_blank\" rel=\"nofollow noopener\">je danes dejal ruski zunanji minister Sergej Lavrov<\/a>. Kot je po poro\u010danju ruske tiskovne agencije Interfax pojasnil, je ta ukrep odgovor na na\u010drtovano zaprtje Ruske hi\u0161e v Berlinu.<\/p>\n<p>Ve\u010d preberite v spodnji novici:<\/p>\n","protected":false},"excerpt":{"rendered":"Ruske sile so preteklo no\u010d napadle logisti\u010dni kompleks podjetja Biocon v okro\u017eju Borispil v kijevski regiji in ga&hellip;\n","protected":false},"author":2,"featured_media":214183,"comment_status":"","ping_status":"","sticky":false,"template":"","format":"standard","meta":{"footnotes":"","_share_on_mastodon":"0"},"categories":[8],"tags":[421,37,38,64,71,757,882,458,63],"class_list":["post-214182","post","type-post","status-publish","format-standard","has-post-thumbnail","category-svet","tag-rusija","tag-slovene","tag-slovenscina","tag-svet","tag-ukrajina","tag-vladimir-putin","tag-vojna","tag-volodimir-zelenski","tag-world"],"share_on_mastodon":{"url":"https:\/\/pubeurope.com\/@si\/117207430788065569","error":""},"_links":{"self":[{"href":"https:\/\/www.europesays.com\/si\/wp-json\/wp\/v2\/posts\/214182","targetHints":{"allow":["GET"]}}],"collection":[{"href":"https:\/\/www.europesays.com\/si\/wp-json\/wp\/v2\/posts"}],"about":[{"href":"https:\/\/www.europesays.com\/si\/wp-json\/wp\/v2\/types\/post"}],"author":[{"embeddable":true,"href":"https:\/\/www.europesays.com\/si\/wp-json\/wp\/v2\/users\/2"}],"replies":[{"embeddable":true,"href":"https:\/\/www.europesays.com\/si\/wp-json\/wp\/v2\/comments?post=214182"}],"version-history":[{"count":0,"href":"https:\/\/www.europesays.com\/si\/wp-json\/wp\/v2\/posts\/214182\/revisions"}],"wp:featuredmedia":[{"embeddable":true,"href":"https:\/\/www.europesays.com\/si\/wp-json\/wp\/v2\/media\/214183"}],"wp:attachment":[{"href":"https:\/\/www.europesays.com\/si\/wp-json\/wp\/v2\/media?parent=214182"}],"wp:term":[{"taxonomy":"category","embeddable":true,"href":"https:\/\/www.europesays.com\/si\/wp-json\/wp\/v2\/categories?post=214182"},{"taxonomy":"post_tag","embeddable":true,"href":"https:\/\/www.europesays.com\/si\/wp-json\/wp\/v2\/tags?post=214182"}],"curies":[{"name":"wp","href":"https:\/\/api.w.org\/{rel}","templated":true}]}}