{"id":214224,"date":"2026-09-03T14:30:43","date_gmt":"2026-09-03T14:30:43","guid":{"rendered":"https:\/\/www.europesays.com\/si\/214224\/"},"modified":"2026-09-03T14:30:43","modified_gmt":"2026-09-03T14:30:43","slug":"najvecji-stradivarius-v-sloveniji-otvoritev-citycenter-celje","status":"publish","type":"post","link":"https:\/\/www.europesays.com\/si\/214224\/","title":{"rendered":"Najve\u010dji Stradivarius v Sloveniji, otvoritev Citycenter Celje"},"content":{"rendered":"<p>\t\t\t\t\t\t<img decoding=\"async\" id=\"galImage0\" src=\"https:\/\/www.europesays.com\/si\/wp-content\/uploads\/2026\/09\/1567738.jpg\" alt=\"Najve\u010dji Stradivarius v Sloveniji, otvoritev Citycenter Celje\"\/><\/p>\n<p class=\"text-center mt-3 text-regular\">Najve\u010dji Stradivarius v Sloveniji, otvoritev Citycenter Celje<\/p>\n<p>\t\t\t\t\t\t<img decoding=\"async\" id=\"galImage1\" src=\"https:\/\/www.europesays.com\/si\/wp-content\/uploads\/2026\/09\/1567739.jpg\" alt=\"Najve\u010dji Stradivarius v Sloveniji, otvoritev Citycenter Celje\"\/><\/p>\n<p class=\"text-center mt-3 text-regular\">Najve\u010dji Stradivarius v Sloveniji, otvoritev Citycenter Celje<\/p>\n<p>\t\t\t\t\t\t<img decoding=\"async\" id=\"galImage2\" src=\"https:\/\/www.europesays.com\/si\/wp-content\/uploads\/2026\/09\/1567740.jpg\" alt=\"Najve\u010dji Stradivarius v Sloveniji, otvoritev Citycenter Celje\"\/><\/p>\n<p class=\"text-center mt-3 text-regular\">Najve\u010dji Stradivarius v Sloveniji, otvoritev Citycenter Celje<\/p>\n<p>\t\t\t\t\t\t<img decoding=\"async\" id=\"galImage3\" src=\"https:\/\/www.europesays.com\/si\/wp-content\/uploads\/2026\/09\/1567741.jpg\" alt=\"Najve\u010dji Stradivarius v Sloveniji, otvoritev Citycenter Celje\"\/><\/p>\n<p class=\"text-center mt-3 text-regular\">Najve\u010dji Stradivarius v Sloveniji, otvoritev Citycenter Celje<\/p>\n<p>\t\t\t\t\t\t<img decoding=\"async\" id=\"galImage4\" src=\"https:\/\/www.europesays.com\/si\/wp-content\/uploads\/2026\/09\/1567742.jpg\" alt=\"Najve\u010dji Stradivarius v Sloveniji, otvoritev Citycenter Celje\"\/><\/p>\n<p class=\"text-center mt-3 text-regular\">Najve\u010dji Stradivarius v Sloveniji, otvoritev Citycenter Celje<\/p>\n<p>\t\t\t\t\t\t<img decoding=\"async\" id=\"galImage5\" src=\"https:\/\/www.europesays.com\/si\/wp-content\/uploads\/2026\/09\/1567743.jpg\" alt=\"Najve\u010dji Stradivarius v Sloveniji, otvoritev Citycenter Celje\"\/><\/p>\n<p class=\"text-center mt-3 text-regular\">Najve\u010dji Stradivarius v Sloveniji, otvoritev Citycenter Celje<\/p>\n<p>\t\t\t\t\t\t<img decoding=\"async\" id=\"galImage6\" src=\"https:\/\/www.europesays.com\/si\/wp-content\/uploads\/2026\/09\/1567744.jpg\" alt=\"Najve\u010dji Stradivarius v Sloveniji, otvoritev Citycenter Celje\"\/><\/p>\n<p class=\"text-center mt-3 text-regular\">Najve\u010dji Stradivarius v Sloveniji, otvoritev Citycenter Celje<\/p>\n<p>\t\t\t\t\t\t<img decoding=\"async\" id=\"galImage7\" src=\"https:\/\/www.europesays.com\/si\/wp-content\/uploads\/2026\/09\/1567746.jpg\" alt=\"Najve\u010dji Stradivarius v Sloveniji, otvoritev Citycenter Celje\"\/><\/p>\n<p class=\"text-center mt-3 text-regular\">Najve\u010dji Stradivarius v Sloveniji, otvoritev Citycenter Celje<\/p>\n<p>\t\t\t\t\t\t<img decoding=\"async\" id=\"galImage8\" src=\"https:\/\/www.europesays.com\/si\/wp-content\/uploads\/2026\/09\/1567747.jpg\" alt=\"Najve\u010dji Stradivarius v Sloveniji, otvoritev Citycenter Celje\"\/><\/p>\n<p class=\"text-center mt-3 text-regular\">Najve\u010dji Stradivarius v Sloveniji, otvoritev Citycenter Celje<\/p>\n<p>\t\t\t\t\t\t<img decoding=\"async\" id=\"galImage9\" src=\"https:\/\/www.europesays.com\/si\/wp-content\/uploads\/2026\/09\/1567748.jpg\" alt=\"Najve\u010dji Stradivarius v Sloveniji, otvoritev Citycenter Celje\"\/><\/p>\n<p class=\"text-center mt-3 text-regular\">Najve\u010dji Stradivarius v Sloveniji, otvoritev Citycenter Celje<\/p>\n<p>\t\t\t\t\t\t<img decoding=\"async\" id=\"galImage10\" src=\"https:\/\/www.europesays.com\/si\/wp-content\/uploads\/2026\/09\/1567749.jpg\" alt=\"Najve\u010dji Stradivarius v Sloveniji, otvoritev Citycenter Celje\"\/><\/p>\n<p class=\"text-center mt-3 text-regular\">Najve\u010dji Stradivarius v Sloveniji, otvoritev Citycenter Celje<\/p>\n<p>\t\t\t\t\t\t<img decoding=\"async\" id=\"galImage11\" src=\"https:\/\/www.europesays.com\/si\/wp-content\/uploads\/2026\/09\/1567750.jpg\" alt=\"Najve\u010dji Stradivarius v Sloveniji, otvoritev Citycenter Celje\"\/><\/p>\n<p class=\"text-center mt-3 text-regular\">Najve\u010dji Stradivarius v Sloveniji, otvoritev Citycenter Celje<\/p>\n<p>\t\t\t\t\t\t<img decoding=\"async\" id=\"galImage12\" src=\"https:\/\/www.europesays.com\/si\/wp-content\/uploads\/2026\/09\/1567751.jpg\" alt=\"Najve\u010dji Stradivarius v Sloveniji, otvoritev Citycenter Celje\"\/><\/p>\n<p class=\"text-center mt-3 text-regular\">Najve\u010dji Stradivarius v Sloveniji, otvoritev Citycenter Celje<\/p>\n<p>\t\t\t\t\t\t<img decoding=\"async\" id=\"galImage13\" src=\"https:\/\/www.europesays.com\/si\/wp-content\/uploads\/2026\/09\/1567752.jpg\" alt=\"Najve\u010dji Stradivarius v Sloveniji, otvoritev Citycenter Celje\"\/><\/p>\n<p class=\"text-center mt-3 text-regular\">Najve\u010dji Stradivarius v Sloveniji, otvoritev Citycenter Celje<\/p>\n<p>\t\t\t\t\t\t<img decoding=\"async\" id=\"galImage14\" src=\"https:\/\/www.europesays.com\/si\/wp-content\/uploads\/2026\/09\/1567753.jpg\" alt=\"Najve\u010dji Stradivarius v Sloveniji, otvoritev Citycenter Celje\"\/><\/p>\n<p class=\"text-center mt-3 text-regular\">Najve\u010dji Stradivarius v Sloveniji, otvoritev Citycenter Celje<\/p>\n<p>\t\t\t\t\t\t<img decoding=\"async\" id=\"galImage15\" src=\"https:\/\/www.europesays.com\/si\/wp-content\/uploads\/2026\/09\/1567754.jpg\" alt=\"Najve\u010dji Stradivarius v Sloveniji, otvoritev Citycenter Celje\"\/><\/p>\n<p class=\"text-center mt-3 text-regular\">Najve\u010dji Stradivarius v Sloveniji, otvoritev Citycenter Celje<\/p>\n<p>\t\t\t\t\t\t<img decoding=\"async\" id=\"galImage16\" src=\"https:\/\/www.europesays.com\/si\/wp-content\/uploads\/2026\/09\/1567755.jpg\" alt=\"Najve\u010dji Stradivarius v Sloveniji, otvoritev Citycenter Celje\"\/><\/p>\n<p class=\"text-center mt-3 text-regular\">Najve\u010dji Stradivarius v Sloveniji, otvoritev Citycenter Celje<\/p>\n<p>\t\t\t\t\t\t<img decoding=\"async\" id=\"galImage17\" src=\"https:\/\/www.europesays.com\/si\/wp-content\/uploads\/2026\/09\/1567756.jpg\" alt=\"Najve\u010dji Stradivarius v Sloveniji, otvoritev Citycenter Celje\"\/><\/p>\n<p class=\"text-center mt-3 text-regular\">Najve\u010dji Stradivarius v Sloveniji, otvoritev Citycenter Celje<\/p>\n<p>\t\t\t\t\t\t<img decoding=\"async\" id=\"galImage18\" src=\"https:\/\/www.europesays.com\/si\/wp-content\/uploads\/2026\/09\/1567757.jpg\" alt=\"Najve\u010dji Stradivarius v Sloveniji, otvoritev Citycenter Celje\"\/><\/p>\n<p class=\"text-center mt-3 text-regular\">Najve\u010dji Stradivarius v Sloveniji, otvoritev Citycenter Celje<\/p>\n<p>\t\t\t\t\t\t<img decoding=\"async\" id=\"galImage19\" src=\"https:\/\/www.europesays.com\/si\/wp-content\/uploads\/2026\/09\/1567758.jpg\" alt=\"Najve\u010dji Stradivarius v Sloveniji, otvoritev Citycenter Celje\"\/><\/p>\n<p class=\"text-center mt-3 text-regular\">Najve\u010dji Stradivarius v Sloveniji, otvoritev Citycenter Celje<\/p>\n<p>\t\t\t\t\t\t<img decoding=\"async\" id=\"galImage20\" src=\"https:\/\/www.europesays.com\/si\/wp-content\/uploads\/2026\/09\/1567759.jpg\" alt=\"Najve\u010dji Stradivarius v Sloveniji, otvoritev Citycenter Celje\"\/><\/p>\n<p class=\"text-center mt-3 text-regular\">Najve\u010dji Stradivarius v Sloveniji, otvoritev Citycenter Celje<\/p>\n<p>\t\t\t\t\t\t<img decoding=\"async\" id=\"galImage21\" src=\"https:\/\/www.europesays.com\/si\/wp-content\/uploads\/2026\/09\/1567760.jpg\" alt=\"Najve\u010dji Stradivarius v Sloveniji, otvoritev Citycenter Celje\"\/><\/p>\n<p class=\"text-center mt-3 text-regular\">Najve\u010dji Stradivarius v Sloveniji, otvoritev Citycenter Celje<\/p>\n<p>\t\t\t\t\t\t<img decoding=\"async\" id=\"galImage22\" src=\"https:\/\/www.europesays.com\/si\/wp-content\/uploads\/2026\/09\/1567761.jpg\" alt=\"Najve\u010dji Stradivarius v Sloveniji, otvoritev Citycenter Celje\"\/><\/p>\n<p class=\"text-center mt-3 text-regular\">Najve\u010dji Stradivarius v Sloveniji, otvoritev Citycenter Celje<\/p>\n<p>\t\t\t\t\t\t<img decoding=\"async\" id=\"galImage23\" src=\"https:\/\/www.europesays.com\/si\/wp-content\/uploads\/2026\/09\/1567762.jpg\" alt=\"Najve\u010dji Stradivarius v Sloveniji, otvoritev Citycenter Celje\"\/><\/p>\n<p class=\"text-center mt-3 text-regular\">Najve\u010dji Stradivarius v Sloveniji, otvoritev Citycenter Celje<\/p>\n<p>\t\t\t\t\t\t<img decoding=\"async\" id=\"galImage24\" src=\"https:\/\/www.europesays.com\/si\/wp-content\/uploads\/2026\/09\/1567764.jpg\" alt=\"Najve\u010dji Stradivarius v Sloveniji, otvoritev Citycenter Celje\"\/><\/p>\n<p class=\"text-center mt-3 text-regular\">Najve\u010dji Stradivarius v Sloveniji, otvoritev Citycenter Celje<\/p>\n<p>\t\t\t\t\t\t<img decoding=\"async\" id=\"galImage25\" src=\"https:\/\/www.europesays.com\/si\/wp-content\/uploads\/2026\/09\/1567765.jpg\" alt=\"Najve\u010dji Stradivarius v Sloveniji, otvoritev Citycenter Celje\"\/><\/p>\n<p class=\"text-center mt-3 text-regular\">Najve\u010dji Stradivarius v Sloveniji, otvoritev Citycenter Celje<\/p>\n<p>\t\t\t\t\t\t<img decoding=\"async\" id=\"galImage26\" src=\"https:\/\/www.europesays.com\/si\/wp-content\/uploads\/2026\/09\/1567766.jpg\" alt=\"Najve\u010dji Stradivarius v Sloveniji, otvoritev Citycenter Celje\"\/><\/p>\n<p class=\"text-center mt-3 text-regular\">Najve\u010dji Stradivarius v Sloveniji, otvoritev Citycenter Celje<\/p>\n<p>\t\t\t\t\t\t<img decoding=\"async\" id=\"galImage27\" src=\"https:\/\/www.europesays.com\/si\/wp-content\/uploads\/2026\/09\/1567767.jpg\" alt=\"Najve\u010dji Stradivarius v Sloveniji, otvoritev Citycenter Celje\"\/><\/p>\n<p class=\"text-center mt-3 text-regular\">Najve\u010dji Stradivarius v Sloveniji, otvoritev Citycenter Celje<\/p>\n<p>\t\t\t\t\t\t<img decoding=\"async\" id=\"galImage28\" src=\"https:\/\/www.europesays.com\/si\/wp-content\/uploads\/2026\/09\/1567768.jpg\" alt=\"Najve\u010dji Stradivarius v Sloveniji, otvoritev Citycenter Celje\"\/><\/p>\n<p class=\"text-center mt-3 text-regular\">Najve\u010dji Stradivarius v Sloveniji, otvoritev Citycenter Celje<\/p>\n<p>\t\t\t\t\t\t<img decoding=\"async\" id=\"galImage29\" src=\"https:\/\/www.europesays.com\/si\/wp-content\/uploads\/2026\/09\/1567770.jpg\" alt=\" Rebecca Gliha, spletna vplivnica;  Sabrina Vidovi\u010d;  ... Najve\u010dji Stradivarius v Sloveniji, otvoritev Citycenter Celje\"\/><\/p>\n<p class=\"text-center mt-3 text-regular\"> Rebecca Gliha, spletna vplivnica;  Sabrina Vidovi\u010d;  &#8230; <br \/>Najve\u010dji Stradivarius v Sloveniji, otvoritev Citycenter Celje<\/p>\n<p>\t\t\t\t\t\t<img decoding=\"async\" id=\"galImage30\" src=\"https:\/\/www.europesays.com\/si\/wp-content\/uploads\/2026\/09\/1567773.jpg\" alt=\" Rebecca Gliha, spletna vplivnica;  Sabrina Vidovi\u010d;  Hajdi Koro\u0161ec Jazbin\u0161ek, pevkaNajve\u010dji Stradivarius v Sloveniji, otvoritev Citycenter Celje\"\/><\/p>\n<p class=\"text-center mt-3 text-regular\"> Rebecca Gliha, spletna vplivnica;  Sabrina Vidovi\u010d;  Hajdi Koro\u0161ec Jazbin\u0161ek, pevka<br \/>Najve\u010dji Stradivarius v Sloveniji, otvoritev Citycenter Celje<\/p>\n<p>\t\t\t\t\t\t<img decoding=\"async\" id=\"galImage31\" src=\"https:\/\/www.europesays.com\/si\/wp-content\/uploads\/2026\/09\/1567774.jpg\" alt=\" Rebecca Gliha, spletna vplivnica;  Sabrina Vidovi\u010d;  Hajdi Koro\u0161ec Jazbin\u0161ek, pevkaNajve\u010dji Stradivarius v Sloveniji, otvoritev Citycenter Celje\"\/><\/p>\n<p class=\"text-center mt-3 text-regular\"> Rebecca Gliha, spletna vplivnica;  Sabrina Vidovi\u010d;  Hajdi Koro\u0161ec Jazbin\u0161ek, pevka<br \/>Najve\u010dji Stradivarius v Sloveniji, otvoritev Citycenter Celje<\/p>\n<p>\t\t\t\t\t\t<img decoding=\"async\" id=\"galImage32\" src=\"https:\/\/www.europesays.com\/si\/wp-content\/uploads\/2026\/09\/1567777.jpg\" alt=\" Sara Vre\u010dko, spletna vplivnicaNajve\u010dji Stradivarius v Sloveniji, otvoritev Citycenter Celje\"\/><\/p>\n<p class=\"text-center mt-3 text-regular\"> Sara Vre\u010dko, spletna vplivnica<br \/>Najve\u010dji Stradivarius v Sloveniji, otvoritev Citycenter Celje<\/p>\n<p>\t\t\t\t\t\t<img decoding=\"async\" id=\"galImage33\" src=\"https:\/\/www.europesays.com\/si\/wp-content\/uploads\/2026\/09\/1567778.jpg\" alt=\"Najve\u010dji Stradivarius v Sloveniji, otvoritev Citycenter Celje\"\/><\/p>\n<p class=\"text-center mt-3 text-regular\">Najve\u010dji Stradivarius v Sloveniji, otvoritev Citycenter Celje<\/p>\n<p>\t\t\t\t\t\t<img decoding=\"async\" id=\"galImage34\" src=\"https:\/\/www.europesays.com\/si\/wp-content\/uploads\/2026\/09\/1567779.jpg\" alt=\" Sara Vre\u010dko, spletna vplivnica;  ... Najve\u010dji Stradivarius v Sloveniji, otvoritev Citycenter Celje\"\/><\/p>\n<p class=\"text-center mt-3 text-regular\"> Sara Vre\u010dko, spletna vplivnica;  &#8230; <br \/>Najve\u010dji Stradivarius v Sloveniji, otvoritev Citycenter Celje<\/p>\n<p>\t\t\t\t\t\t<img decoding=\"async\" id=\"galImage35\" src=\"https:\/\/www.europesays.com\/si\/wp-content\/uploads\/2026\/09\/1567781.jpg\" alt=\" Sara Vre\u010dko, spletna vplivnicaNajve\u010dji Stradivarius v Sloveniji, otvoritev Citycenter Celje\"\/><\/p>\n<p class=\"text-center mt-3 text-regular\"> Sara Vre\u010dko, spletna vplivnica<br \/>Najve\u010dji Stradivarius v Sloveniji, otvoritev Citycenter Celje<\/p>\n<p>\t\t\t\t\t\t<img decoding=\"async\" id=\"galImage36\" src=\"https:\/\/www.europesays.com\/si\/wp-content\/uploads\/2026\/09\/1567783.jpg\" alt=\" Sara Vre\u010dko, spletna vplivnicaNajve\u010dji Stradivarius v Sloveniji, otvoritev Citycenter Celje\"\/><\/p>\n<p class=\"text-center mt-3 text-regular\"> Sara Vre\u010dko, spletna vplivnica<br \/>Najve\u010dji Stradivarius v Sloveniji, otvoritev Citycenter Celje<\/p>\n<p>\t\t\t\t\t\t<img decoding=\"async\" id=\"galImage37\" src=\"https:\/\/www.europesays.com\/si\/wp-content\/uploads\/2026\/09\/1567784.jpg\" alt=\"Najve\u010dji Stradivarius v Sloveniji, otvoritev Citycenter Celje\"\/><\/p>\n<p class=\"text-center mt-3 text-regular\">Najve\u010dji Stradivarius v Sloveniji, otvoritev Citycenter Celje<\/p>\n<p>\t\t\t\t\t\t<img decoding=\"async\" id=\"galImage38\" src=\"https:\/\/www.europesays.com\/si\/wp-content\/uploads\/2026\/09\/1567787.jpg\" alt=\"Najve\u010dji Stradivarius v Sloveniji, otvoritev Citycenter Celje\"\/><\/p>\n<p class=\"text-center mt-3 text-regular\">Najve\u010dji Stradivarius v Sloveniji, otvoritev Citycenter Celje<\/p>\n<p>\t\t\t\t\t\t<img decoding=\"async\" id=\"galImage39\" src=\"https:\/\/www.europesays.com\/si\/wp-content\/uploads\/2026\/09\/1567788.jpg\" alt=\" Sara Vre\u010dko, spletna vplivnicaNajve\u010dji Stradivarius v Sloveniji, otvoritev Citycenter Celje\"\/><\/p>\n<p class=\"text-center mt-3 text-regular\"> Sara Vre\u010dko, spletna vplivnica<br \/>Najve\u010dji Stradivarius v Sloveniji, otvoritev Citycenter Celje<\/p>\n<p>\t\t\t\t\t\t<img decoding=\"async\" id=\"galImage40\" src=\"https:\/\/www.europesays.com\/si\/wp-content\/uploads\/2026\/09\/1567791.jpg\" alt=\" Sara Vre\u010dko, spletna vplivnicaNajve\u010dji Stradivarius v Sloveniji, otvoritev Citycenter Celje\"\/><\/p>\n<p class=\"text-center mt-3 text-regular\"> Sara Vre\u010dko, spletna vplivnica<br \/>Najve\u010dji Stradivarius v Sloveniji, otvoritev Citycenter Celje<\/p>\n<p>\t\t\t\t\t\t<img decoding=\"async\" id=\"galImage41\" src=\"https:\/\/www.europesays.com\/si\/wp-content\/uploads\/2026\/09\/1567796.jpg\" alt=\" Sara Vre\u010dko, spletna vplivnicaNajve\u010dji Stradivarius v Sloveniji, otvoritev Citycenter Celje\"\/><\/p>\n<p class=\"text-center mt-3 text-regular\"> Sara Vre\u010dko, spletna vplivnica<br \/>Najve\u010dji Stradivarius v Sloveniji, otvoritev Citycenter Celje<\/p>\n<p>\t\t\t\t\t\t<img decoding=\"async\" id=\"galImage42\" src=\"https:\/\/www.europesays.com\/si\/wp-content\/uploads\/2026\/09\/1567799.jpg\" alt=\" Sara Vre\u010dko, spletna vplivnicaNajve\u010dji Stradivarius v Sloveniji, otvoritev Citycenter Celje\"\/><\/p>\n<p class=\"text-center mt-3 text-regular\"> Sara Vre\u010dko, spletna vplivnica<br \/>Najve\u010dji Stradivarius v Sloveniji, otvoritev Citycenter Celje<\/p>\n<p>\t\t\t\t\t\t<img decoding=\"async\" id=\"galImage43\" src=\"https:\/\/www.europesays.com\/si\/wp-content\/uploads\/2026\/09\/1567801.jpg\" alt=\" Sara Vre\u010dko, spletna vplivnicaNajve\u010dji Stradivarius v Sloveniji, otvoritev Citycenter Celje\"\/><\/p>\n<p class=\"text-center mt-3 text-regular\"> Sara Vre\u010dko, spletna vplivnica<br \/>Najve\u010dji Stradivarius v Sloveniji, otvoritev Citycenter Celje<\/p>\n<p>\t\t\t\t\t\t<img decoding=\"async\" id=\"galImage44\" src=\"https:\/\/www.europesays.com\/si\/wp-content\/uploads\/2026\/09\/1567804.jpg\" alt=\" Sara Vre\u010dko, spletna vplivnicaNajve\u010dji Stradivarius v Sloveniji, otvoritev Citycenter Celje\"\/><\/p>\n<p class=\"text-center mt-3 text-regular\"> Sara Vre\u010dko, spletna vplivnica<br \/>Najve\u010dji Stradivarius v Sloveniji, otvoritev Citycenter Celje<\/p>\n<p>\t\t\t\t\t\t<img decoding=\"async\" id=\"galImage45\" src=\"https:\/\/www.europesays.com\/si\/wp-content\/uploads\/2026\/09\/1567807.jpg\" alt=\" Sara Vre\u010dko, spletna vplivnicaNajve\u010dji Stradivarius v Sloveniji, otvoritev Citycenter Celje\"\/><\/p>\n<p class=\"text-center mt-3 text-regular\"> Sara Vre\u010dko, spletna vplivnica<br \/>Najve\u010dji Stradivarius v Sloveniji, otvoritev Citycenter Celje<\/p>\n<p>\t\t\t\t\t\t<img decoding=\"async\" id=\"galImage46\" src=\"https:\/\/www.europesays.com\/si\/wp-content\/uploads\/2026\/09\/1567809.jpg\" alt=\" Sabrina Vidovi\u010dNajve\u010dji Stradivarius v Sloveniji, otvoritev Citycenter Celje\"\/><\/p>\n<p class=\"text-center mt-3 text-regular\"> Sabrina Vidovi\u010d<br \/>Najve\u010dji Stradivarius v Sloveniji, otvoritev Citycenter Celje<\/p>\n<p>\t\t\t\t\t\t<img decoding=\"async\" id=\"galImage47\" src=\"https:\/\/www.europesays.com\/si\/wp-content\/uploads\/2026\/09\/1567811.jpg\" alt=\" Sabrina Vidovi\u010dNajve\u010dji Stradivarius v Sloveniji, otvoritev Citycenter Celje\"\/><\/p>\n<p class=\"text-center mt-3 text-regular\"> Sabrina Vidovi\u010d<br \/>Najve\u010dji Stradivarius v Sloveniji, otvoritev Citycenter Celje<\/p>\n<p>\t\t\t\t\t\t<img decoding=\"async\" id=\"galImage48\" src=\"https:\/\/www.europesays.com\/si\/wp-content\/uploads\/2026\/09\/1567813.jpg\" alt=\" Sabrina Vidovi\u010dNajve\u010dji Stradivarius v Sloveniji, otvoritev Citycenter Celje\"\/><\/p>\n<p class=\"text-center mt-3 text-regular\"> Sabrina Vidovi\u010d<br \/>Najve\u010dji Stradivarius v Sloveniji, otvoritev Citycenter Celje<\/p>\n<p>\t\t\t\t\t\t<img decoding=\"async\" id=\"galImage49\" src=\"https:\/\/www.europesays.com\/si\/wp-content\/uploads\/2026\/09\/1567814.jpg\" alt=\" Sabrina Vidovi\u010dNajve\u010dji Stradivarius v Sloveniji, otvoritev Citycenter Celje\"\/><\/p>\n<p class=\"text-center mt-3 text-regular\"> Sabrina Vidovi\u010d<br \/>Najve\u010dji Stradivarius v Sloveniji, otvoritev Citycenter Celje<\/p>\n<p>\t\t\t\t\t\t<img decoding=\"async\" id=\"galImage50\" src=\"https:\/\/www.europesays.com\/si\/wp-content\/uploads\/2026\/09\/1567818.jpg\" alt=\" Sabrina Vidovi\u010dNajve\u010dji Stradivarius v Sloveniji, otvoritev Citycenter Celje\"\/><\/p>\n<p class=\"text-center mt-3 text-regular\"> Sabrina Vidovi\u010d<br \/>Najve\u010dji Stradivarius v Sloveniji, otvoritev Citycenter Celje<\/p>\n<p>\t\t\t\t\t\t<img decoding=\"async\" id=\"galImage51\" src=\"https:\/\/www.europesays.com\/si\/wp-content\/uploads\/2026\/09\/1567821.jpg\" alt=\" Sabrina Vidovi\u010dNajve\u010dji Stradivarius v Sloveniji, otvoritev Citycenter Celje\"\/><\/p>\n<p class=\"text-center mt-3 text-regular\"> Sabrina Vidovi\u010d<br \/>Najve\u010dji Stradivarius v Sloveniji, otvoritev Citycenter Celje<\/p>\n<p>\t\t\t\t\t\t<img decoding=\"async\" id=\"galImage52\" src=\"https:\/\/www.europesays.com\/si\/wp-content\/uploads\/2026\/09\/1567823.jpg\" alt=\" Sabrina Vidovi\u010dNajve\u010dji Stradivarius v Sloveniji, otvoritev Citycenter Celje\"\/><\/p>\n<p class=\"text-center mt-3 text-regular\"> Sabrina Vidovi\u010d<br \/>Najve\u010dji Stradivarius v Sloveniji, otvoritev Citycenter Celje<\/p>\n<p>\t\t\t\t\t\t<img decoding=\"async\" id=\"galImage53\" src=\"https:\/\/www.europesays.com\/si\/wp-content\/uploads\/2026\/09\/1567829.jpg\" alt=\" Rebecca Gliha, spletna vplivnicaNajve\u010dji Stradivarius v Sloveniji, otvoritev Citycenter Celje\"\/><\/p>\n<p class=\"text-center mt-3 text-regular\"> Rebecca Gliha, spletna vplivnica<br \/>Najve\u010dji Stradivarius v Sloveniji, otvoritev Citycenter Celje<\/p>\n<p>\t\t\t\t\t\t<img decoding=\"async\" id=\"galImage54\" src=\"https:\/\/www.europesays.com\/si\/wp-content\/uploads\/2026\/09\/1567833.jpg\" alt=\" Rebecca Gliha, spletna vplivnicaNajve\u010dji Stradivarius v Sloveniji, otvoritev Citycenter Celje\"\/><\/p>\n<p class=\"text-center mt-3 text-regular\"> Rebecca Gliha, spletna vplivnica<br \/>Najve\u010dji Stradivarius v Sloveniji, otvoritev Citycenter Celje<\/p>\n<p>\t\t\t\t\t\t<img decoding=\"async\" id=\"galImage55\" src=\"https:\/\/www.europesays.com\/si\/wp-content\/uploads\/2026\/09\/1567835.jpg\" alt=\"Najve\u010dji Stradivarius v Sloveniji, otvoritev Citycenter Celje\"\/><\/p>\n<p class=\"text-center mt-3 text-regular\">Najve\u010dji Stradivarius v Sloveniji, otvoritev Citycenter Celje<\/p>\n<p>\t\t\t\t\t\t<img decoding=\"async\" id=\"galImage56\" src=\"https:\/\/www.europesays.com\/si\/wp-content\/uploads\/2026\/09\/1567838.jpg\" alt=\" Rebecca Gliha, spletna vplivnicaNajve\u010dji Stradivarius v Sloveniji, otvoritev Citycenter Celje\"\/><\/p>\n<p class=\"text-center mt-3 text-regular\"> Rebecca Gliha, spletna vplivnica<br \/>Najve\u010dji Stradivarius v Sloveniji, otvoritev Citycenter Celje<\/p>\n<p>\t\t\t\t\t\t<img decoding=\"async\" id=\"galImage57\" src=\"https:\/\/www.europesays.com\/si\/wp-content\/uploads\/2026\/09\/1567843.jpg\" alt=\" Rebecca Gliha, spletna vplivnicaNajve\u010dji Stradivarius v Sloveniji, otvoritev Citycenter Celje\"\/><\/p>\n<p class=\"text-center mt-3 text-regular\"> Rebecca Gliha, spletna vplivnica<br \/>Najve\u010dji Stradivarius v Sloveniji, otvoritev Citycenter Celje<\/p>\n<p>\t\t\t\t\t\t<img decoding=\"async\" id=\"galImage58\" src=\"https:\/\/www.europesays.com\/si\/wp-content\/uploads\/2026\/09\/1567844.jpg\" alt=\" Rebecca Gliha, spletna vplivnicaNajve\u010dji Stradivarius v Sloveniji, otvoritev Citycenter Celje\"\/><\/p>\n<p class=\"text-center mt-3 text-regular\"> Rebecca Gliha, spletna vplivnica<br \/>Najve\u010dji Stradivarius v Sloveniji, otvoritev Citycenter Celje<\/p>\n<p>\t\t\t\t\t\t<img decoding=\"async\" id=\"galImage59\" src=\"https:\/\/www.europesays.com\/si\/wp-content\/uploads\/2026\/09\/1567847.jpg\" alt=\" Hajdi Koro\u0161ec Jazbin\u0161ek, pevkaNajve\u010dji Stradivarius v Sloveniji, otvoritev Citycenter Celje\"\/><\/p>\n<p class=\"text-center mt-3 text-regular\"> Hajdi Koro\u0161ec Jazbin\u0161ek, pevka<br \/>Najve\u010dji Stradivarius v Sloveniji, otvoritev Citycenter Celje<\/p>\n<p>\t\t\t\t\t\t<img decoding=\"async\" id=\"galImage60\" src=\"https:\/\/www.europesays.com\/si\/wp-content\/uploads\/2026\/09\/1567850.jpg\" alt=\"Najve\u010dji Stradivarius v Sloveniji, otvoritev Citycenter Celje\"\/><\/p>\n<p class=\"text-center mt-3 text-regular\">Najve\u010dji Stradivarius v Sloveniji, otvoritev Citycenter Celje<\/p>\n<p>\t\t\t\t\t\t<img decoding=\"async\" id=\"galImage61\" src=\"https:\/\/www.europesays.com\/si\/wp-content\/uploads\/2026\/09\/1567851.jpg\" alt=\" Hajdi Koro\u0161ec Jazbin\u0161ek, pevkaNajve\u010dji Stradivarius v Sloveniji, otvoritev Citycenter Celje\"\/><\/p>\n<p class=\"text-center mt-3 text-regular\"> Hajdi Koro\u0161ec Jazbin\u0161ek, pevka<br \/>Najve\u010dji Stradivarius v Sloveniji, otvoritev Citycenter Celje<\/p>\n<p>\t\t\t\t\t\t<img decoding=\"async\" id=\"galImage62\" src=\"https:\/\/www.europesays.com\/si\/wp-content\/uploads\/2026\/09\/1567853.jpg\" alt=\" Hajdi Koro\u0161ec Jazbin\u0161ek, pevkaNajve\u010dji Stradivarius v Sloveniji, otvoritev Citycenter Celje\"\/><\/p>\n<p class=\"text-center mt-3 text-regular\"> Hajdi Koro\u0161ec Jazbin\u0161ek, pevka<br \/>Najve\u010dji Stradivarius v Sloveniji, otvoritev Citycenter Celje<\/p>\n<p>\t\t\t\t\t\t<img decoding=\"async\" id=\"galImage63\" src=\"https:\/\/www.europesays.com\/si\/wp-content\/uploads\/2026\/09\/1567856.jpg\" alt=\" Hajdi Koro\u0161ec Jazbin\u0161ek, pevkaNajve\u010dji Stradivarius v Sloveniji, otvoritev Citycenter Celje\"\/><\/p>\n<p class=\"text-center mt-3 text-regular\"> Hajdi Koro\u0161ec Jazbin\u0161ek, pevka<br \/>Najve\u010dji Stradivarius v Sloveniji, otvoritev Citycenter Celje<\/p>\n<p>\t\t\t\t\t\t<img decoding=\"async\" id=\"galImage64\" src=\"https:\/\/www.europesays.com\/si\/wp-content\/uploads\/2026\/09\/1567859.jpg\" alt=\" Hajdi Koro\u0161ec Jazbin\u0161ek, pevkaNajve\u010dji Stradivarius v Sloveniji, otvoritev Citycenter Celje\"\/><\/p>\n<p class=\"text-center mt-3 text-regular\"> Hajdi Koro\u0161ec Jazbin\u0161ek, pevka<br \/>Najve\u010dji Stradivarius v Sloveniji, otvoritev Citycenter Celje<\/p>\n<p>\t\t\t\t\t\t<img decoding=\"async\" id=\"galImage65\" src=\"https:\/\/www.europesays.com\/si\/wp-content\/uploads\/2026\/09\/1567862.jpg\" alt=\" Hajdi Koro\u0161ec Jazbin\u0161ek, pevkaNajve\u010dji Stradivarius v Sloveniji, otvoritev Citycenter Celje\"\/><\/p>\n<p class=\"text-center mt-3 text-regular\"> Hajdi Koro\u0161ec Jazbin\u0161ek, pevka<br \/>Najve\u010dji Stradivarius v Sloveniji, otvoritev Citycenter Celje<\/p>\n<p>\t\t\t\t\t\t<img decoding=\"async\" id=\"galImage66\" src=\"https:\/\/www.europesays.com\/si\/wp-content\/uploads\/2026\/09\/1567863.jpg\" alt=\" Hajdi Koro\u0161ec Jazbin\u0161ek, pevkaNajve\u010dji Stradivarius v Sloveniji, otvoritev Citycenter Celje\"\/><\/p>\n<p class=\"text-center mt-3 text-regular\"> Hajdi Koro\u0161ec Jazbin\u0161ek, pevka<br \/>Najve\u010dji Stradivarius v Sloveniji, otvoritev Citycenter Celje<\/p>\n<p>\t\t\t\t\t\t<img decoding=\"async\" id=\"galImage67\" src=\"https:\/\/www.europesays.com\/si\/wp-content\/uploads\/2026\/09\/1567865.jpg\" alt=\" Hajdi Koro\u0161ec Jazbin\u0161ek, pevkaNajve\u010dji Stradivarius v Sloveniji, otvoritev Citycenter Celje\"\/><\/p>\n<p class=\"text-center mt-3 text-regular\"> Hajdi Koro\u0161ec Jazbin\u0161ek, pevka<br \/>Najve\u010dji Stradivarius v Sloveniji, otvoritev Citycenter Celje<\/p>\n<p>\t\t\t\t\t\t<img decoding=\"async\" id=\"galImage68\" src=\"https:\/\/www.europesays.com\/si\/wp-content\/uploads\/2026\/09\/1567869.jpg\" alt=\"Najve\u010dji Stradivarius v Sloveniji, otvoritev Citycenter Celje\"\/><\/p>\n<p class=\"text-center mt-3 text-regular\">Najve\u010dji Stradivarius v Sloveniji, otvoritev Citycenter Celje<\/p>\n<p>\t\t\t\t\t\t<img decoding=\"async\" id=\"galImage69\" src=\"https:\/\/www.europesays.com\/si\/wp-content\/uploads\/2026\/09\/1567872.jpg\" alt=\" Hajdi Koro\u0161ec Jazbin\u0161ek, pevkaNajve\u010dji Stradivarius v Sloveniji, otvoritev Citycenter Celje\"\/><\/p>\n<p class=\"text-center mt-3 text-regular\"> Hajdi Koro\u0161ec Jazbin\u0161ek, pevka<br \/>Najve\u010dji Stradivarius v Sloveniji, otvoritev Citycenter Celje<\/p>\n<p>\t\t\t\t\t\t<img decoding=\"async\" id=\"galImage70\" src=\"https:\/\/www.europesays.com\/si\/wp-content\/uploads\/2026\/09\/1567874.jpg\" alt=\" Hajdi Koro\u0161ec Jazbin\u0161ek, pevkaNajve\u010dji Stradivarius v Sloveniji, otvoritev Citycenter Celje\"\/><\/p>\n<p class=\"text-center mt-3 text-regular\"> Hajdi Koro\u0161ec Jazbin\u0161ek, pevka<br \/>Najve\u010dji Stradivarius v Sloveniji, otvoritev Citycenter Celje<\/p>\n<p>\t\t\t\t\t\t<img decoding=\"async\" id=\"galImage71\" src=\"https:\/\/www.europesays.com\/si\/wp-content\/uploads\/2026\/09\/1567877.jpg\" alt=\" Hajdi Koro\u0161ec Jazbin\u0161ek, pevkaNajve\u010dji Stradivarius v Sloveniji, otvoritev Citycenter Celje\"\/><\/p>\n<p class=\"text-center mt-3 text-regular\"> Hajdi Koro\u0161ec Jazbin\u0161ek, pevka<br \/>Najve\u010dji Stradivarius v Sloveniji, otvoritev Citycenter Celje<\/p>\n<p>\t\t\t\t\t\t<img decoding=\"async\" id=\"galImage72\" src=\"https:\/\/www.europesays.com\/si\/wp-content\/uploads\/2026\/09\/1567880.jpg\" alt=\" Sara Vre\u010dko, spletna vplivnicaNajve\u010dji Stradivarius v Sloveniji, otvoritev Citycenter Celje\"\/><\/p>\n<p class=\"text-center mt-3 text-regular\"> Sara Vre\u010dko, spletna vplivnica<br \/>Najve\u010dji Stradivarius v Sloveniji, otvoritev Citycenter Celje<\/p>\n<p>\t\t\t\t\t\t<img decoding=\"async\" id=\"galImage73\" src=\"https:\/\/www.europesays.com\/si\/wp-content\/uploads\/2026\/09\/1567882.jpg\" alt=\"Najve\u010dji Stradivarius v Sloveniji, otvoritev Citycenter Celje\"\/><\/p>\n<p class=\"text-center mt-3 text-regular\">Najve\u010dji Stradivarius v Sloveniji, otvoritev Citycenter Celje<\/p>\n<p>\t\t\t\t\t\t<img decoding=\"async\" id=\"galImage74\" src=\"https:\/\/www.europesays.com\/si\/wp-content\/uploads\/2026\/09\/1567884.jpg\" alt=\"Najve\u010dji Stradivarius v Sloveniji, otvoritev Citycenter Celje\"\/><\/p>\n<p class=\"text-center mt-3 text-regular\">Najve\u010dji Stradivarius v Sloveniji, otvoritev Citycenter Celje<\/p>\n<p>\t\t\t\t\t\t<img decoding=\"async\" id=\"galImage75\" src=\"https:\/\/www.europesays.com\/si\/wp-content\/uploads\/2026\/09\/1567886.jpg\" alt=\"Najve\u010dji Stradivarius v Sloveniji, otvoritev Citycenter Celje\"\/><\/p>\n<p class=\"text-center mt-3 text-regular\">Najve\u010dji Stradivarius v Sloveniji, otvoritev Citycenter Celje<\/p>\n<p>\t\t\t\t\t\t<img decoding=\"async\" id=\"galImage76\" src=\"https:\/\/www.europesays.com\/si\/wp-content\/uploads\/2026\/09\/1567888.jpg\" alt=\"Najve\u010dji Stradivarius v Sloveniji, otvoritev Citycenter Celje\"\/><\/p>\n<p class=\"text-center mt-3 text-regular\">Najve\u010dji Stradivarius v Sloveniji, otvoritev Citycenter Celje<\/p>\n<p>\t\t\t\t\t\t<img decoding=\"async\" id=\"galImage77\" src=\"https:\/\/www.europesays.com\/si\/wp-content\/uploads\/2026\/09\/1567890.jpg\" alt=\"Najve\u010dji Stradivarius v Sloveniji, otvoritev Citycenter Celje\"\/><\/p>\n<p class=\"text-center mt-3 text-regular\">Najve\u010dji Stradivarius v Sloveniji, otvoritev Citycenter Celje<\/p>\n<p>\t\t\t\t\t\t<img decoding=\"async\" id=\"galImage78\" src=\"https:\/\/www.europesays.com\/si\/wp-content\/uploads\/2026\/09\/1567891.jpg\" alt=\"Najve\u010dji Stradivarius v Sloveniji, otvoritev Citycenter Celje\"\/><\/p>\n<p class=\"text-center mt-3 text-regular\">Najve\u010dji Stradivarius v Sloveniji, otvoritev Citycenter Celje<\/p>\n","protected":false},"excerpt":{"rendered":"Najve\u010dji Stradivarius v Sloveniji, otvoritev Citycenter Celje Najve\u010dji Stradivarius v Sloveniji, otvoritev Citycenter Celje Najve\u010dji Stradivarius v Sloveniji,&hellip;\n","protected":false},"author":2,"featured_media":214225,"comment_status":"","ping_status":"","sticky":false,"template":"","format":"standard","meta":{"footnotes":"","_share_on_mastodon":"0"},"categories":[23],"tags":[52326,162,2119,52332,52325,52336,52327,52330,52331,52322,52334,52329,52337,52328,52335,52333,62,37,58,60,38,52321,52323,52324],"class_list":["post-214224","post","type-post","status-publish","format-standard","has-post-thumbnail","category-celje","tag-bonatti","tag-celje","tag-citycenter-celje","tag-citycenter-novosti","tag-glimmea","tag-inditex","tag-just-in-case","tag-moda-celje","tag-modne-trgovine","tag-najvecji-stradivarius-v-sloveniji","tag-nakupovalno-sredisce-celje","tag-nakupovanje-celje","tag-nova-trgovina-stradivarius","tag-nove-trgovine-celje","tag-odprtje-stradivariusa","tag-september-v-citycentru","tag-si","tag-slovene","tag-slovenia","tag-slovenija","tag-slovenscina","tag-stradivarius-celje","tag-stradivarius-citycenter-celje","tag-wave-2-0"],"share_on_mastodon":{"url":"https:\/\/pubeurope.com\/@si\/117207593560649429","error":""},"_links":{"self":[{"href":"https:\/\/www.europesays.com\/si\/wp-json\/wp\/v2\/posts\/214224","targetHints":{"allow":["GET"]}}],"collection":[{"href":"https:\/\/www.europesays.com\/si\/wp-json\/wp\/v2\/posts"}],"about":[{"href":"https:\/\/www.europesays.com\/si\/wp-json\/wp\/v2\/types\/post"}],"author":[{"embeddable":true,"href":"https:\/\/www.europesays.com\/si\/wp-json\/wp\/v2\/users\/2"}],"replies":[{"embeddable":true,"href":"https:\/\/www.europesays.com\/si\/wp-json\/wp\/v2\/comments?post=214224"}],"version-history":[{"count":0,"href":"https:\/\/www.europesays.com\/si\/wp-json\/wp\/v2\/posts\/214224\/revisions"}],"wp:featuredmedia":[{"embeddable":true,"href":"https:\/\/www.europesays.com\/si\/wp-json\/wp\/v2\/media\/214225"}],"wp:attachment":[{"href":"https:\/\/www.europesays.com\/si\/wp-json\/wp\/v2\/media?parent=214224"}],"wp:term":[{"taxonomy":"category","embeddable":true,"href":"https:\/\/www.europesays.com\/si\/wp-json\/wp\/v2\/categories?post=214224"},{"taxonomy":"post_tag","embeddable":true,"href":"https:\/\/www.europesays.com\/si\/wp-json\/wp\/v2\/tags?post=214224"}],"curies":[{"name":"wp","href":"https:\/\/api.w.org\/{rel}","templated":true}]}}