{"id":214228,"date":"2026-09-03T14:41:16","date_gmt":"2026-09-03T14:41:16","guid":{"rendered":"https:\/\/www.europesays.com\/si\/214228\/"},"modified":"2026-09-03T14:41:16","modified_gmt":"2026-09-03T14:41:16","slug":"zdravnica-ki-je-zadela-z-vingegaardom-tokrat-o-pogacarju-letos-ga-na-dirkah-ne-bomo-vec-videli","status":"publish","type":"post","link":"https:\/\/www.europesays.com\/si\/214228\/","title":{"rendered":"Zdravnica, ki je zadela z Vingegaardom, tokrat o Poga\u010darju: Letos ga na dirkah ne bomo ve\u010d videli"},"content":{"rendered":"<p>    <img decoding=\"async\" data-lb-desktop=\"\/media\/2026\/09\/03\/860145\/Orig-profimedia-1128667491-1200.webp\" data-lb-mobile=\"\/media\/2026\/09\/03\/860145\/Orig-profimedia-1128667491-600.webp\" class=\"main-gallery-image se_image_lb\" src=\"https:\/\/www.europesays.com\/si\/wp-content\/uploads\/2026\/09\/Wide-profimedia-1128667491-1000.webp\" alt=\"11 Tadej Pogacar of UAE Team Emirates - XRG weating the leader red jersey during the La Vuelta Espana 2026 from Monaco to Granada, Stage 5 from Falset to Roquetes of 173km in Catalonia, on 26th of August, 2026 in Spain.,Image: 1128667491, License: Rights-managed, Restrictions: RESTRICTED TO EDITORIAL USE, Model Release: no \"\/><\/p>\n<p>Kolesarski svet se spra\u0161uje, kdaj bomo znova videli\u00a0 na delu Tadeja Poga\u010darja. Foto: Profimedia<\/p>\n<p>Zdravnica, ki je zadela z Vingegaardom, tokrat o Poga\u010darju: Letos ga na dirkah ne bomo ve\u010d videli<\/p>\n<p>Slovenski kolesarski as Tadej Poga\u010dar je po sobotnem hudem padcu na 81. dirki po \u0160paniji, kjer je utrpel pretres mo\u017eganov ter zlom klju\u010dnice in vratnega vretenca, v\u010deraj \u017ee zapustil bolni\u0161nico. \u0160e vedno pa je vpra\u0161anje, kdaj se bo vrnil na dirke.<\/p>\n<p>                        03. 09. 2026, 10.00\n                    <\/p>\n<p>                        <a href=\"https:\/\/google.com\/preferences\/source?q=dnevnik.si\" class=\"se-author-gps-cta\" target=\"_blank\" rel=\"nofollow noopener\"><br \/>\n                            <img decoding=\"async\" class=\"se-author-gps-cta-badge\" src=\"https:\/\/www.europesays.com\/si\/wp-content\/uploads\/2026\/09\/1788446475_727_dnevnik_gps_badge.png\" alt=\"Google Preferred Sources CTA\"\/><br \/>\n                        <\/a><\/p>\n<p>Po\u0161kodbe, ki jih je na dirki po \u0160paniji utrpel prvi kolesar sveta, so resne. A rehabilitacija \u0161portnikov obi\u010dajno poteka veliko hitreje, kot \u00a0predpisujejo obi\u010dajne zdravni\u0161ke knjige. To je Tadej Poga\u010dar dokazal tudi \u017ee sam leta 2023, ko si je 22. aprila na dirki Liege\u2013Bastogne\u2013\u200bLiege\u00a0zlomil zapestje, 1. julija istega leta pa je bil odli\u010dno pripravljen na startu dirke po Franciji v Bilbau.\u00a0<\/p>\n<p>Za mnoge neverjeten\u00a0podvig, a za Dnevnik je nekaj takega \u017ee na dan padca takrat napovedal priznani slovenski kirurg Jani P\u0161enica.\u00a0\u00bbNavadno rehabilitacija tak\u0161ne po\u0161kodbe traja pol leta, ker pa govorimo o Tadeju Poga\u010darju, bo najverjetneje za Tour pripravljen,\u00ab je <a href=\"https:\/\/www.dnevnik.si\/sport\/kolesarstvo\/spomenik-liege-bastogne-liege-zlom-zapestja-ustavil-pohod-pogacarja-2068376\/\" target=\"_blank\" rel=\"nofollow noopener\">ekskluzivno za Dnevnik<\/a> po\u0161kodbo komentiral priznani kirurg\u00a0primarij Janez P\u0161enica, dr. med.<\/p>\n<p>        <img decoding=\"async\" data-lb-desktop=\"\/media\/2026\/09\/03\/860146\/Orig-1384245-1200.webp\" data-lb-mobile=\"\/media\/2026\/09\/03\/860146\/Orig-1384245-600.webp\" class=\"se_image se_image_lb\" src=\"https:\/\/www.europesays.com\/si\/wp-content\/uploads\/2026\/09\/Orig-1384245-1000.webp\" alt=\"\ufeffdirektorica ZD Kranj Lilijana Gantar \u017dura- 04.03.2021 \u2013 Kranj - Epidemija koronavirus COVID-19 v Sloveniji \u2013 cepljenje starostnikov proti bolezni covid-19FOTO: Jaka GasarOPOMBA \u2013 REPORTA\u017dA ZA OBJEKTIV 2021\"\/><\/p>\n<p>Lili Gantar \u017dura, dr. med., spec. spl. in urg. med., ima \u0161tevilne izku\u0161nje s po\u0161kodbami \u0161portnikov, zato svoje ocene podaja tudi iz znanja, ki ga je pridobila v praksi. Foto: Jaka Gasar<\/p>\n<p>\u200b\u200b\u0160e\u00a0bolj se je s svojo napovedjo leto pozneje izkazala\u00a0Lili Gantar \u017dura, dr. med., spec. spl. in urg. med.,\u00a0\u200bki\u00a0se nam je oglasila po hudem padcu elitnih kolesarjev na dirki po Baskiji. Gantar-\u017durova\u00a0\u00a0je kljub izjemno kratkemu \u010dasu na voljo za okrevanje napovedala, da bo Jonas Vingegaard\u00a0istega leta na dirki po Franciji ogro\u017eal slovenskega \u0161ampiona. \u010ceprav ji v tistem trenutku ni verjelo veliko ljudi, so se njene besede izkazale za resni\u010dne in Danec je dirko po Franciji leta 2024 kon\u010dal na drugem mestu, \u00a0za Tadejem Poga\u010darjem.<\/p>\n<p>    <a class=\"se-card__wrap se-card--link\" href=\"https:\/\/www.dnevnik.si\/sport\/kolesarstvo\/spektakel-na-touru-zaradi-padca-ni-ogrozen-2124160\/\" data-upscore-url=\"\" rel=\"nofollow noopener\" target=\"_blank\"><\/p>\n<p>        <img decoding=\"async\" class=\"se-image se-image--card\" src=\"https:\/\/www.europesays.com\/si\/wp-content\/uploads\/2026\/09\/Wide-3-Trainingsbeeld_shirt_2024-400.webp\" alt=\"Jonas Vingegaard \"\/><\/p>\n<p>Kolesarstvo \/ Dirka po Baskiji<\/p>\n<p>Spektakel na Touru zaradi padca ni ogro\u017een<\/p>\n<p>    <\/a><\/p>\n<p>Dolgoletna direktorica kranjskega zdravstvenega doma, ki ima \u0161tevilne izku\u0161nje s hudimi po\u0161kodbami \u0161portnikov, se je za Dnevnik oglasila tudi tokrat. Na \u017ealost vseh navija\u010dev\u00a0s trditvami, druga\u010dnimi od pri\u010dakovanj.\u00a0\u00bbMislim, da Tadeja letos na dirkah ne bomo ve\u010d videli,\u00ab nam je hitro odgovorila na glavno vpra\u0161anje pogovora.<\/p>\n<p>Natan\u010dnih po\u0161kodb ne pozna<\/p>\n<p>\u00bbTe\u017eko je komentirati, ker ne poznam natan\u010dnih diagnoz po\u0161kodbe. Zlom klju\u010dnice tukaj seveda ne predstavlja problema, te\u017eavnej\u0161a sta \u00a0pretres mo\u017eganov in zlom vretenca. A tu se mi poraja vpra\u0161anje, za kak\u0161en zlom gre. Predvidevam, da ne gre za neki nevaren zlom, ko bi vretence\u00a0lahko zaradi premika pritiskalo na hrbtenja\u010do, saj bi ga druga\u010de takoj imobilizirali.\u00a0 Vseeno \u00a0govorimo o resnih po\u0161kodbah, ki za rehabilitacijo potrebujejo \u010das. Moje mnenje tokrat je, da Tadej Poga\u010dar letos ne bo ve\u010d tekmoval in si bo do konca leta pozdravil vse po\u0161kodbe, nato pa se pripravil na novo sezono,\u00ab je jasna specialistka urgentne medicine.\u00a0<\/p>\n<p>\u017de skoraj na koncu pogovora pa je vseeno sledil zelo znani ampak \u2026 \u00bbVse, kar sem povedala, je \u00a0moje mnenje. Vsi pa dobro poznamo Tadeja in \u0161portnike nasploh. Pri njih vsa pravila \u010dasa rehabilitacije ne veljajo in ta obi\u010dajno poteka veliko hitreje. \u0160portniki so enostavno pripravljeni narediti ve\u010d, da se lahko vrnejo na tekmovanja,\u00ab \u00a0je tudi sama pustila odstotek ali dva mo\u017enosti, da dale\u010d najbolj\u0161ega kolesarja na svetu na delu znova vidimo \u017ee letos.<\/p>\n","protected":false},"excerpt":{"rendered":"Kolesarski svet se spra\u0161uje, kdaj bomo znova videli\u00a0 na delu Tadeja Poga\u010darja. Foto: Profimedia Zdravnica, ki je zadela&hellip;\n","protected":false},"author":2,"featured_media":214229,"comment_status":"","ping_status":"","sticky":false,"template":"","format":"standard","meta":{"footnotes":"","_share_on_mastodon":"0"},"categories":[16],"tags":[618,52339,52338,816,5388,62,37,58,60,38,94,93,1874],"class_list":["post-214228","post","type-post","status-publish","format-standard","has-post-thumbnail","category-sport","tag-kolesarstvo","tag-lili-gantar-zura","tag-lilijana-gantar-zura","tag-poskodba","tag-rehabilitacija","tag-si","tag-slovene","tag-slovenia","tag-slovenija","tag-slovenscina","tag-sport","tag-sports","tag-tadej-pogacar"],"share_on_mastodon":{"url":"https:\/\/pubeurope.com\/@si\/117207635570039995","error":""},"_links":{"self":[{"href":"https:\/\/www.europesays.com\/si\/wp-json\/wp\/v2\/posts\/214228","targetHints":{"allow":["GET"]}}],"collection":[{"href":"https:\/\/www.europesays.com\/si\/wp-json\/wp\/v2\/posts"}],"about":[{"href":"https:\/\/www.europesays.com\/si\/wp-json\/wp\/v2\/types\/post"}],"author":[{"embeddable":true,"href":"https:\/\/www.europesays.com\/si\/wp-json\/wp\/v2\/users\/2"}],"replies":[{"embeddable":true,"href":"https:\/\/www.europesays.com\/si\/wp-json\/wp\/v2\/comments?post=214228"}],"version-history":[{"count":0,"href":"https:\/\/www.europesays.com\/si\/wp-json\/wp\/v2\/posts\/214228\/revisions"}],"wp:featuredmedia":[{"embeddable":true,"href":"https:\/\/www.europesays.com\/si\/wp-json\/wp\/v2\/media\/214229"}],"wp:attachment":[{"href":"https:\/\/www.europesays.com\/si\/wp-json\/wp\/v2\/media?parent=214228"}],"wp:term":[{"taxonomy":"category","embeddable":true,"href":"https:\/\/www.europesays.com\/si\/wp-json\/wp\/v2\/categories?post=214228"},{"taxonomy":"post_tag","embeddable":true,"href":"https:\/\/www.europesays.com\/si\/wp-json\/wp\/v2\/tags?post=214228"}],"curies":[{"name":"wp","href":"https:\/\/api.w.org\/{rel}","templated":true}]}}