{"id":214246,"date":"2026-09-03T15:03:13","date_gmt":"2026-09-03T15:03:13","guid":{"rendered":"https:\/\/www.europesays.com\/si\/214246\/"},"modified":"2026-09-03T15:03:13","modified_gmt":"2026-09-03T15:03:13","slug":"z-robotskim-sesalnikom-posnel-golo-zeno-z-ljubimcem-in-sam-pristal-za-zapahi","status":"publish","type":"post","link":"https:\/\/www.europesays.com\/si\/214246\/","title":{"rendered":"Z robotskim sesalnikom posnel golo \u017eeno z ljubimcem in sam pristal za zapahi"},"content":{"rendered":"<p>    <img decoding=\"async\" data-lb-desktop=\"\/media\/2026\/09\/02\/859888\/Orig-1212266-1200.webp\" data-lb-mobile=\"\/media\/2026\/09\/02\/859888\/Orig-1212266-600.webp\" class=\"main-gallery-image se_image_lb\" src=\"https:\/\/www.europesays.com\/si\/wp-content\/uploads\/2026\/09\/Wide-1212266-1000.webp\" alt=\"Varnostnik ga je zalotil pri kraji robotskega sesalnika.\"\/><\/p>\n<p>Tajvanec je s sesalnikom posnel \u017eeno, ki ga je varala. Fotografija je simboli\u010dna: iRobot<\/p>\n<p>Z robotskim sesalnikom posnel golo \u017eeno z ljubimcem in sam pristal za zapahi<\/p>\n<p>Tajvanec je z robotskim sesalnikom posnel \u017eeno, ki ga je varala z drugim mo\u0161kim. V civilni to\u017ebi so mu odredili od\u0161kodnino. Nato pa so ga zaradi prikritega snemanja obsodili na petmese\u010dno zaporno kazen.<\/p>\n<p>                        03. 09. 2026, 06.40\n                    <\/p>\n<p> tak\n                    <\/p>\n<p>                        <a href=\"https:\/\/google.com\/preferences\/source?q=dnevnik.si\" class=\"se-author-gps-cta\" target=\"_blank\" rel=\"nofollow noopener\"><br \/>\n                            <img decoding=\"async\" class=\"se-author-gps-cta-badge\" src=\"https:\/\/www.europesays.com\/si\/wp-content\/uploads\/2026\/09\/1788447792_541_dnevnik_gps_badge.png\" alt=\"Google Preferred Sources CTA\"\/><br \/>\n                        <\/a><\/p>\n<p>Tajvanec, sumni\u010dav, da ga \u017eena vara, je prek mobilne aplikacije na daljavo aktiviral robotski sesalnik, da je ta posnel dogajanje doma. Kasneje je sicer navajal, da je prek robota takrat sprva le \u017eelel govoriti z \u017eeno, ko pa je v stanovanju opazil drugega mo\u0161kega, je dogajanje posnel.<\/p>\n<p>Prejel od\u0161kodnino<\/p>\n<p>Po poro\u010danju lokalnih portalov in \u010dasnika South China Morning Post je kamera ujela njegovo golo \u017eeno v dru\u017ebi ljubimca. V civilni to\u017ebi ju je preganjal zaradi kr\u0161enja njegovih zakonskih pravic, sodi\u0161\u010de pa mu je odredilo okoli 13.500 evrov od\u0161kodnine.<\/p>\n<p>    <a class=\"se-card__wrap se-card--link\" href=\"https:\/\/www.dnevnik.si\/nedeljski\/prosti-cas\/zdravje\/pozabite-na-zakajene-motelske-sobe-sodobna-skusnjava-je-oddaljena-samo-en-klik-2809956\/\" data-upscore-url=\"\" rel=\"nofollow noopener\" target=\"_blank\"><\/p>\n<p>        <img decoding=\"async\" class=\"se-image se-image--card\" src=\"https:\/\/www.europesays.com\/si\/wp-content\/uploads\/2026\/09\/Wide-iStock-2183543826-400.webp\" alt=\"Infidelity. Wife Catching Cheating Husband Texting On Cellphone With Another Woman Sitting On Sofa At Home. Selective Focus \/ Foto: Prostock-studio Getty Images\"\/><\/p>\n<p>O nezvestobi in varanju, 1. del<\/p>\n<p>Pozabite na zakajene motelske sobe \u2013 sodobna sku\u0161njava je oddaljena samo en klik<\/p>\n<p>    <\/a><\/p>\n<p>Kr\u0161enje pravice do zasebnosti<\/p>\n<p>To\u017ebo zoper njega pa je potem vlo\u017eila tudi \u017eena. Obto\u017eila ga je snemanja brez njene privolitve. Po poro\u010danju lokalnih televizij TVBS in FTV News je priznal, da je sesalnik vklju\u010dil na daljavo in snemal, a da naj bi to storil le zaradi zbiranja dokazov za civilno to\u017ebo. Sodi\u0161\u010de je odlo\u010dilo, da je pravica posameznika do zasebnosti nad obveznosti med zakonci, ter ga zaradi snemanja \u017eene brez privolitve obsodilo na pet mesecev zapora.<\/p>\n<p>    <a class=\"se-card__wrap se-card--link\" href=\"https:\/\/www.dnevnik.si\/nedeljski\/prosti-cas\/resila-mu-je-zivljenje-on-pa-jo-je-le-nekaj-mesecev-pozneje-prevaral-2776898\/\" data-upscore-url=\"\" rel=\"nofollow noopener\" target=\"_blank\"><\/p>\n<p>        <img decoding=\"async\" class=\"se-image se-image--card\" src=\"https:\/\/www.europesays.com\/si\/wp-content\/uploads\/2026\/09\/Wide-AF3FA4C2-788A-4A5E-AAF4-3334CAD2B0CC-400.webp\" alt=\"Varanje. Foto: Reuters\/Alamy\"\/><\/p>\n<p>viralna zgodba<\/p>\n<p>Re\u0161ila mu je \u017eivljenje, on pa jo je le nekaj mesecev pozneje prevaral<\/p>\n<p>    <\/a><\/p>\n<p>V obrazlo\u017eitvi sodbe so na sodi\u0161\u010du pojasnili, da je mo\u0161ki prek aplikacije dogajanje doma lahko spremljal v \u017eivo, za snemanje pa je moral vklju\u010diti posebno funkcijo.<\/p>\n<p>V tistem trenutku je sesalnik sicer izdal opozorilo, a dokazov, da bi ga \u017eena sli\u0161ala in s tem privolila v snemanje, ni bilo.<\/p>\n","protected":false},"excerpt":{"rendered":"Tajvanec je s sesalnikom posnel \u017eeno, ki ga je varala. Fotografija je simboli\u010dna: iRobot Z robotskim sesalnikom posnel&hellip;\n","protected":false},"author":2,"featured_media":214247,"comment_status":"","ping_status":"","sticky":false,"template":"","format":"standard","meta":{"footnotes":"","_share_on_mastodon":"0"},"categories":[8],"tags":[6801,52341,37,38,52343,64,2887,63,52342],"class_list":["post-214246","post","type-post","status-publish","format-standard","has-post-thumbnail","category-svet","tag-nezakonito-snemanje","tag-pravica-do-zasebnosti","tag-slovene","tag-slovenscina","tag-snemanje-z-robotskim-sesalnikom","tag-svet","tag-tajvan","tag-world","tag-zena-varala-moza"],"share_on_mastodon":{"url":"https:\/\/pubeurope.com\/@si\/117207722232393164","error":""},"_links":{"self":[{"href":"https:\/\/www.europesays.com\/si\/wp-json\/wp\/v2\/posts\/214246","targetHints":{"allow":["GET"]}}],"collection":[{"href":"https:\/\/www.europesays.com\/si\/wp-json\/wp\/v2\/posts"}],"about":[{"href":"https:\/\/www.europesays.com\/si\/wp-json\/wp\/v2\/types\/post"}],"author":[{"embeddable":true,"href":"https:\/\/www.europesays.com\/si\/wp-json\/wp\/v2\/users\/2"}],"replies":[{"embeddable":true,"href":"https:\/\/www.europesays.com\/si\/wp-json\/wp\/v2\/comments?post=214246"}],"version-history":[{"count":0,"href":"https:\/\/www.europesays.com\/si\/wp-json\/wp\/v2\/posts\/214246\/revisions"}],"wp:featuredmedia":[{"embeddable":true,"href":"https:\/\/www.europesays.com\/si\/wp-json\/wp\/v2\/media\/214247"}],"wp:attachment":[{"href":"https:\/\/www.europesays.com\/si\/wp-json\/wp\/v2\/media?parent=214246"}],"wp:term":[{"taxonomy":"category","embeddable":true,"href":"https:\/\/www.europesays.com\/si\/wp-json\/wp\/v2\/categories?post=214246"},{"taxonomy":"post_tag","embeddable":true,"href":"https:\/\/www.europesays.com\/si\/wp-json\/wp\/v2\/tags?post=214246"}],"curies":[{"name":"wp","href":"https:\/\/api.w.org\/{rel}","templated":true}]}}