{"id":214254,"date":"2026-09-03T15:18:12","date_gmt":"2026-09-03T15:18:12","guid":{"rendered":"https:\/\/www.europesays.com\/si\/214254\/"},"modified":"2026-09-03T15:18:12","modified_gmt":"2026-09-03T15:18:12","slug":"melonijeva-udarila-po-italijanskih-plazah-konec-desetletnih-privilegijev","status":"publish","type":"post","link":"https:\/\/www.europesays.com\/si\/214254\/","title":{"rendered":"Melonijeva udarila po italijanskih pla\u017eah: konec desetletnih privilegijev"},"content":{"rendered":"<p>Predstavnik italijanskih upravljavcev kopali\u0161\u010d Enrico Schiappapietra je spremembo primerjal s prehodom \u00bbiz gostilne v fast food\u00ab.<\/p>\n<p><img decoding=\"async\" class=\"articlePicture_image__om2Oc\" src=\"https:\/\/www.europesays.com\/si\/wp-content\/uploads\/2026\/09\/3715221.width-660.format-webp.webp\" alt=\"Primer Rimini: maja je vrhovno sodi\u0161\u010de zavrnilo prito\u017ebo 22 upravljavcev iz Riminija. Tako \u0161e naprej velja odlo\u010ditev o koncu avtomati\u010dnega podalj\u0161anja. FOTO:\u00a0 Reuters\" img_id=\"15062142\"\/><\/p>\n<p> Galerija<\/p>\n<p>Primer Rimini: maja je vrhovno sodi\u0161\u010de zavrnilo prito\u017ebo 22 upravljavcev iz Riminija. Tako \u0161e naprej velja odlo\u010ditev o koncu avtomati\u010dnega podalj\u0161anja. FOTO:\u00a0 Reuters<\/p>\n<p>\u010ce ste bili kdaj na dopustu v Riminiju, poznate tipi\u010dno italijansko pla\u017eo z dolgimi vrstami sen\u010dnikov in le\u017ealnikov, za katere je treba od\u0161teti od 20 do 40 evrov na dan, v prvi vrsti ob morju \u0161e precej ve\u010d. Italijanska obala je javna, vendar je velik del oddan zasebnim upravljavcem. Zdaj dr\u017eava ta sistem spreminja. Po desetletjih, ko so koncesije pogosto prehajale iz roda v rod, bo o tem, kdo bo upravljal najbolj\u0161e dele obale, namesto tradicije odlo\u010dal razpis.<br \/>\nBolkesteinova\u00a0direktiva<br \/>\n\u010ceprav pla\u010dljiva kopali\u0161\u010da obstajajo po vsej Evropi, se sistem nikjer ni tako raz\u0161iril kot v Italiji, so zapisali za revijo Monocle. Koncesionarji pla\u010dujejo dr\u017eavi razmeroma nizke pristojbine, ki skupaj v povpre\u010dju zna\u0161ajo okoli 100 milijonov evrov na leto, \u010deprav zasedajo prvovrstna javna zemlji\u0161\u010da. \u010ceprav &#8230;<\/p>\n","protected":false},"excerpt":{"rendered":"Predstavnik italijanskih upravljavcev kopali\u0161\u010d Enrico Schiappapietra je spremembo primerjal s prehodom \u00bbiz gostilne v fast food\u00ab. Galerija Primer&hellip;\n","protected":false},"author":2,"featured_media":214255,"comment_status":"","ping_status":"","sticky":false,"template":"","format":"standard","meta":{"footnotes":"","_share_on_mastodon":"0"},"categories":[16],"tags":[1018,2716,18586,5200,1139,62,37,58,60,38,94,93,488],"class_list":["post-214254","post","type-post","status-publish","format-standard","has-post-thumbnail","category-sport","tag-italija","tag-javni-razpis","tag-koncesije","tag-plaza","tag-razpis","tag-si","tag-slovene","tag-slovenia","tag-slovenija","tag-slovenscina","tag-sport","tag-sports","tag-turizem"],"share_on_mastodon":{"url":"https:\/\/pubeurope.com\/@si\/117207781296695155","error":""},"_links":{"self":[{"href":"https:\/\/www.europesays.com\/si\/wp-json\/wp\/v2\/posts\/214254","targetHints":{"allow":["GET"]}}],"collection":[{"href":"https:\/\/www.europesays.com\/si\/wp-json\/wp\/v2\/posts"}],"about":[{"href":"https:\/\/www.europesays.com\/si\/wp-json\/wp\/v2\/types\/post"}],"author":[{"embeddable":true,"href":"https:\/\/www.europesays.com\/si\/wp-json\/wp\/v2\/users\/2"}],"replies":[{"embeddable":true,"href":"https:\/\/www.europesays.com\/si\/wp-json\/wp\/v2\/comments?post=214254"}],"version-history":[{"count":0,"href":"https:\/\/www.europesays.com\/si\/wp-json\/wp\/v2\/posts\/214254\/revisions"}],"wp:featuredmedia":[{"embeddable":true,"href":"https:\/\/www.europesays.com\/si\/wp-json\/wp\/v2\/media\/214255"}],"wp:attachment":[{"href":"https:\/\/www.europesays.com\/si\/wp-json\/wp\/v2\/media?parent=214254"}],"wp:term":[{"taxonomy":"category","embeddable":true,"href":"https:\/\/www.europesays.com\/si\/wp-json\/wp\/v2\/categories?post=214254"},{"taxonomy":"post_tag","embeddable":true,"href":"https:\/\/www.europesays.com\/si\/wp-json\/wp\/v2\/tags?post=214254"}],"curies":[{"name":"wp","href":"https:\/\/api.w.org\/{rel}","templated":true}]}}