{"id":214290,"date":"2026-09-03T16:01:15","date_gmt":"2026-09-03T16:01:15","guid":{"rendered":"https:\/\/www.europesays.com\/si\/214290\/"},"modified":"2026-09-03T16:01:15","modified_gmt":"2026-09-03T16:01:15","slug":"vesner-ticic-okrepil-celje-koderman-znova-v-ljudskem-vrtu-2","status":"publish","type":"post","link":"https:\/\/www.europesays.com\/si\/214290\/","title":{"rendered":"Ve\u0161ner Ti\u010di\u0107 okrepil Celje, Koderman znova v Ljudskem vrtu"},"content":{"rendered":"<p><a id=\"preferredSourceBanner\" href=\"https:\/\/www.rtvslo.si\/sport\/nogomet\/prva-liga\/vesner-ticic-okrepil-celje-koderman-znova-v-ljudskem-vrtu\/javascript:void(0)\" target=\"_blank\" class=\"d-none align-items-center justify-content-between rounded my-3\" style=\"padding: 10px 15px;\" rel=\"nofollow noopener\"><br \/>\n\t\t\t\t\t\t<img decoding=\"async\" src=\"https:\/\/img.rtvslo.si\/_static\/novi\/img\/ico-google.svg\" class=\"flex-shrink-0 mr-3\" aria-hidden=\"true\"\/><br \/>\n\t\t\t\t\t\tSpremljajte RTVSLO.si kot prednostni vir na Google<\/p>\n<p>\t\t\t\t\t<\/a><\/p>\n<p>Celjani so dosegli dogovor z ruskim klubom Pari Ni\u017enij Novgorod za prestop 25-letnega vezista Ve\u0161nerja Ti\u010di\u0107a. Z grofi je sklenil triletno pogodbo do 30. junija 2029, so potrdili v kne\u017ejem mestu.<\/p>\n<p>Oglas<\/p>\n<p>Ve\u0161ner Ti\u010di\u0107 je stari znanec slovenskih nogometnih zelenic. V treh sezonah je za Koper zbral ve\u010d kot sto nastopov v vseh tekmovanjih, dosegel pet zadetkov in prispeval 13 asistenc. S Koprom se je veselil pokalne lovorike ter se prebil vse do \u010dlanske reprezentance, za katero je debitiral konec januarja 2024 na tekmi proti ZDA. Po prestopu v Rusijo je v zadnjih dveh sezonah za ruski klub zaigral na 58 tekmah, zdaj pa se vra\u010da v Slovenijo.<\/p>\n<p>\t\t\t\t\t\t\t\t<a href=\"https:\/\/www.europesays.com\/si\/wp-content\/uploads\/2026\/09\/1788451274_671_67091853.jpg\" itemprop=\"contentUrl\" data-size=\"1200x800\" data-large=\"https:\/\/www.europesays.com\/si\/wp-content\/uploads\/2026\/09\/1788451274_671_67091853.jpg\"><br \/>\n\t\t\t\t\t\t\t\t\t<img decoding=\"async\" src=\"https:\/\/www.europesays.com\/si\/wp-content\/uploads\/2026\/09\/1788451274_671_67091853.jpg\" title=\"Luka Ve\u0161ner Ti\u010di\u0107. Foto: www.alesfevzer.com\" alt=\"Luka Ve\u0161ner Ti\u010di\u0107. Foto: www.alesfevzer.com\"\/><br \/>\n\t\t\t\t\t\t\t\t<\/a><\/p>\n<p>\t\t\t\t\t\t\t\t\tLuka Ve\u0161ner Ti\u010di\u0107. Foto: www.alesfevzer.com<\/p>\n<p>Koderman je z Mariborom podpisal triletno pogodbo, ob za\u010detku nove zgodbe v vijoli\u010dastem pa si je izbral dres s \u0161tevilko 21, so v mariborskem klubu potrdili na spletni strani.<\/p>\n<p>&#8220;Vra\u010damo fanta iz na\u0161e nogometne \u0161ole, ki je zelo hitro dobil prilo\u017enost v prvi ekipi. Zahteve in pritisk v Mariboru poleg nadarjenosti, ki ni vpra\u0161ljiva, zahtevajo tudi ustrezno zrelost in pri ve\u010dini mladih je prav to pogosto najve\u010dji izziv,&#8221; je kadrovsko potezo predstavil \u0161portni direktor Zlatko Zahovi\u0107.<\/p>\n<p>23-letnik je v Mariboru prehodil pot od selekcije U15 do \u010dlanskega mo\u0161tva, zdaj, 109 tekem pozneje na drugih slovenskih prvoliga\u0161kih postajah, pa zaostruje konkurenco na bo\u010dnih polo\u017eajih.<\/p>\n<p>Trenutna vrednost Kodermana, ocenjena na portalu Transfermarkt, zna\u0161a 400.000 evrov.<\/p>\n<p>\t\t\t\t\t\t\t\t<a href=\"https:\/\/www.europesays.com\/si\/wp-content\/uploads\/2026\/09\/1788451275_18_67091844.jpg\" itemprop=\"contentUrl\" data-size=\"1200x800\" data-large=\"https:\/\/www.europesays.com\/si\/wp-content\/uploads\/2026\/09\/1788451275_18_67091844.jpg\"><br \/>\n\t\t\t\t\t\t\t\t\t<img decoding=\"async\" src=\"https:\/\/www.europesays.com\/si\/wp-content\/uploads\/2026\/09\/1788451275_18_67091844.jpg\" title=\"Vid Koderman maja proti novim soigralcem Maribor\u010danom. Foto: www.alesfevzer.com\" alt=\"Vid Koderman maja proti novim soigralcem Maribor\u010danom. Foto: www.alesfevzer.com\"\/><br \/>\n\t\t\t\t\t\t\t\t<\/a><\/p>\n<p>\t\t\t\t\t\t\t\t\tVid Koderman maja proti novim soigralcem Maribor\u010danom. Foto: www.alesfevzer.com<\/p>\n<p>Oglas<\/p>\n","protected":false},"excerpt":{"rendered":"Spremljajte RTVSLO.si kot prednostni vir na Google Celjani so dosegli dogovor z ruskim klubom Pari Ni\u017enij Novgorod za&hellip;\n","protected":false},"author":2,"featured_media":214291,"comment_status":"","ping_status":"","sticky":false,"template":"","format":"standard","meta":{"footnotes":"","_share_on_mastodon":"0"},"categories":[23],"tags":[162,52307,150,264,62,37,58,60,38,52306],"class_list":["post-214290","post","type-post","status-publish","format-standard","has-post-thumbnail","category-celje","tag-celje","tag-luka-vesner-ticic","tag-maribor","tag-nogomet","tag-si","tag-slovene","tag-slovenia","tag-slovenija","tag-slovenscina","tag-vid-koderman"],"share_on_mastodon":{"url":"https:\/\/pubeurope.com\/@si\/117207950203991747","error":""},"_links":{"self":[{"href":"https:\/\/www.europesays.com\/si\/wp-json\/wp\/v2\/posts\/214290","targetHints":{"allow":["GET"]}}],"collection":[{"href":"https:\/\/www.europesays.com\/si\/wp-json\/wp\/v2\/posts"}],"about":[{"href":"https:\/\/www.europesays.com\/si\/wp-json\/wp\/v2\/types\/post"}],"author":[{"embeddable":true,"href":"https:\/\/www.europesays.com\/si\/wp-json\/wp\/v2\/users\/2"}],"replies":[{"embeddable":true,"href":"https:\/\/www.europesays.com\/si\/wp-json\/wp\/v2\/comments?post=214290"}],"version-history":[{"count":0,"href":"https:\/\/www.europesays.com\/si\/wp-json\/wp\/v2\/posts\/214290\/revisions"}],"wp:featuredmedia":[{"embeddable":true,"href":"https:\/\/www.europesays.com\/si\/wp-json\/wp\/v2\/media\/214291"}],"wp:attachment":[{"href":"https:\/\/www.europesays.com\/si\/wp-json\/wp\/v2\/media?parent=214290"}],"wp:term":[{"taxonomy":"category","embeddable":true,"href":"https:\/\/www.europesays.com\/si\/wp-json\/wp\/v2\/categories?post=214290"},{"taxonomy":"post_tag","embeddable":true,"href":"https:\/\/www.europesays.com\/si\/wp-json\/wp\/v2\/tags?post=214290"}],"curies":[{"name":"wp","href":"https:\/\/api.w.org\/{rel}","templated":true}]}}