{"id":214316,"date":"2026-09-03T16:34:12","date_gmt":"2026-09-03T16:34:12","guid":{"rendered":"https:\/\/www.europesays.com\/si\/214316\/"},"modified":"2026-09-03T16:34:12","modified_gmt":"2026-09-03T16:34:12","slug":"putin-nimamo-potrebe-po-dodatni-mobilizaciji","status":"publish","type":"post","link":"https:\/\/www.europesays.com\/si\/214316\/","title":{"rendered":"Putin: Nimamo potrebe po dodatni mobilizaciji"},"content":{"rendered":"<p>Rusija trenutno nima potrebe po dodatni voja\u0161ki mobilizaciji, je danes v Vladivostoku izjavil ruski predsednik Vladimir Putin. Navedbe o novi mobilizaciji je ozna\u010dil za ukrajinske dezinformacije, poro\u010da francoska tiskovna agencija AFP.<\/p>\n<p>Putin je delno mobilizacijo rezervistov zadnji\u010d odredil ve\u010d mesecev po za\u010detku ofenzive v Ukrajini, potem ko je ruska vojska na boji\u0161\u010dih do\u017eivela serijo voja\u0161kih neuspehov.<\/p>\n<p>Putin:\u00a0Danes ni nobenega scenarija, ki bi terjal mobilizacijo<\/p>\n<p>Po navedbah Kremlja se je vpoklic takrat nana\u0161al na zgolj 300 tiso\u010d prebivalcev. Vendar pa je poteza spro\u017eila mno\u017ei\u010den odhod mo\u0161kih, primernih za vojsko, iz dr\u017eave, poro\u010da AFP. &#8220;Danes ni nobenega scenarija, ki bi terjal mobilizacijo,&#8221; je ruski predsednik Putin izjavil na plenarnem zasedanju Vzhodnega gospodarskega foruma v Vladivostoku.<\/p>\n<p>&#8220;To je sovra\u017enikova dezinformacijska kampanja v \u010dasu pred volitvami v dumo, katere cilj je vplivati na izid,&#8221; je zatrdil. Parlamentarne volitve v Rusiji bodo potekale ta mesec. Kremelj je sicer \u017ee ve\u010dkrat zanikal informacije, da na\u010drtuje mobilizacijo.<\/p>\n<p>Zelenski: Moskva na\u010drtuje nov val mobilizacij\u00a0<\/p>\n<p>Ukrajinski predsednik Volodimir Zelenski je julija zatrdil, da Moskva jeseni na\u010drtuje nov val mobilizacij zaradi izgub, ki jih je utrpela na fronti. Pri tem se je skliceval na obve\u0161\u010devalne podatke in interne ruske dokumente. Kijev se na dana\u0161nje Putinove izjave \u0161e ni odzval. Tudi ameri\u0161ki think-tank Institute for the Study of War je julija navedel, da se Moskva o\u010ditno pripravlja na nov val mobilizacij. Pri tem je izpostavil nedavno sprejeti zakon, ki ruski vojski dovoljuje, da v vojnem \u010dasu rekrutira tudi ve\u010d vrst obsojencev.<\/p>\n","protected":false},"excerpt":{"rendered":"Rusija trenutno nima potrebe po dodatni voja\u0161ki mobilizaciji, je danes v Vladivostoku izjavil ruski predsednik Vladimir Putin. Navedbe&hellip;\n","protected":false},"author":2,"featured_media":214317,"comment_status":"","ping_status":"","sticky":false,"template":"","format":"standard","meta":{"footnotes":"","_share_on_mastodon":"0"},"categories":[8],"tags":[16534,421,37,38,64,71,757,882,458,63],"class_list":["post-214316","post","type-post","status-publish","format-standard","has-post-thumbnail","category-svet","tag-mobilizacija","tag-rusija","tag-slovene","tag-slovenscina","tag-svet","tag-ukrajina","tag-vladimir-putin","tag-vojna","tag-volodimir-zelenski","tag-world"],"share_on_mastodon":{"url":"https:\/\/pubeurope.com\/@si\/117208079875615468","error":""},"_links":{"self":[{"href":"https:\/\/www.europesays.com\/si\/wp-json\/wp\/v2\/posts\/214316","targetHints":{"allow":["GET"]}}],"collection":[{"href":"https:\/\/www.europesays.com\/si\/wp-json\/wp\/v2\/posts"}],"about":[{"href":"https:\/\/www.europesays.com\/si\/wp-json\/wp\/v2\/types\/post"}],"author":[{"embeddable":true,"href":"https:\/\/www.europesays.com\/si\/wp-json\/wp\/v2\/users\/2"}],"replies":[{"embeddable":true,"href":"https:\/\/www.europesays.com\/si\/wp-json\/wp\/v2\/comments?post=214316"}],"version-history":[{"count":0,"href":"https:\/\/www.europesays.com\/si\/wp-json\/wp\/v2\/posts\/214316\/revisions"}],"wp:featuredmedia":[{"embeddable":true,"href":"https:\/\/www.europesays.com\/si\/wp-json\/wp\/v2\/media\/214317"}],"wp:attachment":[{"href":"https:\/\/www.europesays.com\/si\/wp-json\/wp\/v2\/media?parent=214316"}],"wp:term":[{"taxonomy":"category","embeddable":true,"href":"https:\/\/www.europesays.com\/si\/wp-json\/wp\/v2\/categories?post=214316"},{"taxonomy":"post_tag","embeddable":true,"href":"https:\/\/www.europesays.com\/si\/wp-json\/wp\/v2\/tags?post=214316"}],"curies":[{"name":"wp","href":"https:\/\/api.w.org\/{rel}","templated":true}]}}