{"id":214320,"date":"2026-09-03T16:36:10","date_gmt":"2026-09-03T16:36:10","guid":{"rendered":"https:\/\/www.europesays.com\/si\/214320\/"},"modified":"2026-09-03T16:36:10","modified_gmt":"2026-09-03T16:36:10","slug":"hrvati-se-zgrazajo-slavni-umetnik-z-elektricno-ograjo-zaprl-dostop-do-morja","status":"publish","type":"post","link":"https:\/\/www.europesays.com\/si\/214320\/","title":{"rendered":"Hrvati se zgra\u017eajo, slavni umetnik z elektri\u010dno ograjo zaprl dostop do morja"},"content":{"rendered":"<p>Na Hrva\u0161kem odmeva protizakonita poteza slavnega belgijskega re\u017eiserja, dramatika, koreografa in vizualnega umetnika <a href=\"https:\/\/www.delo.si\/tag\/jan-fabre\" target=\"_blank\" rel=\"nofollow noopener\">Jana Fabra<\/a>, ki je ve\u010dkrat v razli\u010dnih vlogah gostoval tudi v Sloveniji,\u00a0sicer pa je znan tudi po \u0161tevilnih kontroverznostih. Na otoku Vis je z elektri\u010dno ograjo ogradil objekt, katerega lastnik je, prav tako pa je z elektri\u010dno ograjo zaprl tudi dostop do morja, poro\u010da Jutarnji\u00a0list.<\/p>\n<p>Lu\u0161ka kapitanija in pomorska policija sta danes preverili stanje in potrdili protizakonito ograditev dostopa do morja. Del ograje je \u017ee odstranjen, Fabre pa je portalu Index.hr\u00a0navedel precej neobi\u010dajen razlog za postavitev:\u00a0\u00bbOgraja ni bila postavljena z namenom privatizacije obale ali prepre\u010devanja dostopa do morja. Njen namen je bil za\u0161\u010dititi posest pred kozami, ki se prosto gibljejo po tem obmo\u010dju, potem ko je bila lastnina v preteklosti \u017ee ve\u010dkrat po\u0161kodovana. Kljub temu razumemo, da sta polo\u017eaj ograje in njen elektri\u010dni del med ljudmi, ki obiskujejo zaliv, povzro\u010dila razumljivo zaskrbljenost.\u00ab\u00a0<\/p>\n<p>Postavitev elektri\u010dne ograje je prva opazila skupina, ki je raziskovala zalive.\u00a0\u00bbPri\u0161li smo do Vele \u010cavojnice, da bi se kopali. Ko smo se spu\u0161\u010dali proti zalivu, smo naleteli na pribli\u017eno 1,70 metra visoko ograjo, ki je dodatno obdana z \u017eico pod napetostjo. Ostali smo neprijetno presene\u010deni,\u00ab je napisala in se v nadaljevanju zapisa vpra\u0161ala, ali je to v skladu z zakonom. Dodala je, da elektri\u010dna ograja sega povsem do morja in da so se ob tem po\u010dutili neprijetno, poro\u010dajo hrva\u0161ki mediji.\u00a0<\/p>\n<p><img decoding=\"async\" class=\"article__img-tag-visible\" src=\"https:\/\/www.europesays.com\/si\/wp-content\/uploads\/2026\/09\/3716374.width-660.format-webp.webp\" alt=\"Jan Fabre je belgijski dramatik, re\u017eiser, koreograf in oblikovalec. FOTO:\u00a0Bla\u017e\u00a0Samec\" img_id=\"15063892\" data-img-id=\"15063892\"\/><\/p>\n<p>Jan Fabre je belgijski dramatik, re\u017eiser, koreograf in oblikovalec. FOTO:\u00a0Bla\u017e\u00a0Samec<\/p>\n<p>S pregledom in primerjavo fotografij ter informacij s stanjem v katastru je razvidno, da gre za objekt, katerega lastnik je omenjeni belgijski umetnik.<\/p>\n<p>Pravi, da ni poznal hrva\u0161kega zakona<\/p>\n<p>Med dana\u0161njim in\u0161pekcijskim nadzorom so naleteli na lastnika. Odredili so mu, naj ograjo\u00a0nemudoma odstrani. Fabre se je pred uradnimi osebami zagovarjal, da ni poznal zakonodaje Republike Hrva\u0161ke, ter obljubil, da jo bo odstranil v najkraj\u0161em mo\u017enem \u010dasu. Popoldan so poro\u010dali, da je del ograje \u017ee odstranjen.<\/p>\n<p>Iz splitske lu\u0161ke kapitanije so sicer sporo\u010dili, da bo lastniku izdana pisna odlo\u010dba o odstranitvi ograje, proti njemu pa bo zaradi nezakonitega ograjevanja pomorskega dobra vlo\u017een tudi predlog za uvedbo postopka o prekr\u0161ku.<\/p>\n<p>Fabre je sicer pomemben belgijski dramatik, re\u017eiser, koreograf in oblikovalec. Aprila leta 2022 je bil pogojno obsojen na 18 mesecev zapora zaradi spolnega nadlegovanja sodelavk. Veliko \u0161tevilo belgijskih umetnikov se je takrat postavilo na njegovo stran, saj so menili, da je bil Fabre v javnosti glede tega primera napa\u010dno predstavljen.<\/p>\n<p>Obsojen je bil pred kazenskim sodi\u0161\u010dem v Antwerpnu zaradi nasilja, nadlegovanja in\u00a0neprimernega spolnega vedenja na delovnem mestu ter zaradi spolnega napada na eno \u017eensko. Primer je pritegnil veliko javne pozornosti, saj so nekdanje plesalke in zaposlene v njegovi umetni\u0161ki skupini Troubleyn ve\u010d let govorile o zlorabi njegovega polo\u017eaja mo\u010di in neprimernem vedenju.<\/p>\n<p>Sodi\u0161\u010de je 29. aprila leta 2022 Fabra spoznalo za krivega kr\u0161itev zakonodaje o varstvu dobrega po\u010dutja na delovnem mestu v primeru \u0161estih \u017eensk, pri eni pa je ugotovilo tudi spolni napad, pri \u010demer so bile prisotne ote\u017eevalne okoli\u0161\u010dine, povezane z nasiljem, gro\u017enjami in njegovim polo\u017eajem mo\u010di. Del drugih obto\u017eb ni mogel biti predmet obsodbe, ker so bila nekatera dejanja \u017ee zastarana, pri eni obto\u017ebi pa je bil Fabre opro\u0161\u010den zaradi pomanjkanja dokazov.<\/p>\n<p>Obsojen je bil na 18 mesecev pogojnega zapora s petletno preizkusno dobo, kar pomeni, da mu ni bilo treba takoj v zapor, vendar bi lahko nova obsodba v tem obdobju privedla do izvr\u0161itve kazni. Poleg tega je za pet let izgubil dolo\u010dene dr\u017eavljanske pravice. Sodi\u0161\u010de je pri odmeri kazni upo\u0161tevalo ponavljajo\u010do se naravo njegovega vedenja, posledice za \u017ertve in dejstvo, da pred tem ni bil kaznovan.<\/p>\n<p>Primer se je za\u010del nekaj let prej. Leta 2018 so nekdanje zaposlene in plesalke iz Fabrove umetni\u0161ke skupine javno spregovorile o poni\u017eevanju, neprimernem spolnem vedenju in zlorabi avtoritete. Po tem je bil spro\u017een sodni postopek, v katerem je sodi\u0161\u010de obravnavalo navedbe ve\u010d \u017eensk.<\/p>\n<p>Fabre je med postopkom zanikal, da bi storil kazniva dejanja, njegovo odvetni\u0161tvo pa je zahtevalo oprostilno sodbo, poro\u010da Slobodna Dalmacija.<\/p>\n","protected":false},"excerpt":{"rendered":"Na Hrva\u0161kem odmeva protizakonita poteza slavnega belgijskega re\u017eiserja, dramatika, koreografa in vizualnega umetnika Jana Fabra, ki je ve\u010dkrat&hellip;\n","protected":false},"author":2,"featured_media":214321,"comment_status":"","ping_status":"","sticky":false,"template":"","format":"standard","meta":{"footnotes":"","_share_on_mastodon":"0"},"categories":[20],"tags":[2855,52360,32,585,52359,35,31,34,9915,36,37,38,864,2438,33,37230],"class_list":["post-214320","post","type-post","status-publish","format-standard","has-post-thumbnail","category-novice","tag-belgija","tag-elektricna-ograja","tag-headlines","tag-hrvaska","tag-jan-fabre","tag-najpomembnejse-novice","tag-news","tag-novice","tag-obsodba","tag-osrednje-novice","tag-slovene","tag-slovenscina","tag-sodisce","tag-spolno-nasilje","tag-top-stories","tag-vis"],"share_on_mastodon":{"url":"https:\/\/pubeurope.com\/@si\/117208087793817328","error":""},"_links":{"self":[{"href":"https:\/\/www.europesays.com\/si\/wp-json\/wp\/v2\/posts\/214320","targetHints":{"allow":["GET"]}}],"collection":[{"href":"https:\/\/www.europesays.com\/si\/wp-json\/wp\/v2\/posts"}],"about":[{"href":"https:\/\/www.europesays.com\/si\/wp-json\/wp\/v2\/types\/post"}],"author":[{"embeddable":true,"href":"https:\/\/www.europesays.com\/si\/wp-json\/wp\/v2\/users\/2"}],"replies":[{"embeddable":true,"href":"https:\/\/www.europesays.com\/si\/wp-json\/wp\/v2\/comments?post=214320"}],"version-history":[{"count":0,"href":"https:\/\/www.europesays.com\/si\/wp-json\/wp\/v2\/posts\/214320\/revisions"}],"wp:featuredmedia":[{"embeddable":true,"href":"https:\/\/www.europesays.com\/si\/wp-json\/wp\/v2\/media\/214321"}],"wp:attachment":[{"href":"https:\/\/www.europesays.com\/si\/wp-json\/wp\/v2\/media?parent=214320"}],"wp:term":[{"taxonomy":"category","embeddable":true,"href":"https:\/\/www.europesays.com\/si\/wp-json\/wp\/v2\/categories?post=214320"},{"taxonomy":"post_tag","embeddable":true,"href":"https:\/\/www.europesays.com\/si\/wp-json\/wp\/v2\/tags?post=214320"}],"curies":[{"name":"wp","href":"https:\/\/api.w.org\/{rel}","templated":true}]}}