{"id":214342,"date":"2026-09-03T16:52:08","date_gmt":"2026-09-03T16:52:08","guid":{"rendered":"https:\/\/www.europesays.com\/si\/214342\/"},"modified":"2026-09-03T16:52:08","modified_gmt":"2026-09-03T16:52:08","slug":"netanjahu-evropi-izrael-ne-bo-pozabil-kaj-ste-nam-storili-med-holokavstom","status":"publish","type":"post","link":"https:\/\/www.europesays.com\/si\/214342\/","title":{"rendered":"Netanjahu Evropi: Izrael ne bo pozabil, kaj ste nam storili med holokavstom"},"content":{"rendered":"<p>Izraelski premier Benjamin Netanjahu v lu\u010di vojne z Iranom znova svari vse evropske dr\u017eave in jih poziva, naj se pridru\u017eijo vojni proti Iranu. Ob tem je dejal, da &#8220;Izrael varuje Evropo&#8221;, a da &#8220;ne bo pozabil, kaj ste nam storili med holokavstom.&#8221;<\/p>\n<p>Izraelski premier Benjamin Netanjahu je v nagovoru 1. septembra znova pozval Evropo, naj se pridru\u017ei operacijam proti Iranu. Omenil je &#8220;globoko moralno \u0161ibkost&#8221; Evrope in izjavil,\u00a0da se mora Evropa veliko nau\u010diti o razlikovanju dobrega od zla v vojnem \u010dasu.<\/p>\n<p>&#8220;Varujemo Evropo. Evropo, ki je od holokavsta pozabila toliko stvari. Od nas se lahko veliko nau\u010di, \u0161e posebej najpomembnej\u0161ih stvari: razlike med dobrim in zlim, ki v trenutkih resnice zahteva vojno zaradi dobrega, zaradi \u017eivljenja.&#8221;<\/p>\n<p>Meni tudi, da Evropa izgublja nadzor nad svojo identiteto, svojimi vrednotami in svojo zavezanostjo varovanju civilizacije pred barbarstvom. &#8220;Evropa, ki se je po drugi svetovni vojni zaobljubila, da bo varovala dobro, je zdaj prizadeta zaradi globoke moralne \u0161ibkosti,&#8221; je Netanjahu dejal v govoru.\u00a0\u00a0<\/p>\n","protected":false},"excerpt":{"rendered":"Izraelski premier Benjamin Netanjahu v lu\u010di vojne z Iranom znova svari vse evropske dr\u017eave in jih poziva, naj&hellip;\n","protected":false},"author":2,"featured_media":214343,"comment_status":"","ping_status":"","sticky":false,"template":"","format":"standard","meta":{"footnotes":"","_share_on_mastodon":"0"},"categories":[8],"tags":[5954,66,333,2006,37,38,64,882,63],"class_list":["post-214342","post","type-post","status-publish","format-standard","has-post-thumbnail","category-svet","tag-benjamin-netanjahu","tag-evropa","tag-iran","tag-izrael","tag-slovene","tag-slovenscina","tag-svet","tag-vojna","tag-world"],"share_on_mastodon":{"url":"https:\/\/pubeurope.com\/@si\/117208150695198185","error":""},"_links":{"self":[{"href":"https:\/\/www.europesays.com\/si\/wp-json\/wp\/v2\/posts\/214342","targetHints":{"allow":["GET"]}}],"collection":[{"href":"https:\/\/www.europesays.com\/si\/wp-json\/wp\/v2\/posts"}],"about":[{"href":"https:\/\/www.europesays.com\/si\/wp-json\/wp\/v2\/types\/post"}],"author":[{"embeddable":true,"href":"https:\/\/www.europesays.com\/si\/wp-json\/wp\/v2\/users\/2"}],"replies":[{"embeddable":true,"href":"https:\/\/www.europesays.com\/si\/wp-json\/wp\/v2\/comments?post=214342"}],"version-history":[{"count":0,"href":"https:\/\/www.europesays.com\/si\/wp-json\/wp\/v2\/posts\/214342\/revisions"}],"wp:featuredmedia":[{"embeddable":true,"href":"https:\/\/www.europesays.com\/si\/wp-json\/wp\/v2\/media\/214343"}],"wp:attachment":[{"href":"https:\/\/www.europesays.com\/si\/wp-json\/wp\/v2\/media?parent=214342"}],"wp:term":[{"taxonomy":"category","embeddable":true,"href":"https:\/\/www.europesays.com\/si\/wp-json\/wp\/v2\/categories?post=214342"},{"taxonomy":"post_tag","embeddable":true,"href":"https:\/\/www.europesays.com\/si\/wp-json\/wp\/v2\/tags?post=214342"}],"curies":[{"name":"wp","href":"https:\/\/api.w.org\/{rel}","templated":true}]}}