{"id":214400,"date":"2026-09-03T17:29:07","date_gmt":"2026-09-03T17:29:07","guid":{"rendered":"https:\/\/www.europesays.com\/si\/214400\/"},"modified":"2026-09-03T17:29:07","modified_gmt":"2026-09-03T17:29:07","slug":"motorista-v-kamniku-na-tleh-obvladoval-policist-video","status":"publish","type":"post","link":"https:\/\/www.europesays.com\/si\/214400\/","title":{"rendered":"Motorista v Kamniku na tleh obvladoval policist #video"},"content":{"rendered":"<p>V eni od skupin na dru\u017ebenem omre\u017eju Facebook se je pojavil videoposnetek policijskega posredovanja v Kamniku. Na posnetku je videti, da policist na cesti na tleh obvladuje motorista. Ob tem so se v komentarjih pod posnetkom pojavili o\u010ditki o uporabi sile. Kot poro\u010da \u017durnal24, se je na kraju zbralo okoli deset policistov, obmo\u010dje pa so tudi ogradili s policijskim trakom.<\/p>\n<p>Prebivalec Kamnika je za \u017durnal24 povedal,\u00a0da na tem obmo\u010dju \u017ee dalj \u010dasa opa\u017eajo vo\u017enje s skuterji, kros motorji in predelanimi motornimi vozili, pri \u010demer nekateri vozniki povzro\u010dajo prekomeren hrup, vozijo po zadnjem kolesu in celo izzivajo policiste.<\/p>\n<p>Komentatorji so pod objavljenim posnetkom izpostavili, da je policist uporabil preveliko silo, prebivalec pa je za omenjeni portal dejal, da je prav, da so kon\u010dno ukrepali.\u00a0<\/p>\n<p>Uradnega policijskega poro\u010dila o dogodku \u0161e ni.\u00a0<\/p>\n","protected":false},"excerpt":{"rendered":"V eni od skupin na dru\u017ebenem omre\u017eju Facebook se je pojavil videoposnetek policijskega posredovanja v Kamniku. Na posnetku&hellip;\n","protected":false},"author":2,"featured_media":214401,"comment_status":"","ping_status":"","sticky":false,"template":"","format":"standard","meta":{"footnotes":"","_share_on_mastodon":"0"},"categories":[6],"tags":[164,7960,326,59,61,62,37,58,60,38],"class_list":["post-214400","post","type-post","status-publish","format-standard","has-post-thumbnail","category-slovenija","tag-kamnik","tag-motorist","tag-policija","tag-republic-of-slovenia","tag-republika-slovenija","tag-si","tag-slovene","tag-slovenia","tag-slovenija","tag-slovenscina"],"share_on_mastodon":{"url":"https:\/\/pubeurope.com\/@si\/117208296165279794","error":""},"_links":{"self":[{"href":"https:\/\/www.europesays.com\/si\/wp-json\/wp\/v2\/posts\/214400","targetHints":{"allow":["GET"]}}],"collection":[{"href":"https:\/\/www.europesays.com\/si\/wp-json\/wp\/v2\/posts"}],"about":[{"href":"https:\/\/www.europesays.com\/si\/wp-json\/wp\/v2\/types\/post"}],"author":[{"embeddable":true,"href":"https:\/\/www.europesays.com\/si\/wp-json\/wp\/v2\/users\/2"}],"replies":[{"embeddable":true,"href":"https:\/\/www.europesays.com\/si\/wp-json\/wp\/v2\/comments?post=214400"}],"version-history":[{"count":0,"href":"https:\/\/www.europesays.com\/si\/wp-json\/wp\/v2\/posts\/214400\/revisions"}],"wp:featuredmedia":[{"embeddable":true,"href":"https:\/\/www.europesays.com\/si\/wp-json\/wp\/v2\/media\/214401"}],"wp:attachment":[{"href":"https:\/\/www.europesays.com\/si\/wp-json\/wp\/v2\/media?parent=214400"}],"wp:term":[{"taxonomy":"category","embeddable":true,"href":"https:\/\/www.europesays.com\/si\/wp-json\/wp\/v2\/categories?post=214400"},{"taxonomy":"post_tag","embeddable":true,"href":"https:\/\/www.europesays.com\/si\/wp-json\/wp\/v2\/tags?post=214400"}],"curies":[{"name":"wp","href":"https:\/\/api.w.org\/{rel}","templated":true}]}}