{"id":214414,"date":"2026-09-03T17:47:11","date_gmt":"2026-09-03T17:47:11","guid":{"rendered":"https:\/\/www.europesays.com\/si\/214414\/"},"modified":"2026-09-03T17:47:11","modified_gmt":"2026-09-03T17:47:11","slug":"video-iz-kamnika-na-tleh-ga-je-obvladoval-policist-prispelo-vec-patrulj","status":"publish","type":"post","link":"https:\/\/www.europesays.com\/si\/214414\/","title":{"rendered":"Video iz Kamnika: Na tleh ga je obvladoval policist, prispelo ve\u010d patrulj"},"content":{"rendered":"<p>Drama sredi Kamnika. Policist je na tleh obvladal motorista. Videoposnetki so \u017ee spro\u017eili o\u010ditke o uporabi sile.<\/p>\n<p>Na dru\u017ebenih omre\u017ejih so zaokro\u017eili videoposnetki\u00a0policijskega posredovanja v <a href=\"https:\/\/www.zurnal24.si\/kljucne-besede\/kamnik-6140\/articles\" rel=\"nofollow noopener\" target=\"_blank\">Kamniku<\/a>. Na njih\u00a0je mogo\u010de videti policista, ki na vozi\u0161\u010du obvladuje\u00a0osebo s \u010delado, v neposredni bli\u017eini pa na tleh le\u017ei modro motorno vozilo.\u00a0<\/p>\n<p>Na kraju dogajanja je bil tudi novinar\u00a0<a href=\"https:\/\/www.zurnal24.si\/\" rel=\"nofollow noopener\" target=\"_blank\">\u017durnala24<\/a>.\u00a0Po za\u010detku posredovanja se je na kraju zbralo okoli deset policistov, obmo\u010dje pa so ogradili\u00a0s policijskim trakom.<\/p>\n<p>Doma\u010dini opozarjajo na dolgotrajne te\u017eave<\/p>\n<p>Prebivalec\u00a0Kamnika je za na\u0161 portal povedal, da na tem obmo\u010dju \u017ee dalj \u010dasa opa\u017eajo vo\u017enje s skuterji, kros motorji in predelanimi motornimi vozili. Po njegovih\u00a0navedbah nekateri vozniki povzro\u010dajo prekomeren hrup, vozijo po zadnjem kolesu in celo izzivajo policiste.<\/p>\n<p>Na dru\u017ebenih omre\u017ejih so se po objavi videoposnetkov takoj pojavili o\u010ditki, da je policist pri prijetju uporabil preveliko silo.\u00a0Na\u0161 sogovornik\u00a0je\u00a0kljub kritikam na ra\u010dun na\u010dina posredovanja policistom stopili v bran. &#8220;Prav je, da so kon\u010dno nekaj ukrenili,&#8221; je dejal na\u0161 sogovornik. Podobni odzivi so se pojavili tudi med nekaterimi drugimi doma\u010dini, ki so naveli\u010dani ponavljajo\u010dega se hrupa in nevarnih vo\u017eenj.<\/p>\n<p>Uradne potrditve, ali je oseba z videoposnetkov povezana s katerim od opisanih preteklih dogodkov, sicer \u0161e nismo prejeli.\u00a0Na Policijsko upravo Ljubljana smo naslovili ve\u010d vpra\u0161anj o razlogih za intervencijo, poteku dogodka in uporabi prisilnih sredstev. Zanima nas tudi, ali je oseba upo\u0161tevala ukaze policistov, ali se je postopku upirala, ali je bil kdo po\u0161kodovan in zakaj je bilo na kraj napotenih toliko policistov. <a href=\"https:\/\/www.policija.si\/\" rel=\"nofollow noopener\" target=\"_blank\">Policijo<\/a> smo vpra\u0161ali tudi, ali bo zaradi o\u010ditkov, ki so se pojavili na dru\u017ebenih omre\u017ejih, preverila zakonitost in sorazmernost uporabljenih ukrepov. Njihova pojasnila bomo objavili takoj, ko jih prejmemo.<\/p>\n<p><a href=\"https:\/\/www.zurnal24.si\/slovenija\/mailto:dezurni@styria-media.si\" rel=\"nofollow noopener\" target=\"_blank\">dezurni@styria-media.si<\/a><\/p>\n","protected":false},"excerpt":{"rendered":"Drama sredi Kamnika. Policist je na tleh obvladal motorista. Videoposnetki so \u017ee spro\u017eili o\u010ditke o uporabi sile. Na&hellip;\n","protected":false},"author":2,"featured_media":214415,"comment_status":"","ping_status":"","sticky":false,"template":"","format":"standard","meta":{"footnotes":"","_share_on_mastodon":"0"},"categories":[6],"tags":[164,7960,17202,326,953,59,61,62,37,58,60,38,1081,6146],"class_list":["post-214414","post","type-post","status-publish","format-standard","has-post-thumbnail","category-slovenija","tag-kamnik","tag-motorist","tag-motorji","tag-policija","tag-pridrzanje","tag-republic-of-slovenia","tag-republika-slovenija","tag-si","tag-slovene","tag-slovenia","tag-slovenija","tag-slovenscina","tag-video","tag-videoposnetek"],"share_on_mastodon":{"url":"https:\/\/pubeurope.com\/@si\/117208366727744977","error":""},"_links":{"self":[{"href":"https:\/\/www.europesays.com\/si\/wp-json\/wp\/v2\/posts\/214414","targetHints":{"allow":["GET"]}}],"collection":[{"href":"https:\/\/www.europesays.com\/si\/wp-json\/wp\/v2\/posts"}],"about":[{"href":"https:\/\/www.europesays.com\/si\/wp-json\/wp\/v2\/types\/post"}],"author":[{"embeddable":true,"href":"https:\/\/www.europesays.com\/si\/wp-json\/wp\/v2\/users\/2"}],"replies":[{"embeddable":true,"href":"https:\/\/www.europesays.com\/si\/wp-json\/wp\/v2\/comments?post=214414"}],"version-history":[{"count":0,"href":"https:\/\/www.europesays.com\/si\/wp-json\/wp\/v2\/posts\/214414\/revisions"}],"wp:featuredmedia":[{"embeddable":true,"href":"https:\/\/www.europesays.com\/si\/wp-json\/wp\/v2\/media\/214415"}],"wp:attachment":[{"href":"https:\/\/www.europesays.com\/si\/wp-json\/wp\/v2\/media?parent=214414"}],"wp:term":[{"taxonomy":"category","embeddable":true,"href":"https:\/\/www.europesays.com\/si\/wp-json\/wp\/v2\/categories?post=214414"},{"taxonomy":"post_tag","embeddable":true,"href":"https:\/\/www.europesays.com\/si\/wp-json\/wp\/v2\/tags?post=214414"}],"curies":[{"name":"wp","href":"https:\/\/api.w.org\/{rel}","templated":true}]}}