{"id":214420,"date":"2026-09-03T17:58:08","date_gmt":"2026-09-03T17:58:08","guid":{"rendered":"https:\/\/www.europesays.com\/si\/214420\/"},"modified":"2026-09-03T17:58:08","modified_gmt":"2026-09-03T17:58:08","slug":"po-fazaniranju-dve-dekleti-pristali-na-pediatricni-kliniki","status":"publish","type":"post","link":"https:\/\/www.europesays.com\/si\/214420\/","title":{"rendered":"Po fazaniranju dve dekleti pristali na Pediatri\u010dni kliniki"},"content":{"rendered":"<p>Toksikologinja opozarja na nevarnost barvnih sprejev.<\/p>\n<p>V nadaljevanju preberite:<\/p>\n<p>Po fazaniranju so v Pediatri\u010dni kliniki v Ljubljani obravnavali dve dekleti.<br \/>\nFazaniranje se je letos dogajalo na skoraj dveh tretjinah \u0161ol.<br \/>\nBarvni spreji lahko dra\u017eijo dihala, ko\u017eo in o\u010di.<\/p>\n<p>Na prvi \u0161olski dan so slovenske ulice znova preplavili porisani ter z moko, jajci in drugimi snovmi posuti dijaki prvih letnikov. Tradicionalno <a href=\"https:\/\/www.zurnal24.si\/kljucne-besede\/fazaniranje-61831\/articles\" rel=\"nofollow noopener\" target=\"_blank\">fazaniranje<\/a> pa se ni povsod kon\u010dalo nedol\u017eno. Na Pediatri\u010dni kliniki v Ljubljani so obravnavali dve dekleti, <a href=\"https:\/\/www.zurnal24.si\/slovenija\/kaos-v-srediscu-maribora-zaposleni-klicali-policijo-posredovali-tudi-resevalci-464486\" rel=\"nofollow noopener\" target=\"_blank\">v Mariboru pa je ena od dijakinj v mno\u017eici izgubila zavest<\/a>, smo poro\u010dali.<\/p>\n<p><a class=\"related_article__link\" href=\"https:\/\/www.zurnal24.si\/slovenija\/kaos-v-srediscu-maribora-zaposleni-klicali-policijo-posredovali-tudi-resevalci-464486\" rel=\"nofollow noopener\" target=\"_blank\"><\/p>\n<p><img loading=\"lazy\" decoding=\"async\" alt=\"mesto maribor\" class=\"related_article__image\" data-size=\"100x100\" height=\"100\" src=\"https:\/\/www.europesays.com\/si\/wp-content\/uploads\/2026\/09\/652d0c18ec0c5c58ae5c.jpeg\" width=\"100\"\/><\/p>\n<p><\/a><\/p>\n<p><a href=\"https:\/\/www.zurnal24.si\/slovenija\/kaos-v-srediscu-maribora-zaposleni-klicali-policijo-posredovali-tudi-resevalci-464486\" rel=\"nofollow noopener\" target=\"_blank\"><br \/>\n<\/a><\/p>\n<p><a href=\"https:\/\/www.zurnal24.si\/slovenija\" rel=\"nofollow noopener\" target=\"_blank\"><br \/>\n                Slovenija<br \/>\n            <\/a><\/p>\n<p><a href=\"https:\/\/www.zurnal24.si\/slovenija\/kaos-v-srediscu-maribora-zaposleni-klicali-policijo-posredovali-tudi-resevalci-464486\" rel=\"nofollow noopener\" target=\"_blank\"><\/p>\n<p>                Kaos v sredi\u0161\u010du Maribora: Zaposleni klicali policijo, posredovali tudi re\u0161evalci<\/p>\n<p>            <\/a><\/p>\n<p>Iz <a href=\"https:\/\/www.kclj.si\/\" rel=\"nofollow noopener\" target=\"_blank\">UKC Ljubljana<\/a> so za Delo pojasnili, da pri obravnavanih dekletih ni mogo\u010de potrditi neposredne povezave med slabim po\u010dutjem in vdihavanjem barv. \u0160lo naj bi za splet ve\u010d okoli\u0161\u010din, predvsem za premalo zau\u017eite teko\u010dine in iz\u010drpanost.<\/p>\n<p>Fazaniranje se je dogajalo na skoraj dveh tretjinah \u0161ol<\/p>\n<p><a href=\"https:\/\/nijz.si\/moje-okolje\/kemijska-varnost\/tveganje-za-poskodbe-koze-pri-fazaniranju\/\" rel=\"nofollow noopener\" target=\"_blank\">Nacionalni in\u0161titut za javno zdravje (NIJZ)<\/a>\u00a0je v raziskavi, v katero je bilo vklju\u010denih 118 srednjih \u0161ol, ugotovil, da je popisovanje teles dijakov prvih letnikov precej raz\u0161irjeno.<\/p>\n<p>Tak\u0161no prakso so letos potrdili na skoraj dveh tretjinah sodelujo\u010dih \u0161ol.<\/p>\n<p>Starej\u0161i dijaki so pri popisovanju uporabljali razli\u010dna sredstva, med drugim alkoholne in druge flomastre, razpr\u0161ila, kemi\u010dne svin\u010dnike in li\u010dila. Strokovnjaki niso bili seznanjeni s tem, katero vrsto barve v pr\u0161ilu so mladoletniki uporabljali. Po nekaterih navedbah naj bi \u0161lo za akrilne barve. \u010ceprav je ve\u010dina razpr\u0161il z akrilnimi barvami izdelana na vodni osnovi in ozna\u010dena kot netoksi\u010dna, toksikologinja dr. Tanja Varl Turk\u00a0za Delo opozarja, da so ti izdelki namenjeni barvanju predmetov, ne ljudi.\u00a0V njihovih varnostnih listih so pogosto navedena tudi priporo\u010dila o uporabi za\u0161\u010ditne opreme, predvsem maske za za\u0161\u010dito dihal. Med pr\u0161enjem namre\u010d nastajajo drobni delci, ki so lahko \u0161kodljivi za dihala. Na <a href=\"https:\/\/nijz.si\/zivljenjski-slog\/fazaniranje-zabava-ne-sme-postati-nevarna\/\" rel=\"nofollow noopener\" target=\"_blank\">NIJZ so zato posebej opozorili na mo\u017enost po\u0161kodb ko\u017ee<\/a>.<\/p>\n<p><img decoding=\"async\" alt=\"slovenija 02.09.13, fazani, dijaki, prvi solski dan, krst srednjesolcev prvega l | Avtor: An\u017ee Petkov\u0161ek\" class=\"rwd\" data-href=\"https:\/\/www.zurnal24.si\/media\/img\/8b\/55\/21b7c93d26be5dea6b47.jpeg\" itemprop=\"image\" src=\"\/media\/img\/5f\/1d\/83f101036866dd1e1ae6.jpeg\"\/><\/p>\n<p>                An\u017ee Petkov\u0161ek<\/p>\n<p>Barvna razpr\u0161ila prina\u0161ajo tudi po\u017earno nevarnost. Gre za vnetljiv aerosol, posoda pa je pod tlakom. Ob segrevanju ali neprimernem ravnanju lahko eksplodira.<\/p>\n<p><a href=\"https:\/\/www.zurnal24.si\/slovenija\/mailto:dezurni@styria-media.si\" rel=\"nofollow noopener\" target=\"_blank\">dezurni@styria-media.si<\/a><\/p>\n","protected":false},"excerpt":{"rendered":"Toksikologinja opozarja na nevarnost barvnih sprejev. V nadaljevanju preberite: Po fazaniranju so v Pediatri\u010dni kliniki v Ljubljani obravnavali&hellip;\n","protected":false},"author":2,"featured_media":214421,"comment_status":"","ping_status":"","sticky":false,"template":"","format":"standard","meta":{"footnotes":"","_share_on_mastodon":"0"},"categories":[21],"tags":[6324,51839,124,150,52388,2177,503,14514,52387,48391,62,37,58,60,38,4391,2346],"class_list":["post-214420","post","type-post","status-publish","format-standard","has-post-thumbnail","category-ljubljana","tag-dijaki","tag-fazaniranje","tag-ljubljana","tag-maribor","tag-nacionalni-institut-za-javno-zdravje","tag-nijz","tag-otroci","tag-pediatricna-klinika","tag-prvi-dan-sole","tag-prvi-solski-dan","tag-si","tag-slovene","tag-slovenia","tag-slovenija","tag-slovenscina","tag-ukc-ljubljana","tag-ukc-maribor"],"share_on_mastodon":{"url":"https:\/\/pubeurope.com\/@si\/117208410521067842","error":""},"_links":{"self":[{"href":"https:\/\/www.europesays.com\/si\/wp-json\/wp\/v2\/posts\/214420","targetHints":{"allow":["GET"]}}],"collection":[{"href":"https:\/\/www.europesays.com\/si\/wp-json\/wp\/v2\/posts"}],"about":[{"href":"https:\/\/www.europesays.com\/si\/wp-json\/wp\/v2\/types\/post"}],"author":[{"embeddable":true,"href":"https:\/\/www.europesays.com\/si\/wp-json\/wp\/v2\/users\/2"}],"replies":[{"embeddable":true,"href":"https:\/\/www.europesays.com\/si\/wp-json\/wp\/v2\/comments?post=214420"}],"version-history":[{"count":0,"href":"https:\/\/www.europesays.com\/si\/wp-json\/wp\/v2\/posts\/214420\/revisions"}],"wp:featuredmedia":[{"embeddable":true,"href":"https:\/\/www.europesays.com\/si\/wp-json\/wp\/v2\/media\/214421"}],"wp:attachment":[{"href":"https:\/\/www.europesays.com\/si\/wp-json\/wp\/v2\/media?parent=214420"}],"wp:term":[{"taxonomy":"category","embeddable":true,"href":"https:\/\/www.europesays.com\/si\/wp-json\/wp\/v2\/categories?post=214420"},{"taxonomy":"post_tag","embeddable":true,"href":"https:\/\/www.europesays.com\/si\/wp-json\/wp\/v2\/tags?post=214420"}],"curies":[{"name":"wp","href":"https:\/\/api.w.org\/{rel}","templated":true}]}}