{"id":214444,"date":"2026-09-03T18:19:15","date_gmt":"2026-09-03T18:19:15","guid":{"rendered":"https:\/\/www.europesays.com\/si\/214444\/"},"modified":"2026-09-03T18:19:15","modified_gmt":"2026-09-03T18:19:15","slug":"bepicolombo-po-osmih-letih-na-pragu-merkurja","status":"publish","type":"post","link":"https:\/\/www.europesays.com\/si\/214444\/","title":{"rendered":"BepiColombo po osmih letih na pragu Merkurja"},"content":{"rendered":"<p>Znanstveni plovili sta se uspe\u0161no lo\u010dili od transfernega modula, so potrdili pri Esi.<\/p>\n<p><img decoding=\"async\" class=\"articlePicture_image__om2Oc\" src=\"https:\/\/www.europesays.com\/si\/wp-content\/uploads\/2026\/09\/3714318.width-660.format-webp.webp\" alt=\"Plovilo je \u0161estkrat obletelo Merkur, da se je ustrezno poravnalo na pot do utirjenja v orbito. Fotografije polov so z obleta januarja lani. V nekatere kraterje Sonce nikoli ne posveti in tako so med najhladnej\u0161imi kraji v oson\u010dju, kljub temu da je Merkur najbli\u017ee Soncu. FOTO: Esa\/BepiColombo\/MTM\" img_id=\"15060042\"\/><\/p>\n<p> Galerija<\/p>\n<p>Plovilo je \u0161estkrat obletelo Merkur, da se je ustrezno poravnalo na pot do utirjenja v orbito. Fotografije polov so z obleta januarja lani. V nekatere kraterje Sonce nikoli ne posveti in tako so med najhladnej\u0161imi kraji v oson\u010dju, kljub temu da je Merkur najbli\u017ee Soncu. FOTO: Esa\/BepiColombo\/MTM<\/p>\n<p>Po osmih letih potovanja po planetarni sose\u0161\u010dini bo evropsko-japonski BepiColombo prispel do svojega cilja. V minulih letih se je Merkurju sicer \u017ee ve\u010dkrat pribli\u017eal, danes pa bo naredil prvi korak do kon\u010dnega utirjenja v orbito okoli planeta. Kot pravijo pri Evropski vesoljski agenciji (Esa), gre lahko v tej fazi marsikaj narobe. \u010ce bo \u0161lo vse prav, bo kompleksna odprava, sestavljena iz dveh plovil, morda razkrila, kako je sploh nastal Merkur in kaj ima z njim na\u0161a Luna.<br \/>\nPot do Merkurja je zahtevna. Sploh zadnjih \u00bbnekaj metrov\u00ab. Prvi korak do cilja je bila lo\u010ditev transfernega modula, ki je v osmih letih zagotavljal energijo in pogon, od znanstvenih plovil \u2013 evropskega planetarnega orbiterja (MPO) in japonskega magneto\u00adsferskega orbiterja (MIO). Lo\u010ditev od transfernega modula se je &#8230;<\/p>\n","protected":false},"excerpt":{"rendered":"Znanstveni plovili sta se uspe\u0161no lo\u010dili od transfernega modula, so potrdili pri Esi. Galerija Plovilo je \u0161estkrat obletelo&hellip;\n","protected":false},"author":2,"featured_media":214445,"comment_status":"","ping_status":"","sticky":false,"template":"","format":"standard","meta":{"footnotes":"","_share_on_mastodon":"0"},"categories":[12],"tags":[52392,5303,5304,28859,4223,1893,62,37,58,60,38,89,90,2535],"class_list":["post-214444","post","type-post","status-publish","format-standard","has-post-thumbnail","category-tehnologija","tag-bepicolombo","tag-esa","tag-evropska-vesoljska-agencija","tag-jaxa","tag-merkur","tag-planet","tag-si","tag-slovene","tag-slovenia","tag-slovenija","tag-slovenscina","tag-technology","tag-tehnologija","tag-vesolje"],"share_on_mastodon":{"url":"https:\/\/pubeurope.com\/@si\/117208492495329528","error":""},"_links":{"self":[{"href":"https:\/\/www.europesays.com\/si\/wp-json\/wp\/v2\/posts\/214444","targetHints":{"allow":["GET"]}}],"collection":[{"href":"https:\/\/www.europesays.com\/si\/wp-json\/wp\/v2\/posts"}],"about":[{"href":"https:\/\/www.europesays.com\/si\/wp-json\/wp\/v2\/types\/post"}],"author":[{"embeddable":true,"href":"https:\/\/www.europesays.com\/si\/wp-json\/wp\/v2\/users\/2"}],"replies":[{"embeddable":true,"href":"https:\/\/www.europesays.com\/si\/wp-json\/wp\/v2\/comments?post=214444"}],"version-history":[{"count":0,"href":"https:\/\/www.europesays.com\/si\/wp-json\/wp\/v2\/posts\/214444\/revisions"}],"wp:featuredmedia":[{"embeddable":true,"href":"https:\/\/www.europesays.com\/si\/wp-json\/wp\/v2\/media\/214445"}],"wp:attachment":[{"href":"https:\/\/www.europesays.com\/si\/wp-json\/wp\/v2\/media?parent=214444"}],"wp:term":[{"taxonomy":"category","embeddable":true,"href":"https:\/\/www.europesays.com\/si\/wp-json\/wp\/v2\/categories?post=214444"},{"taxonomy":"post_tag","embeddable":true,"href":"https:\/\/www.europesays.com\/si\/wp-json\/wp\/v2\/tags?post=214444"}],"curies":[{"name":"wp","href":"https:\/\/api.w.org\/{rel}","templated":true}]}}